{"id":41360,"date":"2024-04-17T12:11:42","date_gmt":"2024-04-17T15:11:42","guid":{"rendered":"https:\/\/radiorevelacionfm.cl\/?p=41360"},"modified":"2024-04-17T12:11:42","modified_gmt":"2024-04-17T15:11:42","slug":"senama-aumenta-al-doble-presupuesto-2024-lanzan-fondo-nacional-del-adulto-mayor-en-aysen","status":"publish","type":"post","link":"https:\/\/radiorevelacionfm.cl\/?p=41360","title":{"rendered":"Senama aumenta al doble presupuesto 2024: Lanzan fondo nacional del adulto mayor en Ays\u00e9n"},"content":{"rendered":"<div class=\"flex_column av_one_full  flex_column_div av-zero-column-padding first  avia-builder-el-0  el_before_av_one_full  avia-builder-el-first  \" style='border-radius:0px; '><div  class='avia-image-container  av-styling-    avia-builder-el-1  avia-builder-el-no-sibling  avia-align-center '  itemprop=\"image\" itemscope=\"itemscope\" itemtype=\"https:\/\/schema.org\/ImageObject\"  ><div class='avia-image-container-inner'><div class='avia-image-overlay-wrap'><img decoding=\"async\" class='wp-image-41361 avia-img-lazy-loading-not-41361 avia_image' src=\"https:\/\/radiorevelacionfm.cl\/wp-content\/uploads\/2024\/04\/senama-3-1_optimized-1.jpeg\" alt='' title='senama-3-(1)_optimized (1)' height=\"600\" width=\"1067\"  itemprop=\"thumbnailUrl\" srcset=\"https:\/\/radiorevelacionfm.cl\/wp-content\/uploads\/2024\/04\/senama-3-1_optimized-1.jpeg 1067w, https:\/\/radiorevelacionfm.cl\/wp-content\/uploads\/2024\/04\/senama-3-1_optimized-1-300x169.jpeg 300w, https:\/\/radiorevelacionfm.cl\/wp-content\/uploads\/2024\/04\/senama-3-1_optimized-1-1030x579.jpeg 1030w, https:\/\/radiorevelacionfm.cl\/wp-content\/uploads\/2024\/04\/senama-3-1_optimized-1-768x432.jpeg 768w, https:\/\/radiorevelacionfm.cl\/wp-content\/uploads\/2024\/04\/senama-3-1_optimized-1-705x396.jpeg 705w, https:\/\/radiorevelacionfm.cl\/wp-content\/uploads\/2024\/04\/senama-3-1_optimized-1-450x253.jpeg 450w, https:\/\/radiorevelacionfm.cl\/wp-content\/uploads\/2024\/04\/senama-3-1_optimized-1-600x337.jpeg 600w\" sizes=\"(max-width: 1067px) 100vw, 1067px\" \/><\/div><\/div><\/div><\/div><div class=\"flex_column av_one_full  flex_column_div av-zero-column-padding first  avia-builder-el-2  el_after_av_one_full  el_before_av_one_full  column-top-margin\" style='border-radius:0px; '><section class=\"av_textblock_section \"  itemscope=\"itemscope\" itemtype=\"https:\/\/schema.org\/BlogPosting\" itemprop=\"blogPost\" ><div class='avia_textblock  '   itemprop=\"text\" ><p style=\"text-align: center;\"><strong><span style=\"font-size: 18pt;\">Senama aumenta al doble presupuesto 2024: Lanzan fondo nacional del adulto mayor en Ays\u00e9n<\/span><\/strong><\/p>\n<div id=\"gtx-trans\" style=\"position: absolute; left: -50px; top: 4.31534px;\">\n<div class=\"gtx-trans-icon\"><\/div>\n<\/div>\n<\/div><\/section><\/div><div class=\"flex_column av_one_full  flex_column_div av-zero-column-padding first  avia-builder-el-4  el_after_av_one_full  el_before_av_hr  column-top-margin\" style='border-radius:0px; '><section class=\"av_textblock_section \"  itemscope=\"itemscope\" itemtype=\"https:\/\/schema.org\/BlogPosting\" itemprop=\"blogPost\" ><div class='avia_textblock  '   itemprop=\"text\" ><p class=\"v1elementToProof\" style=\"text-align: justify;\"><i>Las organizaciones de personas mayores podr\u00e1n postular hasta el 24 de mayo de 2024, en las Coordinaciones Regionales de SENAMA, en las Delegaciones Presidenciales Provinciales y a trav\u00e9s de la p\u00e1gina web\u00a0<\/i><a id=\"v1LPlnk787732\" href=\"http:\/\/www.senama.gob.cl\/\" target=\"_blank\" rel=\"noopener noreferrer\">www.senama.gob.cl<\/a>.<\/p>\n<p style=\"text-align: justify;\">Desarrollar actividades productivas, comprar nueva indumentaria o concretar ese esperado viaje son solo algunos de los proyectos que las organizaciones de personas mayores pueden postular este a\u00f1o al Fondo Nacional del Adulto Mayor, que impulsa el Servicio Nacional del Adulto Mayor (SENAMA), en su l\u00ednea Autogestionados.<\/p>\n<p style=\"text-align: justify;\">La ceremonia de lanzamiento de este fondo concursable estuvo encabezada por la Coordinadora regional de SENAMA, Claudia Andaur Andaur, la Seremi de Desarrollo Social y Familia, Karina Acevedo Auad y el Seremi de Justicia y Derechos Humanos Samuel Navarro, quienes invitaron a las organizaciones a postular, valorando los proyectos que resultaron adjudicados el a\u00f1o pasado y donde las personas mayores asistentes destacaron la importancia de estos recursos para promover la participaci\u00f3n, la autonom\u00eda y mejorar su calidad de vida.<\/p>\n<p style=\"text-align: justify;\">As\u00ed lo dio a conocer el Presidente del Consejo de personas mayores V\u00edctor Soto \u00abEste Fondo\u00a0del Senama\u00a0especialmente, es bastante amigable. Creo que es uno de los m\u00e1s amigables de los que existen hoy en d\u00eda y aunque es peque\u00f1o sin lugar a dudas, tiene grandes aspectos que hay que dimensionar, por ejemplo, la agrupaci\u00f3n debe reunirse, debe conversar, deben manifestar ideas de lo que se podr\u00eda hacer. Por tanto, se crea la capacidad de un trabajo en equipo para poder elaborar este proyecto\u00bb<\/p>\n<p style=\"text-align: justify;\">Para este a\u00f1o, el Fondo Nacional del Adulto Mayor considera recursos a nivel regional $ 69.766.437 millones de pesos, los que permitir\u00e1n financiar las iniciativas de las organizaciones y clubes de personas mayores en \u00e1mbitos como voluntariado, vida saludable, fortalecimiento institucional, habilitaci\u00f3n y\/o equipamiento, actividades que transforman vidas, alfabetizaci\u00f3n digital y recreaci\u00f3n.<\/p>\n<p style=\"text-align: justify;\">La coordinadora regional de SENAMA, Claudia Andaur Andaur destac\u00f3 que \u00abel Fondo Nacional del Adulto Mayor forma parte de las pol\u00edticas del Gobierno del Presidente Gabriel Boric para favorecer la integraci\u00f3n social de las personas mayores, a trav\u00e9s de acciones de apoyo que desarrollen su capacidad de autogesti\u00f3n y asociatividad en el marco del respeto por sus derechos. Esta iniciativa emblem\u00e1tica de SENAMA contribuye a promover el envejecimiento digno, activo y saludable, adem\u00e1s de conectar a las personas mayores con sus pares y con las redes de apoyo local, d\u00e1ndole un nuevo sentido a esta etapa de la vida\u00bb.<\/p>\n<p style=\"text-align: justify;\">Invitando a postular y haciendo un breve alto para relevar la labor de una emblem\u00e1tica dirigenta mayor Ernestina Colis ante su reciente partida, la Seremi de Desarrollo Social y Familia Karina Acevedo indic\u00f3 \u00bb Quiero\u00a0extender mis condolencias a la familia, Ernestina fue una dirigente que precisamente este era un fondo que promov\u00eda e impulsaba a las diferentes organizaciones tuvimos el honor de reconocerla el a\u00f1o pasado en los 50 a\u00f1os de del Golpe de Estado, donde tuvo un rol importante apoyando a otras organizaciones que requer\u00edan del apoyo en momentos duros. Por otro lado, relevar que este fondo permite dise\u00f1ar lo que cada agrupaci\u00f3n decida, desde viajar a hacer actividades internas, permite crecer y trabajar lo que cada organizaci\u00f3n decide, es una autogesti\u00f3n. Lo importante es que en esta oportunidad logramos casi duplicar este fondo al llegar a casi 70 millones de pesos, que van a poder ser distribuidos a lo largo de toda la regi\u00f3n en las diferentes organizaciones\u00bb.<\/p>\n<p style=\"text-align: justify;\">Las organizaciones de mayores pueden retirar las Bases, formularios y Manual de Apoyo a la Postulaci\u00f3n del concurso en las Coordinaciones Regionales de SENAMA o en las Delegaciones Presidenciales Provinciales. Tambi\u00e9n pueden descargar el material en la p\u00e1gina web de SENAMA,\u00a0<a id=\"v1OWA86316624-0563-13d2-1c00-15a42709fcf1\" class=\"v1OWAAutoLink\" href=\"http:\/\/www.senama.gob.cl\/\" target=\"_blank\" rel=\"noopener noreferrer\">www.senama.gob.cl<\/a>. Asimismo, estar\u00e1 disponible el correo\u00a0<a id=\"v1OWAd0b242c7-73a7-801a-615e-3ebf82d7c766\" class=\"v1OWAAutoLink\" href=\"mailto:fondo@senama.cl\" rel=\"noreferrer\">fondo@senama.cl<\/a>\u00a0y el whatsapp +56920807488\u00a0para responder dudas, consultas o entregar orientaci\u00f3n.<\/p>\n<\/div><\/section><\/div><div  style='height:50px' class='hr hr-invisible   avia-builder-el-6  el_after_av_one_full  el_before_av_social_share '><span class='hr-inner ' ><span class='hr-inner-style'><\/span><\/span><\/div><\/p>\n<div  class='av-social-sharing-box  avia-builder-el-7  el_after_av_hr  el_before_av_hr  '><div class='av-share-box'><h5 class='av-share-link-description av-no-toc '>Compartir esta noticia<\/h5><ul class='av-share-box-list noLightbox'><li class='av-share-link av-social-link-facebook' ><a target=\"_blank\" aria-label=\"Compartir en Facebook\" href='https:\/\/www.facebook.com\/sharer.php?u=https:\/\/radiorevelacionfm.cl\/?p=41360&#038;t=Senama%20aumenta%20al%20doble%20presupuesto%202024%3A%20Lanzan%20fondo%20nacional%20del%20adulto%20mayor%20en%20Ays%C3%A9n' aria-hidden='false' data-av_icon='\ue8f3' data-av_iconfont='entypo-fontello' title='' data-avia-related-tooltip='Compartir en Facebook' rel=\"noopener\"><span class='avia_hidden_link_text'>Compartir en Facebook<\/span><\/a><\/li><li class='av-share-link av-social-link-twitter' ><a target=\"_blank\" aria-label=\"Compartir en Twitter\" href='https:\/\/twitter.com\/share?text=Senama%20aumenta%20al%20doble%20presupuesto%202024%3A%20Lanzan%20fondo%20nacional%20del%20adulto%20mayor%20en%20Ays%C3%A9n&#038;url=https:\/\/radiorevelacionfm.cl\/?p=41360' aria-hidden='false' data-av_icon='\ue8f1' data-av_iconfont='entypo-fontello' title='' data-avia-related-tooltip='Compartir en Twitter' rel=\"noopener\"><span class='avia_hidden_link_text'>Compartir en Twitter<\/span><\/a><\/li><li class='av-share-link av-social-link-whatsapp' ><a target=\"_blank\" aria-label=\"Compartir en Whatsapp\" href='https:\/\/api.whatsapp.com\/send?text=https:\/\/radiorevelacionfm.cl\/?p=41360' aria-hidden='false' data-av_icon='\uf232' data-av_iconfont='entypo-fontello' title='' data-avia-related-tooltip='Compartir en Whatsapp' rel=\"noopener\"><span class='avia_hidden_link_text'>Compartir en Whatsapp<\/span><\/a><\/li><li class='av-share-link av-social-link-linkedin' ><a target=\"_blank\" aria-label=\"Compartir en LinkedIn\" href='https:\/\/linkedin.com\/shareArticle?mini=true&#038;title=Senama%20aumenta%20al%20doble%20presupuesto%202024%3A%20Lanzan%20fondo%20nacional%20del%20adulto%20mayor%20en%20Ays%C3%A9n&#038;url=https:\/\/radiorevelacionfm.cl\/?p=41360' aria-hidden='false' data-av_icon='\ue8fc' data-av_iconfont='entypo-fontello' title='' data-avia-related-tooltip='Compartir en LinkedIn' rel=\"noopener\"><span class='avia_hidden_link_text'>Compartir en LinkedIn<\/span><\/a><\/li><li class='av-share-link av-social-link-mail' ><a  aria-label=\"Compartir por correo\" href='mailto:?subject=Senama%20aumenta%20al%20doble%20presupuesto%202024%3A%20Lanzan%20fondo%20nacional%20del%20adulto%20mayor%20en%20Ays%C3%A9n&#038;body=https:\/\/radiorevelacionfm.cl\/?p=41360' aria-hidden='false' data-av_icon='\ue805' data-av_iconfont='entypo-fontello' title='' data-avia-related-tooltip='Compartir por correo'><span class='avia_hidden_link_text'>Compartir por correo<\/span><\/a><\/li><\/ul><\/div><\/div>\n<div  style='height:50px' class='hr hr-invisible   avia-builder-el-8  el_after_av_social_share  el_before_av_comments_list '><span class='hr-inner ' ><span class='hr-inner-style'><\/span><\/span><\/div>\n<div  class='av-buildercomment  av-blog-meta-html-info-disabled av-blog-meta-tag-disabled  '><\/div>\n","protected":false},"excerpt":{"rendered":"","protected":false},"author":1,"featured_media":41361,"comment_status":"open","ping_status":"open","sticky":false,"template":"","format":"standard","meta":{"footnotes":""},"categories":[38],"tags":[],"class_list":["post-41360","post","type-post","status-publish","format-standard","has-post-thumbnail","hentry","category-regional"],"jetpack_featured_media_url":"https:\/\/radiorevelacionfm.cl\/wp-content\/uploads\/2024\/04\/senama-3-1_optimized-1.jpeg","_links":{"self":[{"href":"https:\/\/radiorevelacionfm.cl\/index.php?rest_route=\/wp\/v2\/posts\/41360","targetHints":{"allow":["GET"]}}],"collection":[{"href":"https:\/\/radiorevelacionfm.cl\/index.php?rest_route=\/wp\/v2\/posts"}],"about":[{"href":"https:\/\/radiorevelacionfm.cl\/index.php?rest_route=\/wp\/v2\/types\/post"}],"author":[{"embeddable":true,"href":"https:\/\/radiorevelacionfm.cl\/index.php?rest_route=\/wp\/v2\/users\/1"}],"replies":[{"embeddable":true,"href":"https:\/\/radiorevelacionfm.cl\/index.php?rest_route=%2Fwp%2Fv2%2Fcomments&post=41360"}],"version-history":[{"count":1,"href":"https:\/\/radiorevelacionfm.cl\/index.php?rest_route=\/wp\/v2\/posts\/41360\/revisions"}],"predecessor-version":[{"id":41362,"href":"https:\/\/radiorevelacionfm.cl\/index.php?rest_route=\/wp\/v2\/posts\/41360\/revisions\/41362"}],"wp:featuredmedia":[{"embeddable":true,"href":"https:\/\/radiorevelacionfm.cl\/index.php?rest_route=\/wp\/v2\/media\/41361"}],"wp:attachment":[{"href":"https:\/\/radiorevelacionfm.cl\/index.php?rest_route=%2Fwp%2Fv2%2Fmedia&parent=41360"}],"wp:term":[{"taxonomy":"category","embeddable":true,"href":"https:\/\/radiorevelacionfm.cl\/index.php?rest_route=%2Fwp%2Fv2%2Fcategories&post=41360"},{"taxonomy":"post_tag","embeddable":true,"href":"https:\/\/radiorevelacionfm.cl\/index.php?rest_route=%2Fwp%2Fv2%2Ftags&post=41360"}],"curies":[{"name":"wp","href":"https:\/\/api.w.org\/{rel}","templated":true}]}}