{"id":4135,"date":"2021-05-13T18:40:26","date_gmt":"2021-05-13T21:40:26","guid":{"rendered":"https:\/\/radiorevelacionfm.cl\/?p=4135"},"modified":"2021-05-13T18:40:26","modified_gmt":"2021-05-13T21:40:26","slug":"abren-llamado-para-postular-al-programa-de-habitabilidad-rural-en-la-region-de-aysen","status":"publish","type":"post","link":"https:\/\/radiorevelacionfm.cl\/?p=4135","title":{"rendered":"Abren llamado para postular al Programa de Habitabilidad Rural en la regi\u00f3n de Ays\u00e9n"},"content":{"rendered":"<div class=\"flex_column av_one_full  flex_column_div av-zero-column-padding first  avia-builder-el-0  el_before_av_one_full  avia-builder-el-first  \" style='border-radius:0px; '><div  class='avia-image-container  av-styling-    avia-builder-el-1  avia-builder-el-no-sibling  avia-align-center '  itemprop=\"image\" itemscope=\"itemscope\" itemtype=\"https:\/\/schema.org\/ImageObject\"  ><div class='avia-image-container-inner'><div class='avia-image-overlay-wrap'><img decoding=\"async\" class='wp-image-0 avia-img-lazy-loading-not-0 avia_image' src=\"https:\/\/radiorevelacionfm.cl\/wp-content\/uploads\/2021\/05\/Casa-en-construccion3-1.jpg\" alt='' title=''   itemprop=\"thumbnailUrl\"  \/><\/div><\/div><\/div><\/div><div class=\"flex_column av_one_full  flex_column_div av-zero-column-padding first  avia-builder-el-2  el_after_av_one_full  el_before_av_one_full  column-top-margin\" style='border-radius:0px; '><section class=\"av_textblock_section \"  itemscope=\"itemscope\" itemtype=\"https:\/\/schema.org\/BlogPosting\" itemprop=\"blogPost\" ><div class='avia_textblock  '   itemprop=\"text\" ><p style=\"text-align: center;\"><strong><span style=\"font-size: 18pt;\">Abren llamado para postular al Programa de Habitabilidad Rural en la regi\u00f3n de Ays\u00e9n<\/span><\/strong><\/p>\n<div id=\"gtx-trans\" style=\"position: absolute; left: -50px; top: 4.31534px;\">\n<div class=\"gtx-trans-icon\"><\/div>\n<\/div>\n<\/div><\/section><\/div><div class=\"flex_column av_one_full  flex_column_div av-zero-column-padding first  avia-builder-el-4  el_after_av_one_full  el_before_av_hr  column-top-margin\" style='border-radius:0px; '><section class=\"av_textblock_section \"  itemscope=\"itemscope\" itemtype=\"https:\/\/schema.org\/BlogPosting\" itemprop=\"blogPost\" ><div class='avia_textblock  '   itemprop=\"text\" ><p style=\"text-align: justify;\">El ministro de Vivienda y Urbanismo,\u00a0Felipe Ward, anunci\u00f3 esta ma\u00f1ana el inicio del proceso de postulaciones para el Programa de Habitabilidad Rural DS10 en su modalidad Construcci\u00f3n en Sitio del Residente y Construcci\u00f3n de Conjunto Habitacional, llamado que en su versi\u00f3n 2021 es exclusivamente para acceder a una vivienda nueva.<\/p>\n<p style=\"text-align: justify;\">Se trata de un subsidio que est\u00e1 dirigido a familias que residen en localidades rurales o urbanas con hasta 5 mil habitantes, de acuerdo a los datos demogr\u00e1ficos que consigna el Censo 2002, quienes podr\u00e1n postular hasta el 29 de septiembre de 2021.<\/p>\n<p style=\"text-align: justify;\">El titular del Minvu asegur\u00f3 que \u201ccon nuestro Programa de Habitabilidad Rural damos cobertura a todos los territorios del pa\u00eds, al mismo tiempo que mejoramos la calidad de vida de las personas en entornos rurales. Este subsidio es muy significativo y esperado por las familias que viven en zonas rurales, porque a trav\u00e9s de \u00e9l nos aseguramos de llegar a todas las localidades de Chile, respondiendo a las necesidades locales y respetando el entorno\u201d.<\/p>\n<p style=\"text-align: justify;\">Los proyectos a postular deben responder al territorio donde habitan las familias, recogiendo la arquitectura del lugar, respetando y apoyando la diversidad cultural y productiva existente, junto a una materialidad adecuada que responda al clima de cada localidad.<\/p>\n<p style=\"text-align: justify;\">Este programa da respuesta a la vida rural y es por eso que permite la construcci\u00f3n de una vivienda con recintos complementarios, como gallineros, invernaderos, le\u00f1eras u otros que permitan desarrollar de mejor forma sus actividades, tanto de sustento familiar como productivas, como complemento a la soluci\u00f3n habitacional. En total, a trav\u00e9s del Programa de Habitabilidad Rural bajo la Modalidad de Vivienda Nueva se han beneficiado a 19.433 familias en todo el pa\u00eds<strong>. <\/strong><\/p>\n<p style=\"text-align: justify;\">Sobre el impacto del programa, el ministro Ward indic\u00f3 que el Minvu destinar\u00e1 una inversi\u00f3n de $23.410 millones a lo largo de todo Chile y agreg\u00f3 que \u201ccon este subsidio buscamos fomentar y consolidar la equidad territorial en todo el pa\u00eds, adem\u00e1s de reducir las brechas de acceso y reducir el d\u00e9ficit urbano-habitacional. Tambi\u00e9n, es muy importante ya que se reconocen las caracter\u00edsticas de cada localidad\u201d.<\/p>\n<p style=\"text-align: justify;\">De igual forma el Seremi de Vivienda, Diego Silva, record\u00f3 que el Programa de Habitabilidad Rural cuenta con dos modalidades, tanto para la construcci\u00f3n en terrenos propios de los postulantes como el levantamiento de viviendas en conjuntos habitacionales. \u201cEn la regi\u00f3n hemos trabajado bajo las dos modalidades con muy buenos resultados, lo que se puede ver en diferentes comunas, donde se han concretado proyectos colectivos e individuales de gran calidad, que sin duda marcan un profundo y positivo cambio en la vida de las familias. Hacemos entonces un llamado a los interesados a informarse en nuestra p\u00e1gina web <a href=\"http:\/\/www.minvu.cl\">www.minvu.cl<\/a> o a trav\u00e9s de las opciones telef\u00f3nicas y on line con nuestras oficinas regionales para que puedan recibir la asesor\u00eda que se requiere y postular en las fechas establecidas que son bastante amplias, ya que el plazo se extiende hasta fines del mes de septiembre\u201d, precis\u00f3.<\/p>\n<p style=\"text-align: justify;\">La autoridad regional record\u00f3 tambi\u00e9n que las postulaciones se realizan a trav\u00e9s de \u00a0\u00abEntidades de Gesti\u00f3n Rural\u00bb inscritas en el registro de proveedores del Minvu, las que deben desarrollar un proyecto junto a las familias interesadas para luego postularlo en el llamado correspondiente&#8230;<\/p>\n<p style=\"text-align: justify;\">Finalmente el Seremi destac\u00f3 que debido a la situaci\u00f3n econ\u00f3mica provocada por la pandemia del COVID-19, y de manera excepcional, el ahorro m\u00ednimo a acreditar por las familias ser\u00e1 reducido al 50%.<\/p>\n<\/div><\/section><\/div><div  style='height:50px' class='hr hr-invisible   avia-builder-el-6  el_after_av_one_full  el_before_av_social_share '><span class='hr-inner ' ><span class='hr-inner-style'><\/span><\/span><\/div><\/p>\n<div  class='av-social-sharing-box  avia-builder-el-7  el_after_av_hr  el_before_av_hr  '><div class='av-share-box'><h5 class='av-share-link-description av-no-toc '>Compartir esta noticia<\/h5><ul class='av-share-box-list noLightbox'><li class='av-share-link av-social-link-facebook' ><a target=\"_blank\" aria-label=\"Compartir en Facebook\" href='https:\/\/www.facebook.com\/sharer.php?u=https:\/\/radiorevelacionfm.cl\/?p=4135&#038;t=Abren%20llamado%20para%20postular%20al%20Programa%20de%20Habitabilidad%20Rural%20en%20la%20regi%C3%B3n%20de%20Ays%C3%A9n' aria-hidden='false' data-av_icon='\ue8f3' data-av_iconfont='entypo-fontello' title='' data-avia-related-tooltip='Compartir en Facebook' rel=\"noopener\"><span class='avia_hidden_link_text'>Compartir en Facebook<\/span><\/a><\/li><li class='av-share-link av-social-link-twitter' ><a target=\"_blank\" aria-label=\"Compartir en Twitter\" href='https:\/\/twitter.com\/share?text=Abren%20llamado%20para%20postular%20al%20Programa%20de%20Habitabilidad%20Rural%20en%20la%20regi%C3%B3n%20de%20Ays%C3%A9n&#038;url=https:\/\/radiorevelacionfm.cl\/?p=4135' aria-hidden='false' data-av_icon='\ue8f1' data-av_iconfont='entypo-fontello' title='' data-avia-related-tooltip='Compartir en Twitter' rel=\"noopener\"><span class='avia_hidden_link_text'>Compartir en Twitter<\/span><\/a><\/li><li class='av-share-link av-social-link-whatsapp' ><a target=\"_blank\" aria-label=\"Compartir en Whatsapp\" href='https:\/\/api.whatsapp.com\/send?text=https:\/\/radiorevelacionfm.cl\/?p=4135' aria-hidden='false' data-av_icon='\uf232' data-av_iconfont='entypo-fontello' title='' data-avia-related-tooltip='Compartir en Whatsapp' rel=\"noopener\"><span class='avia_hidden_link_text'>Compartir en Whatsapp<\/span><\/a><\/li><li class='av-share-link av-social-link-linkedin' ><a target=\"_blank\" aria-label=\"Compartir en LinkedIn\" href='https:\/\/linkedin.com\/shareArticle?mini=true&#038;title=Abren%20llamado%20para%20postular%20al%20Programa%20de%20Habitabilidad%20Rural%20en%20la%20regi%C3%B3n%20de%20Ays%C3%A9n&#038;url=https:\/\/radiorevelacionfm.cl\/?p=4135' aria-hidden='false' data-av_icon='\ue8fc' data-av_iconfont='entypo-fontello' title='' data-avia-related-tooltip='Compartir en LinkedIn' rel=\"noopener\"><span class='avia_hidden_link_text'>Compartir en LinkedIn<\/span><\/a><\/li><li class='av-share-link av-social-link-mail' ><a  aria-label=\"Compartir por correo\" href='mailto:?subject=Abren%20llamado%20para%20postular%20al%20Programa%20de%20Habitabilidad%20Rural%20en%20la%20regi%C3%B3n%20de%20Ays%C3%A9n&#038;body=https:\/\/radiorevelacionfm.cl\/?p=4135' aria-hidden='false' data-av_icon='\ue805' data-av_iconfont='entypo-fontello' title='' data-avia-related-tooltip='Compartir por correo'><span class='avia_hidden_link_text'>Compartir por correo<\/span><\/a><\/li><\/ul><\/div><\/div>\n<div  style='height:50px' class='hr hr-invisible   avia-builder-el-8  el_after_av_social_share  el_before_av_comments_list '><span class='hr-inner ' ><span class='hr-inner-style'><\/span><\/span><\/div>\n<div  class='av-buildercomment  av-blog-meta-html-info-disabled av-blog-meta-tag-disabled  '><\/div>\n","protected":false},"excerpt":{"rendered":"","protected":false},"author":1,"featured_media":0,"comment_status":"open","ping_status":"open","sticky":false,"template":"","format":"standard","meta":{"footnotes":""},"categories":[57],"tags":[],"class_list":["post-4135","post","type-post","status-publish","format-standard","hentry","category-vivienda"],"jetpack_featured_media_url":"","_links":{"self":[{"href":"https:\/\/radiorevelacionfm.cl\/index.php?rest_route=\/wp\/v2\/posts\/4135","targetHints":{"allow":["GET"]}}],"collection":[{"href":"https:\/\/radiorevelacionfm.cl\/index.php?rest_route=\/wp\/v2\/posts"}],"about":[{"href":"https:\/\/radiorevelacionfm.cl\/index.php?rest_route=\/wp\/v2\/types\/post"}],"author":[{"embeddable":true,"href":"https:\/\/radiorevelacionfm.cl\/index.php?rest_route=\/wp\/v2\/users\/1"}],"replies":[{"embeddable":true,"href":"https:\/\/radiorevelacionfm.cl\/index.php?rest_route=%2Fwp%2Fv2%2Fcomments&post=4135"}],"version-history":[{"count":1,"href":"https:\/\/radiorevelacionfm.cl\/index.php?rest_route=\/wp\/v2\/posts\/4135\/revisions"}],"predecessor-version":[{"id":4137,"href":"https:\/\/radiorevelacionfm.cl\/index.php?rest_route=\/wp\/v2\/posts\/4135\/revisions\/4137"}],"wp:attachment":[{"href":"https:\/\/radiorevelacionfm.cl\/index.php?rest_route=%2Fwp%2Fv2%2Fmedia&parent=4135"}],"wp:term":[{"taxonomy":"category","embeddable":true,"href":"https:\/\/radiorevelacionfm.cl\/index.php?rest_route=%2Fwp%2Fv2%2Fcategories&post=4135"},{"taxonomy":"post_tag","embeddable":true,"href":"https:\/\/radiorevelacionfm.cl\/index.php?rest_route=%2Fwp%2Fv2%2Ftags&post=4135"}],"curies":[{"name":"wp","href":"https:\/\/api.w.org\/{rel}","templated":true}]}}