{"id":41345,"date":"2024-04-16T15:24:39","date_gmt":"2024-04-16T18:24:39","guid":{"rendered":"https:\/\/radiorevelacionfm.cl\/?p=41345"},"modified":"2024-04-16T15:24:39","modified_gmt":"2024-04-16T18:24:39","slug":"mas-de-180-leneros-y-madereros-de-guaitecas-se-asociaron-para-formalizar-actividades-productivas-en-inmuebles-fiscales","status":"publish","type":"post","link":"https:\/\/radiorevelacionfm.cl\/?p=41345","title":{"rendered":"M\u00e1s de 180 le\u00f1eros y madereros de Guaitecas se asociaron para formalizar actividades productivas en inmuebles fiscales"},"content":{"rendered":"<div class=\"flex_column av_one_full  flex_column_div av-zero-column-padding first  avia-builder-el-0  el_before_av_one_full  avia-builder-el-first  \" style='border-radius:0px; '><div  class='avia-image-container  av-styling-    avia-builder-el-1  avia-builder-el-no-sibling  avia-align-center '  itemprop=\"image\" itemscope=\"itemscope\" itemtype=\"https:\/\/schema.org\/ImageObject\"  ><div class='avia-image-container-inner'><div class='avia-image-overlay-wrap'><img decoding=\"async\" class='wp-image-41346 avia-img-lazy-loading-not-41346 avia_image' src=\"https:\/\/radiorevelacionfm.cl\/wp-content\/uploads\/2024\/04\/WhatsApp-Image-2024-04-16-at-13.53.21-1-1.jpeg\" alt='' title='WhatsApp Image 2024-04-16 at 13.53.21 (1) (1)' height=\"600\" width=\"800\"  itemprop=\"thumbnailUrl\" srcset=\"https:\/\/radiorevelacionfm.cl\/wp-content\/uploads\/2024\/04\/WhatsApp-Image-2024-04-16-at-13.53.21-1-1.jpeg 800w, https:\/\/radiorevelacionfm.cl\/wp-content\/uploads\/2024\/04\/WhatsApp-Image-2024-04-16-at-13.53.21-1-1-300x225.jpeg 300w, https:\/\/radiorevelacionfm.cl\/wp-content\/uploads\/2024\/04\/WhatsApp-Image-2024-04-16-at-13.53.21-1-1-768x576.jpeg 768w, https:\/\/radiorevelacionfm.cl\/wp-content\/uploads\/2024\/04\/WhatsApp-Image-2024-04-16-at-13.53.21-1-1-705x529.jpeg 705w, https:\/\/radiorevelacionfm.cl\/wp-content\/uploads\/2024\/04\/WhatsApp-Image-2024-04-16-at-13.53.21-1-1-450x338.jpeg 450w, https:\/\/radiorevelacionfm.cl\/wp-content\/uploads\/2024\/04\/WhatsApp-Image-2024-04-16-at-13.53.21-1-1-600x450.jpeg 600w\" sizes=\"(max-width: 800px) 100vw, 800px\" \/><\/div><\/div><\/div><\/div><div class=\"flex_column av_one_full  flex_column_div av-zero-column-padding first  avia-builder-el-2  el_after_av_one_full  el_before_av_one_full  column-top-margin\" style='border-radius:0px; '><section class=\"av_textblock_section \"  itemscope=\"itemscope\" itemtype=\"https:\/\/schema.org\/BlogPosting\" itemprop=\"blogPost\" ><div class='avia_textblock  '   itemprop=\"text\" ><p style=\"text-align: center;\"><strong><span style=\"font-size: 18pt;\">M\u00e1s de 180 le\u00f1eros y madereros de Guaitecas se asociaron para formalizar actividades productivas en inmuebles fiscales <\/span><\/strong><\/p>\n<div id=\"gtx-trans\" style=\"position: absolute; left: -50px; top: 4.31534px;\">\n<div class=\"gtx-trans-icon\"><\/div>\n<\/div>\n<\/div><\/section><\/div><div class=\"flex_column av_one_full  flex_column_div av-zero-column-padding first  avia-builder-el-4  el_after_av_one_full  el_before_av_hr  column-top-margin\" style='border-radius:0px; '><section class=\"av_textblock_section \"  itemscope=\"itemscope\" itemtype=\"https:\/\/schema.org\/BlogPosting\" itemprop=\"blogPost\" ><div class='avia_textblock  '   itemprop=\"text\" ><p style=\"text-align: justify;\"><em>El objetivo es formalizar la actividad extractiva con adecuado manejo de bosques para que el recurso pueda perdudar para las futuras generaciones.<\/em><\/p>\n<p style=\"text-align: justify;\"><em>Equipo recorri\u00f3 islas cercanas a Melinka para reconocer pol\u00edgonos potenciales para formalizar la actividad.<\/em><\/p>\n<p style=\"text-align: justify;\">Con el objetivo de visibilizar la econom\u00eda que genera la extracci\u00f3n de le\u00f1a en la comuna de Guaitecas para calefacci\u00f3n domiciliaria, profesionales de la Corporaci\u00f3n Nacional Forestal, Conaf, sostuvieron en marzo una reuni\u00f3n con productores de Melinka, Repollal Alto y Repollal Bajo, a quienes se les orient\u00f3 con miras a un modelo de negocio que vaya de la mano con el manejo sustentable de los bosques presentes en el archipi\u00e9lago, que en su mayor\u00eda se encuentran en suelo fiscal.<\/p>\n<p style=\"text-align: justify;\">Es en ese contexto que los profesionales de Conaf, Jos\u00e9 Urrutia y Andr\u00e9s Cossio, el alcalde de Guaitecas, Marcos Silva y encargada de Fomento Productivo, Ver\u00f3nica Bravo, transmitieron informaci\u00f3n a la Seremi de Bienes Nacionales, Irina Morend Valdebenito, para analizar opciones de apoyo para productores le\u00f1eros, pero tambi\u00e9n, madereros, no madereros, tejueleros y carpinteros de ribera de las Guaitecas.<\/p>\n<p style=\"text-align: justify;\">\u201cSe convers\u00f3 sobre la posibilidad de que se organicen para pasar a una etapa de gesti\u00f3n productiva m\u00e1s elevada y no estar trabajando \u2013porque se percibe eso- en la ilegalidad, estar como escondidos, sino que, la actividad maderera sea una actividad productiva real en la localidad\u201d, dijo Jos\u00e9 Urrutia de Conaf respecto de la conversaci\u00f3n franca con le\u00f1eros, quienes admitieron desconocer c\u00f3mo se aplicar\u00e1 en un futuro la Ley de Biocombustibles, adem\u00e1s de manifestar inquietud por querer formalizar la actividad que aproximadamente genera 1.600 millones de pesos en la comuna, actividad que no queda registrada.<\/p>\n<p style=\"text-align: justify;\">Tras ese primer acercamiento, el inter\u00e9s que despert\u00f3 entre los vecinos fue inmediato. Resultado de ello es que en menos de un mes se han constituido dos Asociaciones Gremiales, la m\u00e1s grande que integra a 150 socios de Melinka y Repollal Alto, y otra que agrupa a 35 productores de Repollal Bajo.<\/p>\n<p style=\"text-align: justify;\">As\u00ed, el pasado s\u00e1bado 16 de abril en el gimnasio de Melinka se sostuvo la primera reuni\u00f3n formal entre las A.G. y autoridades. Respecto de la acci\u00f3n de Bienes Nacionales, la seremi Irina Morend felicit\u00f3 a los asistentes, se\u00f1alando que \u201cal tener una organizaci\u00f3n, nos permite tener un solo canal de comunicaci\u00f3n y disponer de mejor manera nuestros instrumentos de administraci\u00f3n de la propiedad fiscal. Les se\u00f1alamos que el arriendo es una herramienta potente para que ellos puedan hacer iniciativas como extracci\u00f3n del recurso (le\u00f1a) y el manejo forestal asociado. Por otro lado, tambi\u00e9n han planteado el requerimiento de contar con un centro de acopio\u2026y nosotros nos pusimos a disposici\u00f3n, porque efectivamente cuando hay una organizaci\u00f3n que quiere adem\u00e1s trabajar por la sustentabilidad del recurso, en forma organizada, ordenada y regulada, inmediatamente dijimos que s\u00ed\u201d, manifest\u00f3 la autoridad regional, quien el d\u00eda anterior fiscaliz\u00f3 islas cercanas a Melinka a fin de conocer c\u00f3mo se desarrolla la extracci\u00f3n de la madera, viaje que realiz\u00f3 con profesionales de Conaf, Unidad de Bienes Nacionales y Fomento Productivo de la Municipalidad.<\/p>\n<p style=\"text-align: justify;\">Cristian D\u00edaz, presidente de la A.G. de Le\u00f1eros y Madereros de Guaitecas refiri\u00f3 que el objetivo principal es \u201cdejar a futuro un legado y protecci\u00f3n para las otras generaciones que van a hacer esta misma labor dentro de la comuna\u201d, relato que reforz\u00f3 el vicepresidente Octavio Chiguay, \u201cestamos explotando nuestros bosques, ahora lo queremos regular para ver qu\u00e9 maderas podemos sacar. Agradecer a nuestras autoridades que vinieron desde Coyhaique, ellos nos est\u00e1n ense\u00f1ando c\u00f3mo se manejan los bosques\u201d, sostuvo, para referir que Conaf aportar\u00e1 con asistencia t\u00e9cnica, Bienes Nacionales con el arriendo de los inmuebles fiscales y la Municipalidad desde la gesti\u00f3n organizacional a trav\u00e9s de su oficina de Fomento Productivo. \u201cAhora a trabajar legalmente\u201d, finaliz\u00f3 diciendo don Miguel Chiguay, integrante de la A.G.<\/p>\n<p style=\"text-align: justify;\">Finalmente, el alcalde de Guaitecas tambi\u00e9n relev\u00f3 la creaci\u00f3n de esta organizaci\u00f3n pues denota la preocupaci\u00f3n por el resguardo de los bosques. \u201cEllos plantean una situaci\u00f3n que los agobiaba, quedar sin espacio de isla de alguna manera\u2026queremos poner en la palestra una actividad tan importante como es la le\u00f1a y madera que no est\u00e1 en ning\u00fan registro, pero que se hace. Nos sentimos orgullosos de que este grupo de personas hayan tomado la iniciativa de constituir esta organizaci\u00f3n con m\u00e1s de 150 personas porque eso demuestra que hab\u00eda una actividad escondida, por eso el municipio se hace parte de aquello\u201d, expres\u00f3 Marcos Silva.<\/p>\n<p style=\"text-align: justify;\">Esta relaci\u00f3n p\u00fablico privada de trabajo, se encuentra enmarcada en el Plan Especial Guaitecas, iniciativa intersectorial que nace desde la Municipalidad, Bienes Nacionales, Conaf, entre otros servicios y que busca impulsar iniciativas que promuevan el desarrollo de la comuna, donde \u201carticulamos desde la mirada pol\u00edtica a nuestras institucionalidades y las acercamos a la comuna\u201d, se\u00f1al\u00f3 el alcalde Silva.<\/p>\n<\/div><\/section><\/div><div  style='height:50px' class='hr hr-invisible   avia-builder-el-6  el_after_av_one_full  el_before_av_social_share '><span class='hr-inner ' ><span class='hr-inner-style'><\/span><\/span><\/div><\/p>\n<div  class='av-social-sharing-box  avia-builder-el-7  el_after_av_hr  el_before_av_hr  '><div class='av-share-box'><h5 class='av-share-link-description av-no-toc '>Compartir esta noticia<\/h5><ul class='av-share-box-list noLightbox'><li class='av-share-link av-social-link-facebook' ><a target=\"_blank\" aria-label=\"Compartir en Facebook\" href='https:\/\/www.facebook.com\/sharer.php?u=https:\/\/radiorevelacionfm.cl\/?p=41345&#038;t=M%C3%A1s%20de%20180%20le%C3%B1eros%20y%20madereros%20de%20Guaitecas%20se%20asociaron%20para%20formalizar%20actividades%20productivas%20en%20inmuebles%20fiscales' aria-hidden='false' data-av_icon='\ue8f3' data-av_iconfont='entypo-fontello' title='' data-avia-related-tooltip='Compartir en Facebook' rel=\"noopener\"><span class='avia_hidden_link_text'>Compartir en Facebook<\/span><\/a><\/li><li class='av-share-link av-social-link-twitter' ><a target=\"_blank\" aria-label=\"Compartir en Twitter\" href='https:\/\/twitter.com\/share?text=M%C3%A1s%20de%20180%20le%C3%B1eros%20y%20madereros%20de%20Guaitecas%20se%20asociaron%20para%20formalizar%20actividades%20productivas%20en%20inmuebles%20fiscales&#038;url=https:\/\/radiorevelacionfm.cl\/?p=41345' aria-hidden='false' data-av_icon='\ue8f1' data-av_iconfont='entypo-fontello' title='' data-avia-related-tooltip='Compartir en Twitter' rel=\"noopener\"><span class='avia_hidden_link_text'>Compartir en Twitter<\/span><\/a><\/li><li class='av-share-link av-social-link-whatsapp' ><a target=\"_blank\" aria-label=\"Compartir en Whatsapp\" href='https:\/\/api.whatsapp.com\/send?text=https:\/\/radiorevelacionfm.cl\/?p=41345' aria-hidden='false' data-av_icon='\uf232' data-av_iconfont='entypo-fontello' title='' data-avia-related-tooltip='Compartir en Whatsapp' rel=\"noopener\"><span class='avia_hidden_link_text'>Compartir en Whatsapp<\/span><\/a><\/li><li class='av-share-link av-social-link-linkedin' ><a target=\"_blank\" aria-label=\"Compartir en LinkedIn\" href='https:\/\/linkedin.com\/shareArticle?mini=true&#038;title=M%C3%A1s%20de%20180%20le%C3%B1eros%20y%20madereros%20de%20Guaitecas%20se%20asociaron%20para%20formalizar%20actividades%20productivas%20en%20inmuebles%20fiscales&#038;url=https:\/\/radiorevelacionfm.cl\/?p=41345' aria-hidden='false' data-av_icon='\ue8fc' data-av_iconfont='entypo-fontello' title='' data-avia-related-tooltip='Compartir en LinkedIn' rel=\"noopener\"><span class='avia_hidden_link_text'>Compartir en LinkedIn<\/span><\/a><\/li><li class='av-share-link av-social-link-mail' ><a  aria-label=\"Compartir por correo\" href='mailto:?subject=M%C3%A1s%20de%20180%20le%C3%B1eros%20y%20madereros%20de%20Guaitecas%20se%20asociaron%20para%20formalizar%20actividades%20productivas%20en%20inmuebles%20fiscales&#038;body=https:\/\/radiorevelacionfm.cl\/?p=41345' aria-hidden='false' data-av_icon='\ue805' data-av_iconfont='entypo-fontello' title='' data-avia-related-tooltip='Compartir por correo'><span class='avia_hidden_link_text'>Compartir por correo<\/span><\/a><\/li><\/ul><\/div><\/div>\n<div  style='height:50px' class='hr hr-invisible   avia-builder-el-8  el_after_av_social_share  el_before_av_comments_list '><span class='hr-inner ' ><span class='hr-inner-style'><\/span><\/span><\/div>\n<div  class='av-buildercomment  av-blog-meta-html-info-disabled av-blog-meta-tag-disabled  '><\/div>\n","protected":false},"excerpt":{"rendered":"","protected":false},"author":1,"featured_media":41346,"comment_status":"open","ping_status":"open","sticky":false,"template":"","format":"standard","meta":{"footnotes":""},"categories":[38],"tags":[],"class_list":["post-41345","post","type-post","status-publish","format-standard","has-post-thumbnail","hentry","category-regional"],"jetpack_featured_media_url":"https:\/\/radiorevelacionfm.cl\/wp-content\/uploads\/2024\/04\/WhatsApp-Image-2024-04-16-at-13.53.21-1-1.jpeg","_links":{"self":[{"href":"https:\/\/radiorevelacionfm.cl\/index.php?rest_route=\/wp\/v2\/posts\/41345","targetHints":{"allow":["GET"]}}],"collection":[{"href":"https:\/\/radiorevelacionfm.cl\/index.php?rest_route=\/wp\/v2\/posts"}],"about":[{"href":"https:\/\/radiorevelacionfm.cl\/index.php?rest_route=\/wp\/v2\/types\/post"}],"author":[{"embeddable":true,"href":"https:\/\/radiorevelacionfm.cl\/index.php?rest_route=\/wp\/v2\/users\/1"}],"replies":[{"embeddable":true,"href":"https:\/\/radiorevelacionfm.cl\/index.php?rest_route=%2Fwp%2Fv2%2Fcomments&post=41345"}],"version-history":[{"count":1,"href":"https:\/\/radiorevelacionfm.cl\/index.php?rest_route=\/wp\/v2\/posts\/41345\/revisions"}],"predecessor-version":[{"id":41347,"href":"https:\/\/radiorevelacionfm.cl\/index.php?rest_route=\/wp\/v2\/posts\/41345\/revisions\/41347"}],"wp:featuredmedia":[{"embeddable":true,"href":"https:\/\/radiorevelacionfm.cl\/index.php?rest_route=\/wp\/v2\/media\/41346"}],"wp:attachment":[{"href":"https:\/\/radiorevelacionfm.cl\/index.php?rest_route=%2Fwp%2Fv2%2Fmedia&parent=41345"}],"wp:term":[{"taxonomy":"category","embeddable":true,"href":"https:\/\/radiorevelacionfm.cl\/index.php?rest_route=%2Fwp%2Fv2%2Fcategories&post=41345"},{"taxonomy":"post_tag","embeddable":true,"href":"https:\/\/radiorevelacionfm.cl\/index.php?rest_route=%2Fwp%2Fv2%2Ftags&post=41345"}],"curies":[{"name":"wp","href":"https:\/\/api.w.org\/{rel}","templated":true}]}}