{"id":41342,"date":"2024-04-16T21:59:00","date_gmt":"2024-04-17T00:59:00","guid":{"rendered":"https:\/\/radiorevelacionfm.cl\/?p=41342"},"modified":"2024-04-16T21:59:00","modified_gmt":"2024-04-17T00:59:00","slug":"con-exito-finalizo-seminario-en-materia-de-genero-desarrollado-por-fundacion-integra","status":"publish","type":"post","link":"https:\/\/radiorevelacionfm.cl\/?p=41342","title":{"rendered":"Con \u00e9xito finaliz\u00f3 seminario en materia de G\u00e9nero desarrollado por Fundaci\u00f3n Integra"},"content":{"rendered":"<div class=\"flex_column av_one_full  flex_column_div av-zero-column-padding first  avia-builder-el-0  el_before_av_one_full  avia-builder-el-first  \" style='border-radius:0px; '><div  class='avia-image-container  av-styling-    avia-builder-el-1  avia-builder-el-no-sibling  avia-align-center '  itemprop=\"image\" itemscope=\"itemscope\" itemtype=\"https:\/\/schema.org\/ImageObject\"  ><div class='avia-image-container-inner'><div class='avia-image-overlay-wrap'><img decoding=\"async\" class='wp-image-41343 avia-img-lazy-loading-not-41343 avia_image' src=\"https:\/\/radiorevelacionfm.cl\/wp-content\/uploads\/2024\/04\/IMG_3698-min-1-1.jpg\" alt='' title='IMG_3698-min (1) (1)' height=\"600\" width=\"902\"  itemprop=\"thumbnailUrl\" srcset=\"https:\/\/radiorevelacionfm.cl\/wp-content\/uploads\/2024\/04\/IMG_3698-min-1-1.jpg 902w, https:\/\/radiorevelacionfm.cl\/wp-content\/uploads\/2024\/04\/IMG_3698-min-1-1-300x200.jpg 300w, https:\/\/radiorevelacionfm.cl\/wp-content\/uploads\/2024\/04\/IMG_3698-min-1-1-768x511.jpg 768w, https:\/\/radiorevelacionfm.cl\/wp-content\/uploads\/2024\/04\/IMG_3698-min-1-1-705x469.jpg 705w, https:\/\/radiorevelacionfm.cl\/wp-content\/uploads\/2024\/04\/IMG_3698-min-1-1-450x299.jpg 450w, https:\/\/radiorevelacionfm.cl\/wp-content\/uploads\/2024\/04\/IMG_3698-min-1-1-600x399.jpg 600w\" sizes=\"(max-width: 902px) 100vw, 902px\" \/><\/div><\/div><\/div><\/div><div class=\"flex_column av_one_full  flex_column_div av-zero-column-padding first  avia-builder-el-2  el_after_av_one_full  el_before_av_one_full  column-top-margin\" style='border-radius:0px; '><section class=\"av_textblock_section \"  itemscope=\"itemscope\" itemtype=\"https:\/\/schema.org\/BlogPosting\" itemprop=\"blogPost\" ><div class='avia_textblock  '   itemprop=\"text\" ><p style=\"text-align: center;\"><strong><span style=\"font-size: 18pt;\">Con \u00e9xito finaliz\u00f3 seminario en materia de G\u00e9nero desarrollado por Fundaci\u00f3n Integra<\/span><\/strong><\/p>\n<div id=\"gtx-trans\" style=\"position: absolute; left: -50px; top: 4.31534px;\">\n<div class=\"gtx-trans-icon\"><\/div>\n<\/div>\n<\/div><\/section><\/div><div class=\"flex_column av_one_full  flex_column_div av-zero-column-padding first  avia-builder-el-4  el_after_av_one_full  el_before_av_hr  column-top-margin\" style='border-radius:0px; '><section class=\"av_textblock_section \"  itemscope=\"itemscope\" itemtype=\"https:\/\/schema.org\/BlogPosting\" itemprop=\"blogPost\" ><div class='avia_textblock  '   itemprop=\"text\" ><p style=\"font-weight: 400; text-align: justify;\"><em>Este encuentro regional cont\u00f3 con la exposici\u00f3n de una experta en la materia de G\u00e9nero y, a la vez, permiti\u00f3 mostrar y conocer 8 experiencias educativas que se desarrollan en la regi\u00f3n de Ays\u00e9n en esta materia.<\/em><\/p>\n<p style=\"font-weight: 400; text-align: justify;\">La semana pasada Fundaci\u00f3n Integra de la regi\u00f3n de Ays\u00e9n, desarroll\u00f3 el seminario \u201cUna mirada de g\u00e9nero en la agenda de las infancias del siglo XXI\u201d, espacio en la que participaron distintas instituciones vinculadas a la ni\u00f1ez presentes en la regi\u00f3n y en la que se busc\u00f3 reflexionar y avanzar, desde una mirada territorial, en la perspectiva de g\u00e9nero y desde la igualdad de oportunidades sin distinci\u00f3n ni sesgos.<\/p>\n<p style=\"font-weight: 400; text-align: justify;\">Leticia Araya Norambuena, directora regional de Fundaci\u00f3n Integra destaca que \u201cesta instancia es importante porque logr\u00f3 contar con la presencia de los distintos actores en materia de educaci\u00f3n y equipos educativos de casi toda la regi\u00f3n lo que le da mucho realce a esta jornada, pero a la vez nos permite destacar como estamos trabajando el G\u00e9nero en la ni\u00f1ez y c\u00f3mo avanzamos en esta materia\u201d.<\/p>\n<p style=\"font-weight: 400; text-align: justify;\">Este encuentro regional cont\u00f3 con la presencia de las distintas autoridades de educaci\u00f3n presentes en la regi\u00f3n de Ays\u00e9n e instituciones ligadas al quehacer de Fundaci\u00f3n Integra como lo son la Seremi de Educaci\u00f3n, Superintendencia de Educaci\u00f3n Parvularia, Servicio Local de Educaci\u00f3n P\u00fablica (SLEP), JUNJI, Seremi de la Mujer y Equidad de G\u00e9nero, Universidad de Ays\u00e9n, Universidad Austral de Chile, TEAcompa\u00f1amos, Liceo Juan Pablo II, entre otras.<\/p>\n<p style=\"font-weight: 400; text-align: justify;\">La seremi de Educaci\u00f3n, Isabel Garrido Casassa destac\u00f3 que \u201cespacios como estos permiten que educadoras, desde la primera infancia, est\u00e1n educando en equidad y que se ratifica con el fallo de la Corte Suprema en esta l\u00ednea en el que se se\u00f1ala que la educaci\u00f3n no sexista es un derecho de los ni\u00f1os y de las ni\u00f1as\u201d. A su vez, envi\u00f3 un \u201cmensaje a las familias a que est\u00e9n dispuestas a aprender y conocer m\u00e1s de esta materia y c\u00f3mo los jardines infantiles est\u00e1n trabajando esta materia para\u00a0incorporarlo desde\u00a0el hogar\u201d.<\/p>\n<p style=\"font-weight: 400; text-align: justify;\">Este espacio se enmarca dentro de la carta de navegaci\u00f3n de Fundaci\u00f3n Integra, como tambi\u00e9n a la pol\u00edtica de Reactivaci\u00f3n Educativa del Sistema de Educaci\u00f3n las que tienen como objetivo principal el poder propiciar espacios de reflexi\u00f3n, di\u00e1logo y construcci\u00f3n conjunta, en torno a la Educaci\u00f3n Parvularia con foco en la ni\u00f1ez, desde una perspectiva de g\u00e9nero, que considera diversas modalidades de participaci\u00f3n y organizaci\u00f3n.<\/p>\n<p style=\"font-weight: 400; text-align: justify;\">Leticia Araya Norambuena, tras la finalizaci\u00f3n de este seminario destac\u00f3 que \u201cseguimos avanzando y estamos contentos con la convocatoria y la participaci\u00f3n que alcanzamos en este seminario. Esperamos que este trabajo, que empez\u00f3 Fundaci\u00f3n Integra con este seminario, sea s\u00f3lo el comienzo de este trabajo articulado y, esperamos, que otras instituciones puedan tomar este desaf\u00edo y contar con un espacio similar durante los pr\u00f3ximos a\u00f1os\u201d.<\/p>\n<p style=\"font-weight: 400; text-align: justify;\">Cabe destacar que este proyecto fue posible gracias al financiamiento del Gobierno Regional (GORE) de Ays\u00e9n y su consejo a trav\u00e9s de asignaci\u00f3n directa del FNDR del 8% y que surge del conversatorio: \u201cReflexiones sobre los Desaf\u00edos de las Infancias en el siglo XXI\u201d, realizado en noviembre del 2022, donde participaron instituciones vinculadas a la infancia presentes en la regi\u00f3n de Ays\u00e9n.<\/p>\n<p style=\"font-weight: 400; text-align: justify;\">Valentina Ulloa, relatora y experta en materia de G\u00e9nero destac\u00f3 el valor de estos espacios ya que \u201ces importante, sobre todo, porque los ni\u00f1os y ni\u00f1as deben ser lo que quieran ser, ya que al tener limitantes de G\u00e9nero dejamos en evidencia nuestros estereotipos y vamos limitando a las infancias en lo que deben o no deben ser. Educar con perspectiva de G\u00e9nero implica dar esas oportunidades, libertades a los ni\u00f1os y a las ni\u00f1as, pero tambi\u00e9n implica un acompa\u00f1amiento a las familias en esta materia\u201d.<\/p>\n<p style=\"font-weight: 400; text-align: justify;\">Claudia Lleufo Letelier, directora del Jard\u00edn Infantil \u201cMi Peque\u00f1o Para\u00edso\u201d de Villa Amengual, una de las asistentes a este seminario destac\u00f3 que \u201ces una tem\u00e1tica importante de abordar y para fortalecer nuestro rol de agentes de cambio social que nos va a permitir avanzar, mejorar y construir una sociedad que d\u00e9 respuesta a los requerimientos que tenemos y que nos permitan seguir avanzando en estas tem\u00e1ticas\u201d.<\/p>\n<p style=\"font-weight: 400; text-align: justify;\">Finalmente, cabe destacar que con 33 a\u00f1os de experiencia y m\u00e1s de 1.200 salas cuna y jardines infantiles gratuitos en todo el pa\u00eds, Fundaci\u00f3n Integra trabaja para lograr el desarrollo integral, bienestar y aprendizajes significativos de ni\u00f1os y ni\u00f1as, poniendo a su disposici\u00f3n espacios educativos diversos, estimulantes y de calidad.<\/p>\n<\/div><\/section><\/div><div  style='height:50px' class='hr hr-invisible   avia-builder-el-6  el_after_av_one_full  el_before_av_social_share '><span class='hr-inner ' ><span class='hr-inner-style'><\/span><\/span><\/div><\/p>\n<div  class='av-social-sharing-box  avia-builder-el-7  el_after_av_hr  el_before_av_hr  '><div class='av-share-box'><h5 class='av-share-link-description av-no-toc '>Compartir esta noticia<\/h5><ul class='av-share-box-list noLightbox'><li class='av-share-link av-social-link-facebook' ><a target=\"_blank\" aria-label=\"Compartir en Facebook\" href='https:\/\/www.facebook.com\/sharer.php?u=https:\/\/radiorevelacionfm.cl\/?p=41342&#038;t=Con%20%C3%A9xito%20finaliz%C3%B3%20seminario%20en%20materia%20de%20G%C3%A9nero%20desarrollado%20por%20Fundaci%C3%B3n%20Integra' aria-hidden='false' data-av_icon='\ue8f3' data-av_iconfont='entypo-fontello' title='' data-avia-related-tooltip='Compartir en Facebook' rel=\"noopener\"><span class='avia_hidden_link_text'>Compartir en Facebook<\/span><\/a><\/li><li class='av-share-link av-social-link-twitter' ><a target=\"_blank\" aria-label=\"Compartir en Twitter\" href='https:\/\/twitter.com\/share?text=Con%20%C3%A9xito%20finaliz%C3%B3%20seminario%20en%20materia%20de%20G%C3%A9nero%20desarrollado%20por%20Fundaci%C3%B3n%20Integra&#038;url=https:\/\/radiorevelacionfm.cl\/?p=41342' aria-hidden='false' data-av_icon='\ue8f1' data-av_iconfont='entypo-fontello' title='' data-avia-related-tooltip='Compartir en Twitter' rel=\"noopener\"><span class='avia_hidden_link_text'>Compartir en Twitter<\/span><\/a><\/li><li class='av-share-link av-social-link-whatsapp' ><a target=\"_blank\" aria-label=\"Compartir en Whatsapp\" href='https:\/\/api.whatsapp.com\/send?text=https:\/\/radiorevelacionfm.cl\/?p=41342' aria-hidden='false' data-av_icon='\uf232' data-av_iconfont='entypo-fontello' title='' data-avia-related-tooltip='Compartir en Whatsapp' rel=\"noopener\"><span class='avia_hidden_link_text'>Compartir en Whatsapp<\/span><\/a><\/li><li class='av-share-link av-social-link-linkedin' ><a target=\"_blank\" aria-label=\"Compartir en LinkedIn\" href='https:\/\/linkedin.com\/shareArticle?mini=true&#038;title=Con%20%C3%A9xito%20finaliz%C3%B3%20seminario%20en%20materia%20de%20G%C3%A9nero%20desarrollado%20por%20Fundaci%C3%B3n%20Integra&#038;url=https:\/\/radiorevelacionfm.cl\/?p=41342' aria-hidden='false' data-av_icon='\ue8fc' data-av_iconfont='entypo-fontello' title='' data-avia-related-tooltip='Compartir en LinkedIn' rel=\"noopener\"><span class='avia_hidden_link_text'>Compartir en LinkedIn<\/span><\/a><\/li><li class='av-share-link av-social-link-mail' ><a  aria-label=\"Compartir por correo\" href='mailto:?subject=Con%20%C3%A9xito%20finaliz%C3%B3%20seminario%20en%20materia%20de%20G%C3%A9nero%20desarrollado%20por%20Fundaci%C3%B3n%20Integra&#038;body=https:\/\/radiorevelacionfm.cl\/?p=41342' aria-hidden='false' data-av_icon='\ue805' data-av_iconfont='entypo-fontello' title='' data-avia-related-tooltip='Compartir por correo'><span class='avia_hidden_link_text'>Compartir por correo<\/span><\/a><\/li><\/ul><\/div><\/div>\n<div  style='height:50px' class='hr hr-invisible   avia-builder-el-8  el_after_av_social_share  el_before_av_comments_list '><span class='hr-inner ' ><span class='hr-inner-style'><\/span><\/span><\/div>\n<div  class='av-buildercomment  av-blog-meta-html-info-disabled av-blog-meta-tag-disabled  '><\/div>\n","protected":false},"excerpt":{"rendered":"","protected":false},"author":1,"featured_media":41343,"comment_status":"open","ping_status":"open","sticky":false,"template":"","format":"standard","meta":{"footnotes":""},"categories":[49],"tags":[],"class_list":["post-41342","post","type-post","status-publish","format-standard","has-post-thumbnail","hentry","category-educacion"],"jetpack_featured_media_url":"https:\/\/radiorevelacionfm.cl\/wp-content\/uploads\/2024\/04\/IMG_3698-min-1-1.jpg","_links":{"self":[{"href":"https:\/\/radiorevelacionfm.cl\/index.php?rest_route=\/wp\/v2\/posts\/41342","targetHints":{"allow":["GET"]}}],"collection":[{"href":"https:\/\/radiorevelacionfm.cl\/index.php?rest_route=\/wp\/v2\/posts"}],"about":[{"href":"https:\/\/radiorevelacionfm.cl\/index.php?rest_route=\/wp\/v2\/types\/post"}],"author":[{"embeddable":true,"href":"https:\/\/radiorevelacionfm.cl\/index.php?rest_route=\/wp\/v2\/users\/1"}],"replies":[{"embeddable":true,"href":"https:\/\/radiorevelacionfm.cl\/index.php?rest_route=%2Fwp%2Fv2%2Fcomments&post=41342"}],"version-history":[{"count":1,"href":"https:\/\/radiorevelacionfm.cl\/index.php?rest_route=\/wp\/v2\/posts\/41342\/revisions"}],"predecessor-version":[{"id":41344,"href":"https:\/\/radiorevelacionfm.cl\/index.php?rest_route=\/wp\/v2\/posts\/41342\/revisions\/41344"}],"wp:featuredmedia":[{"embeddable":true,"href":"https:\/\/radiorevelacionfm.cl\/index.php?rest_route=\/wp\/v2\/media\/41343"}],"wp:attachment":[{"href":"https:\/\/radiorevelacionfm.cl\/index.php?rest_route=%2Fwp%2Fv2%2Fmedia&parent=41342"}],"wp:term":[{"taxonomy":"category","embeddable":true,"href":"https:\/\/radiorevelacionfm.cl\/index.php?rest_route=%2Fwp%2Fv2%2Fcategories&post=41342"},{"taxonomy":"post_tag","embeddable":true,"href":"https:\/\/radiorevelacionfm.cl\/index.php?rest_route=%2Fwp%2Fv2%2Ftags&post=41342"}],"curies":[{"name":"wp","href":"https:\/\/api.w.org\/{rel}","templated":true}]}}