{"id":41339,"date":"2024-04-16T17:36:12","date_gmt":"2024-04-16T20:36:12","guid":{"rendered":"https:\/\/radiorevelacionfm.cl\/?p=41339"},"modified":"2024-04-16T17:36:12","modified_gmt":"2024-04-16T20:36:12","slug":"para-celebrar-el-mes-del-libro-mineduc-invita-a-las-y-los-estudiantes-a-convertirse-en-un-booktuber","status":"publish","type":"post","link":"https:\/\/radiorevelacionfm.cl\/?p=41339","title":{"rendered":"Para celebrar el mes del libro, Mineduc invita a las y los estudiantes a convertirse en un Booktuber"},"content":{"rendered":"<div class=\"flex_column av_one_full  flex_column_div av-zero-column-padding first  avia-builder-el-0  el_before_av_one_full  avia-builder-el-first  \" style='border-radius:0px; '><div  class='avia-image-container  av-styling-    avia-builder-el-1  avia-builder-el-no-sibling  avia-align-center '  itemprop=\"image\" itemscope=\"itemscope\" itemtype=\"https:\/\/schema.org\/ImageObject\"  ><div class='avia-image-container-inner'><div class='avia-image-overlay-wrap'><img decoding=\"async\" class='wp-image-41340 avia-img-lazy-loading-not-41340 avia_image' src=\"https:\/\/radiorevelacionfm.cl\/wp-content\/uploads\/2024\/04\/booktuber-1_optimized.jpg\" alt='' title='booktuber-(1)_optimized' height=\"600\" width=\"800\"  itemprop=\"thumbnailUrl\" srcset=\"https:\/\/radiorevelacionfm.cl\/wp-content\/uploads\/2024\/04\/booktuber-1_optimized.jpg 800w, https:\/\/radiorevelacionfm.cl\/wp-content\/uploads\/2024\/04\/booktuber-1_optimized-300x225.jpg 300w, https:\/\/radiorevelacionfm.cl\/wp-content\/uploads\/2024\/04\/booktuber-1_optimized-768x576.jpg 768w, https:\/\/radiorevelacionfm.cl\/wp-content\/uploads\/2024\/04\/booktuber-1_optimized-705x529.jpg 705w, https:\/\/radiorevelacionfm.cl\/wp-content\/uploads\/2024\/04\/booktuber-1_optimized-450x338.jpg 450w, https:\/\/radiorevelacionfm.cl\/wp-content\/uploads\/2024\/04\/booktuber-1_optimized-600x450.jpg 600w\" sizes=\"(max-width: 800px) 100vw, 800px\" \/><\/div><\/div><\/div><\/div><div class=\"flex_column av_one_full  flex_column_div av-zero-column-padding first  avia-builder-el-2  el_after_av_one_full  el_before_av_one_full  column-top-margin\" style='border-radius:0px; '><section class=\"av_textblock_section \"  itemscope=\"itemscope\" itemtype=\"https:\/\/schema.org\/BlogPosting\" itemprop=\"blogPost\" ><div class='avia_textblock  '   itemprop=\"text\" ><p style=\"text-align: center;\"><strong><span style=\"font-size: 18pt;\">Para celebrar el mes del libro, Mineduc invita a las y los estudiantes a convertirse en un Booktuber<\/span><\/strong><\/p>\n<div id=\"gtx-trans\" style=\"position: absolute; left: -50px; top: 4.31534px;\">\n<div class=\"gtx-trans-icon\"><\/div>\n<\/div>\n<\/div><\/section><\/div><div class=\"flex_column av_one_full  flex_column_div av-zero-column-padding first  avia-builder-el-4  el_after_av_one_full  el_before_av_hr  column-top-margin\" style='border-radius:0px; '><section class=\"av_textblock_section \"  itemscope=\"itemscope\" itemtype=\"https:\/\/schema.org\/BlogPosting\" itemprop=\"blogPost\" ><div class='avia_textblock  '   itemprop=\"text\" ><p class=\"v1MsoNormal\" style=\"text-align: justify;\">En el marco del Mes del Libro y la celebraci\u00f3n de los 30 a\u00f1os del programa de Bibliotecas Escolares (CRA), el Ministerio de Educaci\u00f3n invita a estudiantes de todo el pa\u00eds a participar en la cuarta versi\u00f3n de la iniciativa Booktubers.<\/p>\n<p class=\"v1MsoNormal\" style=\"text-align: justify;\">Con el objetivo de fomentar la lectura, escritura y comunicaci\u00f3n oral en las y los estudiantes del pa\u00eds, la iniciativa \u201cBooktubers Bibliotecas (CRA) 2024\u201d, busca incentivar el uso de las herramientas digitales como medio de expresi\u00f3n.<\/p>\n<p class=\"v1MsoNormal\" style=\"text-align: justify;\">En este contexto, desde el 8 hasta el 30 de abril, estudiantes desde Primer Nivel de Transici\u00f3n (NT1) a 4to medio podr\u00e1n participar enviando un video de m\u00e1ximo 90 segundos rese\u00f1ando su libro favorito. El libro puede provenir de su biblioteca escolar (CRA), su colecci\u00f3n personal, de la Biblioteca Digital Escolar o de la Biblioteca Escolar UCE de descarga liberada.<\/p>\n<p class=\"v1MsoNormal\" style=\"text-align: justify;\">La Seremi de Educaci\u00f3n de Ays\u00e9n Isabel Garrido destac\u00f3 que la iniciativa Booktubers Bibliotecas (CRA) 2024 se enmarca en la celebraci\u00f3n de los 30 a\u00f1os del programa de Bibliotecas Escolares y se invita a la comunidad educativa regional a participar bajo el lema: \u201cAmpliando lecturas que construyen historias\u201d.<\/p>\n<p class=\"v1MsoNormal\" style=\"text-align: justify;\">\u201cEste lema busca destacar la trayectoria del programa y de las bibliotecas escolares CRA del pa\u00eds en su labor de promover el acceso a los libros y fomentar la lectura durante la etapa escolar. En un contexto de Reactivaci\u00f3n Educativa, impulsar por el inter\u00e9s en la lectura es especialmente relevante. El a\u00f1o pasado se recibieron 95 videos en nuestra regi\u00f3n, una gran participaci\u00f3n que esperamos se repita este a\u00f1o\u201d, coment\u00f3 Isabel Garrido.<\/p>\n<p class=\"v1MsoNormal\" style=\"text-align: justify;\">El video debe ser original, creativo y seguir las bases de la convocatoria que est\u00e1n disponibles en https:\/\/bibliotecas-cra.cl\/Mes-del-libro-2024.<\/p>\n<p class=\"v1MsoNormal\" style=\"text-align: justify;\">En el 2023 se recibieron casi 1500 videos de participantes de todo Chile. Para esta versi\u00f3n, y para seguir fomentando la descentralizaci\u00f3n, se destacar\u00e1 a 8 estudiantes por regi\u00f3n y 128 a nivel nacional, los que recibir\u00e1n una colecci\u00f3n de libros para ellos y para sus bibliotecas escolares.<\/p>\n<\/div><\/section><\/div><div  style='height:50px' class='hr hr-invisible   avia-builder-el-6  el_after_av_one_full  el_before_av_social_share '><span class='hr-inner ' ><span class='hr-inner-style'><\/span><\/span><\/div><\/p>\n<div  class='av-social-sharing-box  avia-builder-el-7  el_after_av_hr  el_before_av_hr  '><div class='av-share-box'><h5 class='av-share-link-description av-no-toc '>Compartir esta noticia<\/h5><ul class='av-share-box-list noLightbox'><li class='av-share-link av-social-link-facebook' ><a target=\"_blank\" aria-label=\"Compartir en Facebook\" href='https:\/\/www.facebook.com\/sharer.php?u=https:\/\/radiorevelacionfm.cl\/?p=41339&#038;t=Para%20celebrar%20el%20mes%20del%20libro%2C%20Mineduc%20invita%20a%20las%20y%20los%20estudiantes%20a%20convertirse%20en%20un%20Booktuber' aria-hidden='false' data-av_icon='\ue8f3' data-av_iconfont='entypo-fontello' title='' data-avia-related-tooltip='Compartir en Facebook' rel=\"noopener\"><span class='avia_hidden_link_text'>Compartir en Facebook<\/span><\/a><\/li><li class='av-share-link av-social-link-twitter' ><a target=\"_blank\" aria-label=\"Compartir en Twitter\" href='https:\/\/twitter.com\/share?text=Para%20celebrar%20el%20mes%20del%20libro%2C%20Mineduc%20invita%20a%20las%20y%20los%20estudiantes%20a%20convertirse%20en%20un%20Booktuber&#038;url=https:\/\/radiorevelacionfm.cl\/?p=41339' aria-hidden='false' data-av_icon='\ue8f1' data-av_iconfont='entypo-fontello' title='' data-avia-related-tooltip='Compartir en Twitter' rel=\"noopener\"><span class='avia_hidden_link_text'>Compartir en Twitter<\/span><\/a><\/li><li class='av-share-link av-social-link-whatsapp' ><a target=\"_blank\" aria-label=\"Compartir en Whatsapp\" href='https:\/\/api.whatsapp.com\/send?text=https:\/\/radiorevelacionfm.cl\/?p=41339' aria-hidden='false' data-av_icon='\uf232' data-av_iconfont='entypo-fontello' title='' data-avia-related-tooltip='Compartir en Whatsapp' rel=\"noopener\"><span class='avia_hidden_link_text'>Compartir en Whatsapp<\/span><\/a><\/li><li class='av-share-link av-social-link-linkedin' ><a target=\"_blank\" aria-label=\"Compartir en LinkedIn\" href='https:\/\/linkedin.com\/shareArticle?mini=true&#038;title=Para%20celebrar%20el%20mes%20del%20libro%2C%20Mineduc%20invita%20a%20las%20y%20los%20estudiantes%20a%20convertirse%20en%20un%20Booktuber&#038;url=https:\/\/radiorevelacionfm.cl\/?p=41339' aria-hidden='false' data-av_icon='\ue8fc' data-av_iconfont='entypo-fontello' title='' data-avia-related-tooltip='Compartir en LinkedIn' rel=\"noopener\"><span class='avia_hidden_link_text'>Compartir en LinkedIn<\/span><\/a><\/li><li class='av-share-link av-social-link-mail' ><a  aria-label=\"Compartir por correo\" href='mailto:?subject=Para%20celebrar%20el%20mes%20del%20libro%2C%20Mineduc%20invita%20a%20las%20y%20los%20estudiantes%20a%20convertirse%20en%20un%20Booktuber&#038;body=https:\/\/radiorevelacionfm.cl\/?p=41339' aria-hidden='false' data-av_icon='\ue805' data-av_iconfont='entypo-fontello' title='' data-avia-related-tooltip='Compartir por correo'><span class='avia_hidden_link_text'>Compartir por correo<\/span><\/a><\/li><\/ul><\/div><\/div>\n<div  style='height:50px' class='hr hr-invisible   avia-builder-el-8  el_after_av_social_share  el_before_av_comments_list '><span class='hr-inner ' ><span class='hr-inner-style'><\/span><\/span><\/div>\n<div  class='av-buildercomment  av-blog-meta-html-info-disabled av-blog-meta-tag-disabled  '><\/div>\n","protected":false},"excerpt":{"rendered":"","protected":false},"author":1,"featured_media":41340,"comment_status":"open","ping_status":"open","sticky":false,"template":"","format":"standard","meta":{"footnotes":""},"categories":[49],"tags":[],"class_list":["post-41339","post","type-post","status-publish","format-standard","has-post-thumbnail","hentry","category-educacion"],"jetpack_featured_media_url":"https:\/\/radiorevelacionfm.cl\/wp-content\/uploads\/2024\/04\/booktuber-1_optimized.jpg","_links":{"self":[{"href":"https:\/\/radiorevelacionfm.cl\/index.php?rest_route=\/wp\/v2\/posts\/41339","targetHints":{"allow":["GET"]}}],"collection":[{"href":"https:\/\/radiorevelacionfm.cl\/index.php?rest_route=\/wp\/v2\/posts"}],"about":[{"href":"https:\/\/radiorevelacionfm.cl\/index.php?rest_route=\/wp\/v2\/types\/post"}],"author":[{"embeddable":true,"href":"https:\/\/radiorevelacionfm.cl\/index.php?rest_route=\/wp\/v2\/users\/1"}],"replies":[{"embeddable":true,"href":"https:\/\/radiorevelacionfm.cl\/index.php?rest_route=%2Fwp%2Fv2%2Fcomments&post=41339"}],"version-history":[{"count":1,"href":"https:\/\/radiorevelacionfm.cl\/index.php?rest_route=\/wp\/v2\/posts\/41339\/revisions"}],"predecessor-version":[{"id":41341,"href":"https:\/\/radiorevelacionfm.cl\/index.php?rest_route=\/wp\/v2\/posts\/41339\/revisions\/41341"}],"wp:featuredmedia":[{"embeddable":true,"href":"https:\/\/radiorevelacionfm.cl\/index.php?rest_route=\/wp\/v2\/media\/41340"}],"wp:attachment":[{"href":"https:\/\/radiorevelacionfm.cl\/index.php?rest_route=%2Fwp%2Fv2%2Fmedia&parent=41339"}],"wp:term":[{"taxonomy":"category","embeddable":true,"href":"https:\/\/radiorevelacionfm.cl\/index.php?rest_route=%2Fwp%2Fv2%2Fcategories&post=41339"},{"taxonomy":"post_tag","embeddable":true,"href":"https:\/\/radiorevelacionfm.cl\/index.php?rest_route=%2Fwp%2Fv2%2Ftags&post=41339"}],"curies":[{"name":"wp","href":"https:\/\/api.w.org\/{rel}","templated":true}]}}