{"id":41336,"date":"2024-04-16T15:47:35","date_gmt":"2024-04-16T18:47:35","guid":{"rendered":"https:\/\/radiorevelacionfm.cl\/?p=41336"},"modified":"2024-04-16T15:47:35","modified_gmt":"2024-04-16T18:47:35","slug":"mujeres-emprendedoras-de-la-comuna-de-aysen-desarrollan-sus-negocios-junto-al-fosis","status":"publish","type":"post","link":"https:\/\/radiorevelacionfm.cl\/?p=41336","title":{"rendered":"Mujeres emprendedoras de la comuna de Ays\u00e9n desarrollan sus negocios junto al FOSIS"},"content":{"rendered":"<div class=\"flex_column av_one_full  flex_column_div av-zero-column-padding first  avia-builder-el-0  el_before_av_one_full  avia-builder-el-first  \" style='border-radius:0px; '><div  class='avia-image-container  av-styling-    avia-builder-el-1  avia-builder-el-no-sibling  avia-align-center '  itemprop=\"image\" itemscope=\"itemscope\" itemtype=\"https:\/\/schema.org\/ImageObject\"  ><div class='avia-image-container-inner'><div class='avia-image-overlay-wrap'><img decoding=\"async\" class='wp-image-41337 avia-img-lazy-loading-not-41337 avia_image' src=\"https:\/\/radiorevelacionfm.cl\/wp-content\/uploads\/2024\/04\/Emprendamos-Basico-Aysen-1-1.jpeg\" alt='' title='Emprendamos B\u00e1sico Ays\u00e9n (1) (1)' height=\"600\" width=\"1067\"  itemprop=\"thumbnailUrl\" srcset=\"https:\/\/radiorevelacionfm.cl\/wp-content\/uploads\/2024\/04\/Emprendamos-Basico-Aysen-1-1.jpeg 1067w, https:\/\/radiorevelacionfm.cl\/wp-content\/uploads\/2024\/04\/Emprendamos-Basico-Aysen-1-1-300x169.jpeg 300w, https:\/\/radiorevelacionfm.cl\/wp-content\/uploads\/2024\/04\/Emprendamos-Basico-Aysen-1-1-1030x579.jpeg 1030w, https:\/\/radiorevelacionfm.cl\/wp-content\/uploads\/2024\/04\/Emprendamos-Basico-Aysen-1-1-768x432.jpeg 768w, https:\/\/radiorevelacionfm.cl\/wp-content\/uploads\/2024\/04\/Emprendamos-Basico-Aysen-1-1-705x396.jpeg 705w, https:\/\/radiorevelacionfm.cl\/wp-content\/uploads\/2024\/04\/Emprendamos-Basico-Aysen-1-1-450x253.jpeg 450w, https:\/\/radiorevelacionfm.cl\/wp-content\/uploads\/2024\/04\/Emprendamos-Basico-Aysen-1-1-600x337.jpeg 600w\" sizes=\"(max-width: 1067px) 100vw, 1067px\" \/><\/div><\/div><\/div><\/div><div class=\"flex_column av_one_full  flex_column_div av-zero-column-padding first  avia-builder-el-2  el_after_av_one_full  el_before_av_one_full  column-top-margin\" style='border-radius:0px; '><section class=\"av_textblock_section \"  itemscope=\"itemscope\" itemtype=\"https:\/\/schema.org\/BlogPosting\" itemprop=\"blogPost\" ><div class='avia_textblock  '   itemprop=\"text\" ><p style=\"text-align: center;\"><span style=\"font-size: 18pt;\"><strong>Mujeres emprendedoras de la comuna de Ays\u00e9n desarrollan sus negocios junto al FOSIS<\/strong><\/span><\/p>\n<div id=\"gtx-trans\" style=\"position: absolute; left: -50px; top: 4.31534px;\">\n<div class=\"gtx-trans-icon\"><\/div>\n<\/div>\n<\/div><\/section><\/div><div class=\"flex_column av_one_full  flex_column_div av-zero-column-padding first  avia-builder-el-4  el_after_av_one_full  el_before_av_hr  column-top-margin\" style='border-radius:0px; '><section class=\"av_textblock_section \"  itemscope=\"itemscope\" itemtype=\"https:\/\/schema.org\/BlogPosting\" itemprop=\"blogPost\" ><div class='avia_textblock  '   itemprop=\"text\" ><p style=\"text-align: justify;\"><em>19 mujeres de Puerto Ays\u00e9n, Puerto Chacabuco y Villa Ma\u00f1ihuales recibieron capacitaci\u00f3n, asesor\u00eda y financiamiento para fortalecer y dar un impulso a sus actividades productivas.<\/em><\/p>\n<p style=\"text-align: justify;\">La instancia de certificaci\u00f3n del programa Emprendamos B\u00e1sico, financiados por el Fondo de Solidaridad e Inversi\u00f3n Social, FOSIS, se llev\u00f3 a cabo en Puerto Ays\u00e9n y cont\u00f3 con la participaci\u00f3n del representante de la Delegaci\u00f3n Presidencial Provincial de Ays\u00e9n, Sebasti\u00e1n Vega y la Directora Regional del FOSIS, Fernanda Leiva; quienes compartieron con parte de las 19 emprendedoras que concluyeron este proceso formativo.<\/p>\n<p style=\"text-align: justify;\">El programa Emprendamos B\u00e1sico busca apoyar a personas, en este caso enfocado en mujeres de hogares monoparentales, que desarrollan actividades econ\u00f3micas de manera aut\u00f3noma, para que puedan percibir ingresos mayores y m\u00e1s estables fruto del desarrollo de una actividad productiva independiente.<\/p>\n<p style=\"text-align: justify;\">Maritza D\u00edaz tiene un emprendimiento de comida casera en Puerto Ays\u00e9n y valor\u00f3 positivamente su experiencia en el programa del FOSIS. \u201cAprend\u00ed a c\u00f3mo hacer marketing por internet, cosa que yo no sab\u00eda antes, la calidad humana que se ve aqu\u00ed en el grupo, los datos de comercio como saber d\u00f3nde ir a comprar alg\u00fan insumo o conocer a mis otras compa\u00f1eras que hacen diferentes tipos de emprendimientos. Es un tiempo que uno se da para s\u00ed misma, aparte de aprender uno hace amistad tambi\u00e9n\u201d.<\/p>\n<p style=\"text-align: justify;\">La Directora Regional del FOSIS Ays\u00e9n, Fernanda Leiva, destac\u00f3 que \u201cen este proceso de 8 meses donde se entreg\u00f3 capacitaci\u00f3n, financiamiento y asesor\u00eda; se form\u00f3 un grupo muy cohesionado, donde muchas de estas mujeres pudieron potenciar sus negocios, conocimientos y habilidades personales. Estamos dando cumplimiento al mandato de nuestro Presidente Gabriel Boric, apoyando el emprendimiento femenino porque es un pilar fundamental para mejorar la calidad de vida de las mujeres y sus familias, junto con fomentar y cimentar su autonom\u00eda econ\u00f3mica, que les permite un mejor estar\u201d.<\/p>\n<p style=\"text-align: justify;\">Sebasti\u00e1n Vega, representante de la Delegaci\u00f3n Presidencial Provincial de Ays\u00e9n, asegur\u00f3 que \u201cel compromiso que tenemos como Gobierno es poner a disposici\u00f3n todos los instrumentos p\u00fablicos que vayan en mejorarle la calidad de vida a nuestros vecinos y vecinas. Nuestras vecinas de la comuna que hoy, a trav\u00e9s de este proceso de aprendizaje, se sienten muy satisfechas de todo lo que han logrado para potenciar sus emprendimientos. La invitaci\u00f3n es que ellas sigan esta trayectoria, puedan seguir escalando, aspirar a una formalizaci\u00f3n y eventualmente a todos los recursos p\u00fablicos disponibles para que estos emprendimientos se transformen en oportunidad de trabajo para otras personas de nuestra comunidad\u201d.<\/p>\n<p style=\"text-align: justify;\">Los programas Emprendamos son parte de la l\u00ednea de Generaci\u00f3n de Ingresos de la oferta program\u00e1tica del FOSIS y est\u00e1n orientados a quienes tienen un negocio en funcionamiento y necesitan potenciarlo, usando herramientas para optimizar su gesti\u00f3n.<\/p>\n<\/div><\/section><\/div><div  style='height:50px' class='hr hr-invisible   avia-builder-el-6  el_after_av_one_full  el_before_av_social_share '><span class='hr-inner ' ><span class='hr-inner-style'><\/span><\/span><\/div><\/p>\n<div  class='av-social-sharing-box  avia-builder-el-7  el_after_av_hr  el_before_av_hr  '><div class='av-share-box'><h5 class='av-share-link-description av-no-toc '>Compartir esta noticia<\/h5><ul class='av-share-box-list noLightbox'><li class='av-share-link av-social-link-facebook' ><a target=\"_blank\" aria-label=\"Compartir en Facebook\" href='https:\/\/www.facebook.com\/sharer.php?u=https:\/\/radiorevelacionfm.cl\/?p=41336&#038;t=Mujeres%20emprendedoras%20de%20la%20comuna%20de%20Ays%C3%A9n%20desarrollan%20sus%20negocios%20junto%20al%20FOSIS' aria-hidden='false' data-av_icon='\ue8f3' data-av_iconfont='entypo-fontello' title='' data-avia-related-tooltip='Compartir en Facebook' rel=\"noopener\"><span class='avia_hidden_link_text'>Compartir en Facebook<\/span><\/a><\/li><li class='av-share-link av-social-link-twitter' ><a target=\"_blank\" aria-label=\"Compartir en Twitter\" href='https:\/\/twitter.com\/share?text=Mujeres%20emprendedoras%20de%20la%20comuna%20de%20Ays%C3%A9n%20desarrollan%20sus%20negocios%20junto%20al%20FOSIS&#038;url=https:\/\/radiorevelacionfm.cl\/?p=41336' aria-hidden='false' data-av_icon='\ue8f1' data-av_iconfont='entypo-fontello' title='' data-avia-related-tooltip='Compartir en Twitter' rel=\"noopener\"><span class='avia_hidden_link_text'>Compartir en Twitter<\/span><\/a><\/li><li class='av-share-link av-social-link-whatsapp' ><a target=\"_blank\" aria-label=\"Compartir en Whatsapp\" href='https:\/\/api.whatsapp.com\/send?text=https:\/\/radiorevelacionfm.cl\/?p=41336' aria-hidden='false' data-av_icon='\uf232' data-av_iconfont='entypo-fontello' title='' data-avia-related-tooltip='Compartir en Whatsapp' rel=\"noopener\"><span class='avia_hidden_link_text'>Compartir en Whatsapp<\/span><\/a><\/li><li class='av-share-link av-social-link-linkedin' ><a target=\"_blank\" aria-label=\"Compartir en LinkedIn\" href='https:\/\/linkedin.com\/shareArticle?mini=true&#038;title=Mujeres%20emprendedoras%20de%20la%20comuna%20de%20Ays%C3%A9n%20desarrollan%20sus%20negocios%20junto%20al%20FOSIS&#038;url=https:\/\/radiorevelacionfm.cl\/?p=41336' aria-hidden='false' data-av_icon='\ue8fc' data-av_iconfont='entypo-fontello' title='' data-avia-related-tooltip='Compartir en LinkedIn' rel=\"noopener\"><span class='avia_hidden_link_text'>Compartir en LinkedIn<\/span><\/a><\/li><li class='av-share-link av-social-link-mail' ><a  aria-label=\"Compartir por correo\" href='mailto:?subject=Mujeres%20emprendedoras%20de%20la%20comuna%20de%20Ays%C3%A9n%20desarrollan%20sus%20negocios%20junto%20al%20FOSIS&#038;body=https:\/\/radiorevelacionfm.cl\/?p=41336' aria-hidden='false' data-av_icon='\ue805' data-av_iconfont='entypo-fontello' title='' data-avia-related-tooltip='Compartir por correo'><span class='avia_hidden_link_text'>Compartir por correo<\/span><\/a><\/li><\/ul><\/div><\/div>\n<div  style='height:50px' class='hr hr-invisible   avia-builder-el-8  el_after_av_social_share  el_before_av_comments_list '><span class='hr-inner ' ><span class='hr-inner-style'><\/span><\/span><\/div>\n<div  class='av-buildercomment  av-blog-meta-html-info-disabled av-blog-meta-tag-disabled  '><\/div>\n","protected":false},"excerpt":{"rendered":"","protected":false},"author":1,"featured_media":41337,"comment_status":"open","ping_status":"open","sticky":false,"template":"","format":"standard","meta":{"footnotes":""},"categories":[38],"tags":[],"class_list":["post-41336","post","type-post","status-publish","format-standard","has-post-thumbnail","hentry","category-regional"],"jetpack_featured_media_url":"https:\/\/radiorevelacionfm.cl\/wp-content\/uploads\/2024\/04\/Emprendamos-Basico-Aysen-1-1.jpeg","_links":{"self":[{"href":"https:\/\/radiorevelacionfm.cl\/index.php?rest_route=\/wp\/v2\/posts\/41336","targetHints":{"allow":["GET"]}}],"collection":[{"href":"https:\/\/radiorevelacionfm.cl\/index.php?rest_route=\/wp\/v2\/posts"}],"about":[{"href":"https:\/\/radiorevelacionfm.cl\/index.php?rest_route=\/wp\/v2\/types\/post"}],"author":[{"embeddable":true,"href":"https:\/\/radiorevelacionfm.cl\/index.php?rest_route=\/wp\/v2\/users\/1"}],"replies":[{"embeddable":true,"href":"https:\/\/radiorevelacionfm.cl\/index.php?rest_route=%2Fwp%2Fv2%2Fcomments&post=41336"}],"version-history":[{"count":1,"href":"https:\/\/radiorevelacionfm.cl\/index.php?rest_route=\/wp\/v2\/posts\/41336\/revisions"}],"predecessor-version":[{"id":41338,"href":"https:\/\/radiorevelacionfm.cl\/index.php?rest_route=\/wp\/v2\/posts\/41336\/revisions\/41338"}],"wp:featuredmedia":[{"embeddable":true,"href":"https:\/\/radiorevelacionfm.cl\/index.php?rest_route=\/wp\/v2\/media\/41337"}],"wp:attachment":[{"href":"https:\/\/radiorevelacionfm.cl\/index.php?rest_route=%2Fwp%2Fv2%2Fmedia&parent=41336"}],"wp:term":[{"taxonomy":"category","embeddable":true,"href":"https:\/\/radiorevelacionfm.cl\/index.php?rest_route=%2Fwp%2Fv2%2Fcategories&post=41336"},{"taxonomy":"post_tag","embeddable":true,"href":"https:\/\/radiorevelacionfm.cl\/index.php?rest_route=%2Fwp%2Fv2%2Ftags&post=41336"}],"curies":[{"name":"wp","href":"https:\/\/api.w.org\/{rel}","templated":true}]}}