{"id":41333,"date":"2024-04-16T21:29:43","date_gmt":"2024-04-17T00:29:43","guid":{"rendered":"https:\/\/radiorevelacionfm.cl\/?p=41333"},"modified":"2024-04-16T21:29:43","modified_gmt":"2024-04-17T00:29:43","slug":"crea-el-plan-nacional-digital-senadora-ordenes-destaco-que-en-chile-el-acceso-a-internet-sera-garantizado-por-ley","status":"publish","type":"post","link":"https:\/\/radiorevelacionfm.cl\/?p=41333","title":{"rendered":"Crea el Plan Nacional Digital: Senadora \u00d3rdenes destac\u00f3 que en Chile el acceso a Internet ser\u00e1 garantizado por ley"},"content":{"rendered":"<div class=\"flex_column av_one_full  flex_column_div av-zero-column-padding first  avia-builder-el-0  el_before_av_one_full  avia-builder-el-first  \" style='border-radius:0px; '><div  class='avia-image-container  av-styling-    avia-builder-el-1  avia-builder-el-no-sibling  avia-align-center '  itemprop=\"image\" itemscope=\"itemscope\" itemtype=\"https:\/\/schema.org\/ImageObject\"  ><div class='avia-image-container-inner'><div class='avia-image-overlay-wrap'><img decoding=\"async\" class='wp-image-41334 avia-img-lazy-loading-not-41334 avia_image' src=\"https:\/\/radiorevelacionfm.cl\/wp-content\/uploads\/2024\/04\/SENADORA-04-1-1.jpeg\" alt='' title='SENADORA 04 (1) (1)' height=\"600\" width=\"901\"  itemprop=\"thumbnailUrl\" srcset=\"https:\/\/radiorevelacionfm.cl\/wp-content\/uploads\/2024\/04\/SENADORA-04-1-1.jpeg 901w, https:\/\/radiorevelacionfm.cl\/wp-content\/uploads\/2024\/04\/SENADORA-04-1-1-300x200.jpeg 300w, https:\/\/radiorevelacionfm.cl\/wp-content\/uploads\/2024\/04\/SENADORA-04-1-1-768x511.jpeg 768w, https:\/\/radiorevelacionfm.cl\/wp-content\/uploads\/2024\/04\/SENADORA-04-1-1-705x469.jpeg 705w, https:\/\/radiorevelacionfm.cl\/wp-content\/uploads\/2024\/04\/SENADORA-04-1-1-450x300.jpeg 450w, https:\/\/radiorevelacionfm.cl\/wp-content\/uploads\/2024\/04\/SENADORA-04-1-1-600x400.jpeg 600w\" sizes=\"(max-width: 901px) 100vw, 901px\" \/><\/div><\/div><\/div><\/div><div class=\"flex_column av_one_full  flex_column_div av-zero-column-padding first  avia-builder-el-2  el_after_av_one_full  el_before_av_one_full  column-top-margin\" style='border-radius:0px; '><section class=\"av_textblock_section \"  itemscope=\"itemscope\" itemtype=\"https:\/\/schema.org\/BlogPosting\" itemprop=\"blogPost\" ><div class='avia_textblock  '   itemprop=\"text\" ><p style=\"text-align: center;\"><span style=\"font-size: 18pt;\"><strong>Crea el Plan Nacional Digital: Senadora \u00d3rdenes destac\u00f3 que en Chile el acceso a Internet ser\u00e1 garantizado por ley<\/strong><\/span><\/p>\n<div id=\"gtx-trans\" style=\"position: absolute; left: -50px; top: 4.31534px;\">\n<div class=\"gtx-trans-icon\"><\/div>\n<\/div>\n<\/div><\/section><\/div><div class=\"flex_column av_one_full  flex_column_div av-zero-column-padding first  avia-builder-el-4  el_after_av_one_full  el_before_av_hr  column-top-margin\" style='border-radius:0px; '><section class=\"av_textblock_section \"  itemscope=\"itemscope\" itemtype=\"https:\/\/schema.org\/BlogPosting\" itemprop=\"blogPost\" ><div class='avia_textblock  '   itemprop=\"text\" ><p style=\"text-align: justify;\">Luego de que la Comisi\u00f3n Mixta lograra enviar a su \u00faltimo tr\u00e1mite el proyecto de ley que reconoce el acceso a Internet como un servicio p\u00fablico de telecomunicaciones, en tan solo dos semanas, el Congreso despach\u00f3 la iniciativa. La senadora por la regi\u00f3n de Ays\u00e9n, Ximena \u00d3rdenes Neira, celebr\u00f3 el que se avance en el acceso a Internet, para todo el territorio nacional: \u201choy despachamos desde el Congreso Nacional, la ley que reconoce a Internet como un servicio p\u00fablico de telecomunicaciones\u201d, se\u00f1al\u00f3 la parlamentaria, afirmando que \u201ceste es un gran avance\u201d.<\/p>\n<p style=\"text-align: justify;\">En la Comisi\u00f3n Mixta se norm\u00f3 que la aplicaci\u00f3n y desarrollo de estos principios se establecer\u00e1 en un instrumento denominado\u00a0Plan Nacional Digital, a cargo del Ministerio de Transportes y Telecomunicaciones, ente que deber\u00e1 fomentar la innovaci\u00f3n y desarrollo equitativo de las telecomunicaciones en el pa\u00eds.<\/p>\n<p style=\"text-align: justify;\">La senadora \u00d3rdenes tambi\u00e9n record\u00f3 la precariedad en la conexi\u00f3n de muchas comunas del pa\u00eds, sosteniendo que \u201cla pandemia nos mostr\u00f3 las profundas inequidades en materia de conectividad digital\u201d. Al mismo tiempo, destac\u00f3 que, \u201ca trav\u00e9s de esta ley, no solo se reconoce -a Internet- como derecho; como un servicio esencial, sino tambi\u00e9n, permitir\u00e1 que podamos subsidiar la demanda y llegar a aquellos hogares m\u00e1s vulnerables, que a\u00fan no pueden conectarse a Internet\u201d.<\/p>\n<p style=\"text-align: justify;\">Durante el debate en el Senado, la parlamentaria, quien fue parte de la tramitaci\u00f3n este proyecto desde que la iniciativa fue ingresada al Congreso a trav\u00e9s de la Comisi\u00f3n de Transportes y Telecomunicaciones, sostuvo que, \u201csi hay un proyecto que se hace cargo, en gran parte, de la brecha digital existente en Chile, es este\u201d, recordando que, seg\u00fan los estudios revisados, esta brecha afecta, en su mayor\u00eda, a mujeres, a los sectores rurales y a las familias de menos ingresos.<\/p>\n<p style=\"text-align: justify;\">El objetivo de la norma es\u00a0permitir que la poblaci\u00f3n que hoy est\u00e1 incomunicada digitalmente, pueda acceder a una conexi\u00f3n a Internet, de este modo, las concesionarias de telecomunicaciones deber\u00e1n entregar cobertura obligatoria dentro de sus \u00e1reas de concesi\u00f3n. Adem\u00e1s, la ley permite subsidiar la demanda -la cuenta de Internet de aquellos hogares que no pueden acceder al servicio por no poder pagarlo- mediante el FDT -Fondo de Desarrollo de Telecomunicaciones-.<\/p>\n<\/div><\/section><\/div><div  style='height:50px' class='hr hr-invisible   avia-builder-el-6  el_after_av_one_full  el_before_av_social_share '><span class='hr-inner ' ><span class='hr-inner-style'><\/span><\/span><\/div><\/p>\n<div  class='av-social-sharing-box  avia-builder-el-7  el_after_av_hr  el_before_av_hr  '><div class='av-share-box'><h5 class='av-share-link-description av-no-toc '>Compartir esta noticia<\/h5><ul class='av-share-box-list noLightbox'><li class='av-share-link av-social-link-facebook' ><a target=\"_blank\" aria-label=\"Compartir en Facebook\" href='https:\/\/www.facebook.com\/sharer.php?u=https:\/\/radiorevelacionfm.cl\/?p=41333&#038;t=Crea%20el%20Plan%20Nacional%20Digital%3A%20Senadora%20%C3%93rdenes%20destac%C3%B3%20que%20en%20Chile%20el%20acceso%20a%20Internet%20ser%C3%A1%20garantizado%20por%20ley' aria-hidden='false' data-av_icon='\ue8f3' data-av_iconfont='entypo-fontello' title='' data-avia-related-tooltip='Compartir en Facebook' rel=\"noopener\"><span class='avia_hidden_link_text'>Compartir en Facebook<\/span><\/a><\/li><li class='av-share-link av-social-link-twitter' ><a target=\"_blank\" aria-label=\"Compartir en Twitter\" href='https:\/\/twitter.com\/share?text=Crea%20el%20Plan%20Nacional%20Digital%3A%20Senadora%20%C3%93rdenes%20destac%C3%B3%20que%20en%20Chile%20el%20acceso%20a%20Internet%20ser%C3%A1%20garantizado%20por%20ley&#038;url=https:\/\/radiorevelacionfm.cl\/?p=41333' aria-hidden='false' data-av_icon='\ue8f1' data-av_iconfont='entypo-fontello' title='' data-avia-related-tooltip='Compartir en Twitter' rel=\"noopener\"><span class='avia_hidden_link_text'>Compartir en Twitter<\/span><\/a><\/li><li class='av-share-link av-social-link-whatsapp' ><a target=\"_blank\" aria-label=\"Compartir en Whatsapp\" href='https:\/\/api.whatsapp.com\/send?text=https:\/\/radiorevelacionfm.cl\/?p=41333' aria-hidden='false' data-av_icon='\uf232' data-av_iconfont='entypo-fontello' title='' data-avia-related-tooltip='Compartir en Whatsapp' rel=\"noopener\"><span class='avia_hidden_link_text'>Compartir en Whatsapp<\/span><\/a><\/li><li class='av-share-link av-social-link-linkedin' ><a target=\"_blank\" aria-label=\"Compartir en LinkedIn\" href='https:\/\/linkedin.com\/shareArticle?mini=true&#038;title=Crea%20el%20Plan%20Nacional%20Digital%3A%20Senadora%20%C3%93rdenes%20destac%C3%B3%20que%20en%20Chile%20el%20acceso%20a%20Internet%20ser%C3%A1%20garantizado%20por%20ley&#038;url=https:\/\/radiorevelacionfm.cl\/?p=41333' aria-hidden='false' data-av_icon='\ue8fc' data-av_iconfont='entypo-fontello' title='' data-avia-related-tooltip='Compartir en LinkedIn' rel=\"noopener\"><span class='avia_hidden_link_text'>Compartir en LinkedIn<\/span><\/a><\/li><li class='av-share-link av-social-link-mail' ><a  aria-label=\"Compartir por correo\" href='mailto:?subject=Crea%20el%20Plan%20Nacional%20Digital%3A%20Senadora%20%C3%93rdenes%20destac%C3%B3%20que%20en%20Chile%20el%20acceso%20a%20Internet%20ser%C3%A1%20garantizado%20por%20ley&#038;body=https:\/\/radiorevelacionfm.cl\/?p=41333' aria-hidden='false' data-av_icon='\ue805' data-av_iconfont='entypo-fontello' title='' data-avia-related-tooltip='Compartir por correo'><span class='avia_hidden_link_text'>Compartir por correo<\/span><\/a><\/li><\/ul><\/div><\/div>\n<div  style='height:50px' class='hr hr-invisible   avia-builder-el-8  el_after_av_social_share  el_before_av_comments_list '><span class='hr-inner ' ><span class='hr-inner-style'><\/span><\/span><\/div>\n<div  class='av-buildercomment  av-blog-meta-html-info-disabled av-blog-meta-tag-disabled  '><\/div>\n","protected":false},"excerpt":{"rendered":"","protected":false},"author":1,"featured_media":41334,"comment_status":"open","ping_status":"open","sticky":false,"template":"","format":"standard","meta":{"footnotes":""},"categories":[35],"tags":[],"class_list":["post-41333","post","type-post","status-publish","format-standard","has-post-thumbnail","hentry","category-politica"],"jetpack_featured_media_url":"https:\/\/radiorevelacionfm.cl\/wp-content\/uploads\/2024\/04\/SENADORA-04-1-1.jpeg","_links":{"self":[{"href":"https:\/\/radiorevelacionfm.cl\/index.php?rest_route=\/wp\/v2\/posts\/41333","targetHints":{"allow":["GET"]}}],"collection":[{"href":"https:\/\/radiorevelacionfm.cl\/index.php?rest_route=\/wp\/v2\/posts"}],"about":[{"href":"https:\/\/radiorevelacionfm.cl\/index.php?rest_route=\/wp\/v2\/types\/post"}],"author":[{"embeddable":true,"href":"https:\/\/radiorevelacionfm.cl\/index.php?rest_route=\/wp\/v2\/users\/1"}],"replies":[{"embeddable":true,"href":"https:\/\/radiorevelacionfm.cl\/index.php?rest_route=%2Fwp%2Fv2%2Fcomments&post=41333"}],"version-history":[{"count":1,"href":"https:\/\/radiorevelacionfm.cl\/index.php?rest_route=\/wp\/v2\/posts\/41333\/revisions"}],"predecessor-version":[{"id":41335,"href":"https:\/\/radiorevelacionfm.cl\/index.php?rest_route=\/wp\/v2\/posts\/41333\/revisions\/41335"}],"wp:featuredmedia":[{"embeddable":true,"href":"https:\/\/radiorevelacionfm.cl\/index.php?rest_route=\/wp\/v2\/media\/41334"}],"wp:attachment":[{"href":"https:\/\/radiorevelacionfm.cl\/index.php?rest_route=%2Fwp%2Fv2%2Fmedia&parent=41333"}],"wp:term":[{"taxonomy":"category","embeddable":true,"href":"https:\/\/radiorevelacionfm.cl\/index.php?rest_route=%2Fwp%2Fv2%2Fcategories&post=41333"},{"taxonomy":"post_tag","embeddable":true,"href":"https:\/\/radiorevelacionfm.cl\/index.php?rest_route=%2Fwp%2Fv2%2Ftags&post=41333"}],"curies":[{"name":"wp","href":"https:\/\/api.w.org\/{rel}","templated":true}]}}