{"id":41330,"date":"2024-04-16T12:21:07","date_gmt":"2024-04-16T15:21:07","guid":{"rendered":"https:\/\/radiorevelacionfm.cl\/?p=41330"},"modified":"2024-04-16T12:21:07","modified_gmt":"2024-04-16T15:21:07","slug":"con-mas-de-2-mil-personas-trasladadas-sigue-expreso-conecta-mayor-en-aysen","status":"publish","type":"post","link":"https:\/\/radiorevelacionfm.cl\/?p=41330","title":{"rendered":"Con m\u00e1s de 2 mil personas trasladadas sigue \u201cExpreso Conecta Mayor\u201d en Ays\u00e9n"},"content":{"rendered":"<div class=\"flex_column av_one_full  flex_column_div av-zero-column-padding first  avia-builder-el-0  el_before_av_one_full  avia-builder-el-first  \" style='border-radius:0px; '><div  class='avia-image-container  av-styling-    avia-builder-el-1  avia-builder-el-no-sibling  avia-align-center '  itemprop=\"image\" itemscope=\"itemscope\" itemtype=\"https:\/\/schema.org\/ImageObject\"  ><div class='avia-image-container-inner'><div class='avia-image-overlay-wrap'><img decoding=\"async\" class='wp-image-41331 avia-img-lazy-loading-not-41331 avia_image' src=\"https:\/\/radiorevelacionfm.cl\/wp-content\/uploads\/2024\/04\/CONECTA-MAYOR-7-1-1.jpeg\" alt='' title='CONECTA MAYOR 7 (1) (1)' height=\"600\" width=\"800\"  itemprop=\"thumbnailUrl\" srcset=\"https:\/\/radiorevelacionfm.cl\/wp-content\/uploads\/2024\/04\/CONECTA-MAYOR-7-1-1.jpeg 800w, https:\/\/radiorevelacionfm.cl\/wp-content\/uploads\/2024\/04\/CONECTA-MAYOR-7-1-1-300x225.jpeg 300w, https:\/\/radiorevelacionfm.cl\/wp-content\/uploads\/2024\/04\/CONECTA-MAYOR-7-1-1-768x576.jpeg 768w, https:\/\/radiorevelacionfm.cl\/wp-content\/uploads\/2024\/04\/CONECTA-MAYOR-7-1-1-705x529.jpeg 705w, https:\/\/radiorevelacionfm.cl\/wp-content\/uploads\/2024\/04\/CONECTA-MAYOR-7-1-1-450x338.jpeg 450w, https:\/\/radiorevelacionfm.cl\/wp-content\/uploads\/2024\/04\/CONECTA-MAYOR-7-1-1-600x450.jpeg 600w\" sizes=\"(max-width: 800px) 100vw, 800px\" \/><\/div><\/div><\/div><\/div><div class=\"flex_column av_one_full  flex_column_div av-zero-column-padding first  avia-builder-el-2  el_after_av_one_full  el_before_av_one_full  column-top-margin\" style='border-radius:0px; '><section class=\"av_textblock_section \"  itemscope=\"itemscope\" itemtype=\"https:\/\/schema.org\/BlogPosting\" itemprop=\"blogPost\" ><div class='avia_textblock  '   itemprop=\"text\" ><p style=\"text-align: center;\"><strong><span style=\"font-size: 18pt;\">Con m\u00e1s de 2 mil personas trasladadas sigue \u201cExpreso Conecta Mayor\u201d en Ays\u00e9n<\/span><\/strong><\/p>\n<div id=\"gtx-trans\" style=\"position: absolute; left: -50px; top: 4.31534px;\">\n<div class=\"gtx-trans-icon\"><\/div>\n<\/div>\n<\/div><\/section><\/div><div class=\"flex_column av_one_full  flex_column_div av-zero-column-padding first  avia-builder-el-4  el_after_av_one_full  el_before_av_hr  column-top-margin\" style='border-radius:0px; '><section class=\"av_textblock_section \"  itemscope=\"itemscope\" itemtype=\"https:\/\/schema.org\/BlogPosting\" itemprop=\"blogPost\" ><div class='avia_textblock  '   itemprop=\"text\" ><p style=\"text-align: justify;\">Con amplia participaci\u00f3n de sus beneficiarios, recientemente se dio por iniciado el segundo a\u00f1o del \u00abExpreso Conecta Mayor\u00bb, de la oficina municipal del Adulto Mayor, iniciativa que, desde su nacimiento en la presente administraci\u00f3n municipal, ha apoyado a m\u00e1s de dos mil personas a lo largo de la comuna.<\/p>\n<p style=\"text-align: justify;\">\u201cEsta es una movilizaci\u00f3n para adultos mayores, a los cuales se les va a buscar, se les va a dejar, ellos llaman para ver cu\u00e1ndo van a realizar sus tr\u00e1mites, es una organizaci\u00f3n que la lleva nuestra encargada de la oficina del adulto mayor, que es, do\u00f1a Mirna Turra. Ah\u00ed felicitar el gran trabajo que se lleva adelante en alianza con la oficina de asuntos comunitarios, la UCAM de los adultos mayores y tambi\u00e9n con nuestra Dideco. Creo que este es uno de los programas m\u00e1s maravillosos que hemos hecho y que es estar preocupados del transporte de nuestros adultos mayores, ellos est\u00e1n felices y lo han manifestado en las diferentes reuniones\u201d, se\u00f1al\u00f3 el alcalde de la comuna de Ays\u00e9n, Julio Uribe.<\/p>\n<p style=\"text-align: justify;\">Una positiva evaluaci\u00f3n ha logrado la iniciativa \u201cexpreso conecta mayor\u201d de la Municipalidad porte\u00f1a, as\u00ed se desprende en las palabras de la presidenta de la Uni\u00f3n Comunal del Adulto Mayor \u201cTrapananda, Rosa Navarro.\u00a0 \u201cYa se ha cumplido un a\u00f1o, donde fue evaluado el cien por ciento bueno, m\u00e1s de dos mil adultos mayores beneficiados en este conecta mayor, donde los van a buscar y a dejar a su casa, mientras ellos hacen sus tr\u00e1mites. Hoy comienza el segundo a\u00f1o, espero que sea un gran \u00e9xito, porque como lo dije, nosotros los adultos mayores tambi\u00e9n pensamos, tenemos necesidades, muchos de nosotros vivimos con una pensi\u00f3n y esto es un gran apoyo\u201d.<\/p>\n<p style=\"text-align: justify;\">De igual forma, Isabel \u00c1lvarez, integrante de la directiva del club \u201cSagrado Coraz\u00f3n de Jes\u00fas\u201d de Puerto Chacabuco, valor\u00f3 este importante beneficio para los adultos mayores. \u201cEsto es algo productivo, porque la gente puede venir a comprar al supermercado, puede ir al banco, porque la locomoci\u00f3n en Chacabuco es mala. Hay adultos mayores que andan con muletas, otras que tienen que venir al banco, gente que tiene que ir a Coyhaique y les sirve este transporte. As\u00ed es que, muy bueno y agradecida que haya sido un buen a\u00f1o y que ahora sigamos con esta locomoci\u00f3n\u201d.<\/p>\n<p style=\"text-align: justify;\">En la ceremonia y en el desarrollo de esta iniciativa la oficina municipal del adulto mayor, ha contado con el permanente apoyo de la UCAM \u201cTrapananda\u201d, en esta oportunidad tambi\u00e9n con el coro de la organizaci\u00f3n y la infaltable presencia de la agrupaci\u00f3n musical \u201cPasi\u00f3n Ranchera\u201d, m\u00fasicos ayseninos que son requeridos permanentemente por los adultos mayores y que en esta actividad pusieron el toque de alegr\u00eda y ritmo para los asistentes.<\/p>\n<\/div><\/section><\/div><div  style='height:50px' class='hr hr-invisible   avia-builder-el-6  el_after_av_one_full  el_before_av_social_share '><span class='hr-inner ' ><span class='hr-inner-style'><\/span><\/span><\/div><\/p>\n<div  class='av-social-sharing-box  avia-builder-el-7  el_after_av_hr  el_before_av_hr  '><div class='av-share-box'><h5 class='av-share-link-description av-no-toc '>Compartir esta noticia<\/h5><ul class='av-share-box-list noLightbox'><li class='av-share-link av-social-link-facebook' ><a target=\"_blank\" aria-label=\"Compartir en Facebook\" href='https:\/\/www.facebook.com\/sharer.php?u=https:\/\/radiorevelacionfm.cl\/?p=41330&#038;t=Con%20m%C3%A1s%20de%202%20mil%20personas%20trasladadas%20sigue%20%E2%80%9CExpreso%20Conecta%20Mayor%E2%80%9D%20en%20Ays%C3%A9n' aria-hidden='false' data-av_icon='\ue8f3' data-av_iconfont='entypo-fontello' title='' data-avia-related-tooltip='Compartir en Facebook' rel=\"noopener\"><span class='avia_hidden_link_text'>Compartir en Facebook<\/span><\/a><\/li><li class='av-share-link av-social-link-twitter' ><a target=\"_blank\" aria-label=\"Compartir en Twitter\" href='https:\/\/twitter.com\/share?text=Con%20m%C3%A1s%20de%202%20mil%20personas%20trasladadas%20sigue%20%E2%80%9CExpreso%20Conecta%20Mayor%E2%80%9D%20en%20Ays%C3%A9n&#038;url=https:\/\/radiorevelacionfm.cl\/?p=41330' aria-hidden='false' data-av_icon='\ue8f1' data-av_iconfont='entypo-fontello' title='' data-avia-related-tooltip='Compartir en Twitter' rel=\"noopener\"><span class='avia_hidden_link_text'>Compartir en Twitter<\/span><\/a><\/li><li class='av-share-link av-social-link-whatsapp' ><a target=\"_blank\" aria-label=\"Compartir en Whatsapp\" href='https:\/\/api.whatsapp.com\/send?text=https:\/\/radiorevelacionfm.cl\/?p=41330' aria-hidden='false' data-av_icon='\uf232' data-av_iconfont='entypo-fontello' title='' data-avia-related-tooltip='Compartir en Whatsapp' rel=\"noopener\"><span class='avia_hidden_link_text'>Compartir en Whatsapp<\/span><\/a><\/li><li class='av-share-link av-social-link-linkedin' ><a target=\"_blank\" aria-label=\"Compartir en LinkedIn\" href='https:\/\/linkedin.com\/shareArticle?mini=true&#038;title=Con%20m%C3%A1s%20de%202%20mil%20personas%20trasladadas%20sigue%20%E2%80%9CExpreso%20Conecta%20Mayor%E2%80%9D%20en%20Ays%C3%A9n&#038;url=https:\/\/radiorevelacionfm.cl\/?p=41330' aria-hidden='false' data-av_icon='\ue8fc' data-av_iconfont='entypo-fontello' title='' data-avia-related-tooltip='Compartir en LinkedIn' rel=\"noopener\"><span class='avia_hidden_link_text'>Compartir en LinkedIn<\/span><\/a><\/li><li class='av-share-link av-social-link-mail' ><a  aria-label=\"Compartir por correo\" href='mailto:?subject=Con%20m%C3%A1s%20de%202%20mil%20personas%20trasladadas%20sigue%20%E2%80%9CExpreso%20Conecta%20Mayor%E2%80%9D%20en%20Ays%C3%A9n&#038;body=https:\/\/radiorevelacionfm.cl\/?p=41330' aria-hidden='false' data-av_icon='\ue805' data-av_iconfont='entypo-fontello' title='' data-avia-related-tooltip='Compartir por correo'><span class='avia_hidden_link_text'>Compartir por correo<\/span><\/a><\/li><\/ul><\/div><\/div>\n<div  style='height:50px' class='hr hr-invisible   avia-builder-el-8  el_after_av_social_share  el_before_av_comments_list '><span class='hr-inner ' ><span class='hr-inner-style'><\/span><\/span><\/div>\n<div  class='av-buildercomment  av-blog-meta-html-info-disabled av-blog-meta-tag-disabled  '><\/div>\n","protected":false},"excerpt":{"rendered":"","protected":false},"author":1,"featured_media":41331,"comment_status":"open","ping_status":"open","sticky":false,"template":"","format":"standard","meta":{"footnotes":""},"categories":[38],"tags":[],"class_list":["post-41330","post","type-post","status-publish","format-standard","has-post-thumbnail","hentry","category-regional"],"jetpack_featured_media_url":"https:\/\/radiorevelacionfm.cl\/wp-content\/uploads\/2024\/04\/CONECTA-MAYOR-7-1-1.jpeg","_links":{"self":[{"href":"https:\/\/radiorevelacionfm.cl\/index.php?rest_route=\/wp\/v2\/posts\/41330","targetHints":{"allow":["GET"]}}],"collection":[{"href":"https:\/\/radiorevelacionfm.cl\/index.php?rest_route=\/wp\/v2\/posts"}],"about":[{"href":"https:\/\/radiorevelacionfm.cl\/index.php?rest_route=\/wp\/v2\/types\/post"}],"author":[{"embeddable":true,"href":"https:\/\/radiorevelacionfm.cl\/index.php?rest_route=\/wp\/v2\/users\/1"}],"replies":[{"embeddable":true,"href":"https:\/\/radiorevelacionfm.cl\/index.php?rest_route=%2Fwp%2Fv2%2Fcomments&post=41330"}],"version-history":[{"count":1,"href":"https:\/\/radiorevelacionfm.cl\/index.php?rest_route=\/wp\/v2\/posts\/41330\/revisions"}],"predecessor-version":[{"id":41332,"href":"https:\/\/radiorevelacionfm.cl\/index.php?rest_route=\/wp\/v2\/posts\/41330\/revisions\/41332"}],"wp:featuredmedia":[{"embeddable":true,"href":"https:\/\/radiorevelacionfm.cl\/index.php?rest_route=\/wp\/v2\/media\/41331"}],"wp:attachment":[{"href":"https:\/\/radiorevelacionfm.cl\/index.php?rest_route=%2Fwp%2Fv2%2Fmedia&parent=41330"}],"wp:term":[{"taxonomy":"category","embeddable":true,"href":"https:\/\/radiorevelacionfm.cl\/index.php?rest_route=%2Fwp%2Fv2%2Fcategories&post=41330"},{"taxonomy":"post_tag","embeddable":true,"href":"https:\/\/radiorevelacionfm.cl\/index.php?rest_route=%2Fwp%2Fv2%2Ftags&post=41330"}],"curies":[{"name":"wp","href":"https:\/\/api.w.org\/{rel}","templated":true}]}}