{"id":41327,"date":"2024-04-16T12:11:40","date_gmt":"2024-04-16T15:11:40","guid":{"rendered":"https:\/\/radiorevelacionfm.cl\/?p=41327"},"modified":"2024-04-16T12:11:40","modified_gmt":"2024-04-16T15:11:40","slug":"familia-de-joven-aysenino-pide-ayuda-por-tratamiento-medico-en-santiago-su-condicion-es-compleja","status":"publish","type":"post","link":"https:\/\/radiorevelacionfm.cl\/?p=41327","title":{"rendered":"Familia de joven aysenino pide ayuda por tratamiento m\u00e9dico en Santiago \u201csu condici\u00f3n es compleja\u201d"},"content":{"rendered":"<div class=\"flex_column av_one_full  flex_column_div av-zero-column-padding first  avia-builder-el-0  el_before_av_one_full  avia-builder-el-first  \" style='border-radius:0px; '><div  class='avia-image-container  av-styling-    avia-builder-el-1  avia-builder-el-no-sibling  avia-align-center '  itemprop=\"image\" itemscope=\"itemscope\" itemtype=\"https:\/\/schema.org\/ImageObject\"  ><div class='avia-image-container-inner'><div class='avia-image-overlay-wrap'><img decoding=\"async\" class='wp-image-41328 avia-img-lazy-loading-not-41328 avia_image' src=\"https:\/\/radiorevelacionfm.cl\/wp-content\/uploads\/2024\/04\/img-cristianvel1-1-1.jpeg\" alt='' title='img-cristianvel1 (1) (1)' height=\"644\" width=\"802\"  itemprop=\"thumbnailUrl\" srcset=\"https:\/\/radiorevelacionfm.cl\/wp-content\/uploads\/2024\/04\/img-cristianvel1-1-1.jpeg 802w, https:\/\/radiorevelacionfm.cl\/wp-content\/uploads\/2024\/04\/img-cristianvel1-1-1-300x241.jpeg 300w, https:\/\/radiorevelacionfm.cl\/wp-content\/uploads\/2024\/04\/img-cristianvel1-1-1-768x617.jpeg 768w, https:\/\/radiorevelacionfm.cl\/wp-content\/uploads\/2024\/04\/img-cristianvel1-1-1-705x566.jpeg 705w, https:\/\/radiorevelacionfm.cl\/wp-content\/uploads\/2024\/04\/img-cristianvel1-1-1-450x361.jpeg 450w, https:\/\/radiorevelacionfm.cl\/wp-content\/uploads\/2024\/04\/img-cristianvel1-1-1-600x482.jpeg 600w\" sizes=\"(max-width: 802px) 100vw, 802px\" \/><\/div><\/div><\/div><\/div><div class=\"flex_column av_one_full  flex_column_div av-zero-column-padding first  avia-builder-el-2  el_after_av_one_full  el_before_av_one_full  column-top-margin\" style='border-radius:0px; '><section class=\"av_textblock_section \"  itemscope=\"itemscope\" itemtype=\"https:\/\/schema.org\/BlogPosting\" itemprop=\"blogPost\" ><div class='avia_textblock  '   itemprop=\"text\" ><p style=\"text-align: center;\"><strong><span style=\"font-size: 18pt;\">Familia de joven aysenino pide ayuda por tratamiento m\u00e9dico en Santiago \u201csu condici\u00f3n es compleja\u201d<\/span><\/strong><\/p>\n<div id=\"gtx-trans\" style=\"position: absolute; left: -50px; top: 4.31534px;\">\n<div class=\"gtx-trans-icon\"><\/div>\n<\/div>\n<\/div><\/section><\/div><div class=\"flex_column av_one_full  flex_column_div av-zero-column-padding first  avia-builder-el-4  el_after_av_one_full  el_before_av_hr  column-top-margin\" style='border-radius:0px; '><section class=\"av_textblock_section \"  itemscope=\"itemscope\" itemtype=\"https:\/\/schema.org\/BlogPosting\" itemprop=\"blogPost\" ><div class='avia_textblock  '   itemprop=\"text\" ><p style=\"text-align: justify;\">Cinco meses han pasado desde que Cristian Vel\u00e1squez Panichini fue trasladado hasta la capital nacional para efectuar una bater\u00eda de acciones que le permitan recuperar su salud debido a una serie de complicaciones m\u00e9dicas acontecidas en la Regi\u00f3n. La falta de especialistas oblig\u00f3 a su familia a radicarse en Santiago y pedir colaboraci\u00f3n para contar con el tratamiento adecuado. Sin embargo, la situaci\u00f3n no ha sido la esperada. Desde su entorno acusan un \u201cabandono por parte de los m\u00e9dicos vasculares\u201d en el Hospital El Salvador debido a distintos de procedimientos. Actualmente, el joven de 33 a\u00f1os se mantiene en una situaci\u00f3n delicada. Su madre aboga por la atenci\u00f3n de un cirujano vascular y que pueda ser a\u00f1adido a la lista nacional de trasplante.<\/p>\n<p style=\"text-align: justify;\">El caso de la familia Vel\u00e1squez Panichini conmovi\u00f3 a la comunidad aysenina cuando Cristian, conocido por sus amigos como Kastor, declaraba sus esperanzas de vivir pidiendo ayuda a las autoridades locales para gestionar las acciones necesarias ante la falta de especialistas en la zona. Los hechos, indican desde su n\u00facleo, se remontan a las atenciones que recibi\u00f3 Vel\u00e1squez en la Unidad de Di\u00e1lisis del Hospital de Puerto Ays\u00e9n, lugar en el cual la manipulaci\u00f3n de f\u00edstula que permit\u00eda su di\u00e1lisis no habr\u00eda sido la optima generando que esta se \u201crompiera\u201d, por lo que, se vio imposibilitando de recibir esta acci\u00f3n vital.<\/p>\n<p style=\"text-align: justify;\">En este sentido, Cristian ha sido derivado en m\u00e1s de una oportunidad a distintos recintos asistenciales del pa\u00eds por la inexistencia en la Regi\u00f3n de Ays\u00e9n de profesionales id\u00f3neos para el tratamiento de su enfermedad de base y la condici\u00f3n vascular que requiere. La vivencia de estos ayseninos se suma a la larga lista de personas que por el solo hecho de vivir en la Patagonia \u2013 Ays\u00e9n ven limitadas sus alternativas de recuperaci\u00f3n, quedando a la acci\u00f3n que tenga la Red Integrada de Servicios que posee el Ministerio de Salud.<\/p>\n<p style=\"text-align: justify;\">Mar\u00eda Cristina Panichini, madre de Cristian explic\u00f3 que \u201cla condici\u00f3n de Cristian en Santiago actualmente est\u00e1 compleja porque hizo una urgencia dial\u00edtica este fin de semana, ya que se tap\u00f3 su cat\u00e9ter nuevamente y no se ha podido resolver el tema vascular. La verdad que no s\u00e9 qu\u00e9 est\u00e1n esperando. Es complejo. Los vasculares que entraron a pabell\u00f3n con Cristian le dijeron que lo iban a externalizar (el servicio), cosa que tampoco ocurri\u00f3 y el nefr\u00f3logo tuvo que poner el cat\u00e9ter nuevamente. As\u00ed es que desconforme con la parte de los m\u00e9dicos, con los cirujanos vasculares, porque no se ha tomado en serio esto. Es un paciente complejo, es un joven que tiene muchas ganas de vivir\u201d.<\/p>\n<p style=\"text-align: justify;\">La madre de Cristian, tras ser consultada si ha tenido alguna ayuda por parte del Servicio de Salud de Ays\u00e9n en estas \u00faltimas gestiones indic\u00f3 que \u201cni siquiera preguntas para saber c\u00f3mo est\u00e1 el paciente. Nada. Es triste esto\u201d. A\u00f1adiendo que \u201c como familia, como mam\u00e1, es frustrante, es poco digno, porque estar fuera de su casa es dif\u00edcil y m\u00e1s con un hijo enfermo que no ha tenido una soluci\u00f3n m\u00e9dica, peor a\u00fan. Espero que el d\u00eda mi\u00e9rcoles ya puedan hacer algo con \u00e9l, porque de eso depende de que Cristian siga viviendo, depende de que \u00e9l tenga un acceso donde se pueda dializar\u201d.<\/p>\n<p style=\"text-align: justify;\">Finalmente, Panichini, agradeci\u00f3 a todos los ayseninos que han estado pendientes del avance de salud de Cristian Vel\u00e1squez. \u201cGracias por estar pendiente y por preocuparse de \u00e9l, a sus amigos gracias, un abrazo enorme para todos\u201d, sentenci\u00f3 la vecina de Puerto Ays\u00e9n.<\/p>\n<\/div><\/section><\/div><div  style='height:50px' class='hr hr-invisible   avia-builder-el-6  el_after_av_one_full  el_before_av_social_share '><span class='hr-inner ' ><span class='hr-inner-style'><\/span><\/span><\/div><\/p>\n<div  class='av-social-sharing-box  avia-builder-el-7  el_after_av_hr  el_before_av_hr  '><div class='av-share-box'><h5 class='av-share-link-description av-no-toc '>Compartir esta noticia<\/h5><ul class='av-share-box-list noLightbox'><li class='av-share-link av-social-link-facebook' ><a target=\"_blank\" aria-label=\"Compartir en Facebook\" href='https:\/\/www.facebook.com\/sharer.php?u=https:\/\/radiorevelacionfm.cl\/?p=41327&#038;t=Familia%20de%20joven%20aysenino%20pide%20ayuda%20por%20tratamiento%20m%C3%A9dico%20en%20Santiago%20%E2%80%9Csu%20condici%C3%B3n%20es%20compleja%E2%80%9D' aria-hidden='false' data-av_icon='\ue8f3' data-av_iconfont='entypo-fontello' title='' data-avia-related-tooltip='Compartir en Facebook' rel=\"noopener\"><span class='avia_hidden_link_text'>Compartir en Facebook<\/span><\/a><\/li><li class='av-share-link av-social-link-twitter' ><a target=\"_blank\" aria-label=\"Compartir en Twitter\" href='https:\/\/twitter.com\/share?text=Familia%20de%20joven%20aysenino%20pide%20ayuda%20por%20tratamiento%20m%C3%A9dico%20en%20Santiago%20%E2%80%9Csu%20condici%C3%B3n%20es%20compleja%E2%80%9D&#038;url=https:\/\/radiorevelacionfm.cl\/?p=41327' aria-hidden='false' data-av_icon='\ue8f1' data-av_iconfont='entypo-fontello' title='' data-avia-related-tooltip='Compartir en Twitter' rel=\"noopener\"><span class='avia_hidden_link_text'>Compartir en Twitter<\/span><\/a><\/li><li class='av-share-link av-social-link-whatsapp' ><a target=\"_blank\" aria-label=\"Compartir en Whatsapp\" href='https:\/\/api.whatsapp.com\/send?text=https:\/\/radiorevelacionfm.cl\/?p=41327' aria-hidden='false' data-av_icon='\uf232' data-av_iconfont='entypo-fontello' title='' data-avia-related-tooltip='Compartir en Whatsapp' rel=\"noopener\"><span class='avia_hidden_link_text'>Compartir en Whatsapp<\/span><\/a><\/li><li class='av-share-link av-social-link-linkedin' ><a target=\"_blank\" aria-label=\"Compartir en LinkedIn\" href='https:\/\/linkedin.com\/shareArticle?mini=true&#038;title=Familia%20de%20joven%20aysenino%20pide%20ayuda%20por%20tratamiento%20m%C3%A9dico%20en%20Santiago%20%E2%80%9Csu%20condici%C3%B3n%20es%20compleja%E2%80%9D&#038;url=https:\/\/radiorevelacionfm.cl\/?p=41327' aria-hidden='false' data-av_icon='\ue8fc' data-av_iconfont='entypo-fontello' title='' data-avia-related-tooltip='Compartir en LinkedIn' rel=\"noopener\"><span class='avia_hidden_link_text'>Compartir en LinkedIn<\/span><\/a><\/li><li class='av-share-link av-social-link-mail' ><a  aria-label=\"Compartir por correo\" href='mailto:?subject=Familia%20de%20joven%20aysenino%20pide%20ayuda%20por%20tratamiento%20m%C3%A9dico%20en%20Santiago%20%E2%80%9Csu%20condici%C3%B3n%20es%20compleja%E2%80%9D&#038;body=https:\/\/radiorevelacionfm.cl\/?p=41327' aria-hidden='false' data-av_icon='\ue805' data-av_iconfont='entypo-fontello' title='' data-avia-related-tooltip='Compartir por correo'><span class='avia_hidden_link_text'>Compartir por correo<\/span><\/a><\/li><\/ul><\/div><\/div>\n<div  style='height:50px' class='hr hr-invisible   avia-builder-el-8  el_after_av_social_share  el_before_av_comments_list '><span class='hr-inner ' ><span class='hr-inner-style'><\/span><\/span><\/div>\n<div  class='av-buildercomment  av-blog-meta-html-info-disabled av-blog-meta-tag-disabled  '><\/div>\n","protected":false},"excerpt":{"rendered":"","protected":false},"author":1,"featured_media":41328,"comment_status":"open","ping_status":"open","sticky":false,"template":"","format":"standard","meta":{"footnotes":""},"categories":[38],"tags":[],"class_list":["post-41327","post","type-post","status-publish","format-standard","has-post-thumbnail","hentry","category-regional"],"jetpack_featured_media_url":"https:\/\/radiorevelacionfm.cl\/wp-content\/uploads\/2024\/04\/img-cristianvel1-1-1.jpeg","_links":{"self":[{"href":"https:\/\/radiorevelacionfm.cl\/index.php?rest_route=\/wp\/v2\/posts\/41327","targetHints":{"allow":["GET"]}}],"collection":[{"href":"https:\/\/radiorevelacionfm.cl\/index.php?rest_route=\/wp\/v2\/posts"}],"about":[{"href":"https:\/\/radiorevelacionfm.cl\/index.php?rest_route=\/wp\/v2\/types\/post"}],"author":[{"embeddable":true,"href":"https:\/\/radiorevelacionfm.cl\/index.php?rest_route=\/wp\/v2\/users\/1"}],"replies":[{"embeddable":true,"href":"https:\/\/radiorevelacionfm.cl\/index.php?rest_route=%2Fwp%2Fv2%2Fcomments&post=41327"}],"version-history":[{"count":1,"href":"https:\/\/radiorevelacionfm.cl\/index.php?rest_route=\/wp\/v2\/posts\/41327\/revisions"}],"predecessor-version":[{"id":41329,"href":"https:\/\/radiorevelacionfm.cl\/index.php?rest_route=\/wp\/v2\/posts\/41327\/revisions\/41329"}],"wp:featuredmedia":[{"embeddable":true,"href":"https:\/\/radiorevelacionfm.cl\/index.php?rest_route=\/wp\/v2\/media\/41328"}],"wp:attachment":[{"href":"https:\/\/radiorevelacionfm.cl\/index.php?rest_route=%2Fwp%2Fv2%2Fmedia&parent=41327"}],"wp:term":[{"taxonomy":"category","embeddable":true,"href":"https:\/\/radiorevelacionfm.cl\/index.php?rest_route=%2Fwp%2Fv2%2Fcategories&post=41327"},{"taxonomy":"post_tag","embeddable":true,"href":"https:\/\/radiorevelacionfm.cl\/index.php?rest_route=%2Fwp%2Fv2%2Ftags&post=41327"}],"curies":[{"name":"wp","href":"https:\/\/api.w.org\/{rel}","templated":true}]}}