{"id":41316,"date":"2024-04-15T20:20:41","date_gmt":"2024-04-15T23:20:41","guid":{"rendered":"https:\/\/radiorevelacionfm.cl\/?p=41316"},"modified":"2024-04-15T20:32:38","modified_gmt":"2024-04-15T23:32:38","slug":"con-firmes-cimientos-inicio-construccion-casa-de-acogida-para-pacientes-trasladados-a-la-comuna-de-aysen","status":"publish","type":"post","link":"https:\/\/radiorevelacionfm.cl\/?p=41316","title":{"rendered":"Con firmes cimientos se inici\u00f3 construcci\u00f3n de la Casa de Acogida para pacientes trasladados a la comuna de Ays\u00e9n"},"content":{"rendered":"<div class=\"flex_column av_one_full  flex_column_div av-zero-column-padding first  avia-builder-el-0  el_before_av_one_full  avia-builder-el-first  \" style='border-radius:0px; '><div  class='avia-image-container  av-styling-    avia-builder-el-1  avia-builder-el-no-sibling  avia-align-center '  itemprop=\"image\" itemscope=\"itemscope\" itemtype=\"https:\/\/schema.org\/ImageObject\"  ><div class='avia-image-container-inner'><div class='avia-image-overlay-wrap'><img decoding=\"async\" class='wp-image-41317 avia-img-lazy-loading-not-41317 avia_image' src=\"https:\/\/radiorevelacionfm.cl\/wp-content\/uploads\/2024\/04\/casa-acogida-4-1_optimized-1-1.jpg\" alt='' title='casa-acogida-4-(1)_optimized (1) (1)' height=\"600\" width=\"1066\"  itemprop=\"thumbnailUrl\" srcset=\"https:\/\/radiorevelacionfm.cl\/wp-content\/uploads\/2024\/04\/casa-acogida-4-1_optimized-1-1.jpg 1066w, https:\/\/radiorevelacionfm.cl\/wp-content\/uploads\/2024\/04\/casa-acogida-4-1_optimized-1-1-300x169.jpg 300w, https:\/\/radiorevelacionfm.cl\/wp-content\/uploads\/2024\/04\/casa-acogida-4-1_optimized-1-1-1030x580.jpg 1030w, https:\/\/radiorevelacionfm.cl\/wp-content\/uploads\/2024\/04\/casa-acogida-4-1_optimized-1-1-768x432.jpg 768w, https:\/\/radiorevelacionfm.cl\/wp-content\/uploads\/2024\/04\/casa-acogida-4-1_optimized-1-1-705x397.jpg 705w, https:\/\/radiorevelacionfm.cl\/wp-content\/uploads\/2024\/04\/casa-acogida-4-1_optimized-1-1-450x253.jpg 450w, https:\/\/radiorevelacionfm.cl\/wp-content\/uploads\/2024\/04\/casa-acogida-4-1_optimized-1-1-600x338.jpg 600w\" sizes=\"(max-width: 1066px) 100vw, 1066px\" \/><\/div><\/div><\/div><\/div>\n<div class=\"flex_column av_one_full  flex_column_div av-zero-column-padding first  avia-builder-el-2  el_after_av_one_full  el_before_av_one_full  column-top-margin\" style='border-radius:0px; '><section class=\"av_textblock_section \"  itemscope=\"itemscope\" itemtype=\"https:\/\/schema.org\/BlogPosting\" itemprop=\"blogPost\" ><div class='avia_textblock  '   itemprop=\"text\" ><p style=\"text-align: center;\"><strong><span style=\"font-size: 18pt;\">Con firmes cimientos se inici\u00f3 construcci\u00f3n de la Casa de Acogida para pacientes trasladados a la comuna de Ays\u00e9n<\/span><\/strong><\/p>\n<div id=\"gtx-trans\" style=\"position: absolute; left: -50px; top: 4.31534px;\">\n<div class=\"gtx-trans-icon\"><\/div>\n<\/div>\n<\/div><\/section><\/div><div class=\"flex_column av_one_full  flex_column_div av-zero-column-padding first  avia-builder-el-4  el_after_av_one_full  el_before_av_hr  column-top-margin\" style='border-radius:0px; '><section class=\"av_textblock_section \"  itemscope=\"itemscope\" itemtype=\"https:\/\/schema.org\/BlogPosting\" itemprop=\"blogPost\" ><div class='avia_textblock  '   itemprop=\"text\" ><p style=\"text-align: justify;\"><em>La iniciativa cuenta con el financiamiento del Gobierno Regional de Ays\u00e9n, por un monto de $182 millones de pesos. En tanto, la industria acu\u00edcola colaborar\u00eda con la implementaci\u00f3n del recinto.<\/em><\/p>\n<p style=\"text-align: justify;\">Dirigentes sociales del sector salud, representantes de la industria acu\u00edcola, la direcci\u00f3n del hospital y los equipos t\u00e9cnicos del Municipio de Ays\u00e9n junto al alcalde Julio Uribe, visitaron las obras de construcci\u00f3n de \u201cla casa de acogida para pacientes trasladados a la comuna de Ays\u00e9n\u201d.<\/p>\n<p style=\"text-align: justify;\">La iniciativa fue planteada por el consejo consultivo de salud a partir del a\u00f1o 2021, el 2022 se acercaron al municipio y la autoridad comunal no dud\u00f3 en respaldar el proyecto y darle forma gracias al compromiso del \u00e1rea de Secplan.<\/p>\n<p style=\"text-align: justify;\">\u201cEste es un proyecto que llevamos trabajando desde el a\u00f1o 2022 con la directiva de la mesa de la salud, es un proyecto emblem\u00e1tico que va a acogedor a la mujer rural, personas que vienen a someterse a tratamientos m\u00e9dicos. Es un proyecto que tambi\u00e9n hemos llevado junto al hospital de Puerto Ays\u00e9n con la directiva de la mesa de la salud, as\u00ed es que, hoy estamos dando cumplimiento al requerimiento que se nos hab\u00eda hecho. Vinimos a visitar este lugar que realmente va a ser emblem\u00e1tico, para la gente que viene a realizarse tratamientos m\u00e9dicos y no pueden quedarse en ninguna parte por los recursos econ\u00f3micos, as\u00ed es que, feliz, adem\u00e1s de estar con la empresa privada, quienes se har\u00edan cargo del equipamiento. Por lo tanto, la mesa de la salud sigue trabajando, para que este lugar comience a funcionar\u201d, mencion\u00f3 el alcalde Julio Uribe.<\/p>\n<p style=\"text-align: justify;\">Por su parte, la ex presidenta del consejo consultivo de salud, Ximena Ruiz, destac\u00f3 que la \u201ccasa de acogida\u201d, haya logrado avanzar en el Municipio de Ays\u00e9n.<\/p>\n<p style=\"text-align: justify;\">\u201cLevantamos esta iniciativa por ah\u00ed por el 2021, present\u00e1ndola primeramente a salud, para resolver el problema que tienen los vecinos, sobre todo del litoral cuando vienen a hacerse sus tratamientos al hospital de Ays\u00e9n. Luego el 2022 la presentamos al Municipio de Ays\u00e9n, avanz\u00f3 bastante r\u00e1pido el proyecto, fuimos trabajando junto a la Municipalidad mes a mes, viendo los avances desde el proyecto inicial, desde los cimientos hasta hoy d\u00eda que nos encontramos ac\u00e1 con la iniciativa ya en ejecuci\u00f3n. 180 d\u00edas tiene la empresa a partir del mes de marzo, esperamos que esto se concrete lo antes posible, ansiosos como siempre, pero pensando en las personas que vienen a atenderse ac\u00e1 y que no tienen donde quedarse principalmente. Queremos creer que esto va a ser a costo cero, esa es la idea inicial y la vamos a seguir persiguiendo, as\u00ed es que, estamos contentos por estar hoy ac\u00e1, viendo los avances de la construcci\u00f3n\u201d.<\/p>\n<p style=\"text-align: justify;\">En la visita a terreno, fue el director de obras municipales, Sebasti\u00e1n Villagra, el encargado de entregar detalles respecto a las condiciones t\u00e9cnicas de la iniciativa.<\/p>\n<p style=\"text-align: justify;\">\u201cTuvimos la posibilidad de poder exponer las condiciones t\u00e9cnicas de este proyecto, que es financiado por el Gobierno Regional de Ays\u00e9n, a trav\u00e9s de la iniciativa FRIL. Es un proyecto dise\u00f1ado por el departamento de planificaci\u00f3n de la Ilustre Municipalidad de Ays\u00e9n, que alberga un proyecto que supera los 120 metros cuadrados de ejecuci\u00f3n, para una casa de acogida de pacientes trasladados de la comuna de Ays\u00e9n, que est\u00e1 dise\u00f1ada para recibir a ocho personas. Este proyecto corresponde a una edificaci\u00f3n de fundaciones aisladas, de tabiquer\u00eda de metalcom, que considera los distintos recintos para recibir a personas que residan en otras localidades de la comuna\u201d.<\/p>\n<p style=\"text-align: justify;\">Amplias expectativas existen para lo que ser\u00e1 la implementaci\u00f3n del recinto, una vez que el proyecto de construcci\u00f3n finalice. En ese sentido, tanto dirigentas sociales como el Municipio han sostenido reuniones con representantes de la industria y estos \u00faltimos han mostrado toda la disposici\u00f3n en lo colaborar para que la iniciativa en bien de la comunidad, cuente con la debida implementaci\u00f3n. As\u00ed lo manifest\u00f3 el representante de Salm\u00f3n Chile en Ays\u00e9n, Fernando Camiruaga.<\/p>\n<p style=\"text-align: justify;\">\u201cSobre la importancia, sobre la consistencia y sobre la necesidad que este proyecto significa, nosotros vamos a hacer todo lo posible como gremio, de poder apoyar este proyecto. Hemos conversado con el director de salud, con la gente de la Municipalidad, nosotros ya tenemos m\u00e1s o menos avizorada cual ser\u00eda la forma correcta, para poder hacer que el proyecto est\u00e9 disponible para la ciudadan\u00eda lo antes posible. Hay temas que son administrativos, que ya fueron resueltos con ayuda del Gobierno Regional, pero, sin embargo, de ah\u00ed hasta su implementaci\u00f3n y que est\u00e9 funcionando existen otros desaf\u00edos, como, por ejemplo, el mobiliario. A veces, la administraci\u00f3n p\u00fablica puede ser un poco dif\u00edcil el realizar ese tipo de compras y creemos que ah\u00ed el deber de la industria, es poder apoyar estos proyectos de gran sentido para la comunidad.<\/p>\n<p style=\"text-align: justify;\">En total son exactamente $182.259.391, los que se invertir\u00e1n en la \u201ccasa de acogida para pacientes trasladados de la comuna de Ays\u00e9n\u201d.<\/p>\n<\/div><\/section><\/div><\/p>\n<div  style='height:50px' class='hr hr-invisible   avia-builder-el-6  el_after_av_one_full  el_before_av_social_share '><span class='hr-inner ' ><span class='hr-inner-style'><\/span><\/span><\/div>\n<div  class='av-social-sharing-box  avia-builder-el-7  el_after_av_hr  el_before_av_hr  '><div class='av-share-box'><h5 class='av-share-link-description av-no-toc '>Compartir esta noticia<\/h5><ul class='av-share-box-list noLightbox'><li class='av-share-link av-social-link-facebook' ><a target=\"_blank\" aria-label=\"Compartir en Facebook\" href='https:\/\/www.facebook.com\/sharer.php?u=https:\/\/radiorevelacionfm.cl\/?p=41316&#038;t=Con%20firmes%20cimientos%20se%20inici%C3%B3%20construcci%C3%B3n%20de%20la%20Casa%20de%20Acogida%20para%20pacientes%20trasladados%20a%20la%20comuna%20de%20Ays%C3%A9n' aria-hidden='false' data-av_icon='\ue8f3' data-av_iconfont='entypo-fontello' title='' data-avia-related-tooltip='Compartir en Facebook' rel=\"noopener\"><span class='avia_hidden_link_text'>Compartir en Facebook<\/span><\/a><\/li><li class='av-share-link av-social-link-twitter' ><a target=\"_blank\" aria-label=\"Compartir en Twitter\" href='https:\/\/twitter.com\/share?text=Con%20firmes%20cimientos%20se%20inici%C3%B3%20construcci%C3%B3n%20de%20la%20Casa%20de%20Acogida%20para%20pacientes%20trasladados%20a%20la%20comuna%20de%20Ays%C3%A9n&#038;url=https:\/\/radiorevelacionfm.cl\/?p=41316' aria-hidden='false' data-av_icon='\ue8f1' data-av_iconfont='entypo-fontello' title='' data-avia-related-tooltip='Compartir en Twitter' rel=\"noopener\"><span class='avia_hidden_link_text'>Compartir en Twitter<\/span><\/a><\/li><li class='av-share-link av-social-link-whatsapp' ><a target=\"_blank\" aria-label=\"Compartir en Whatsapp\" href='https:\/\/api.whatsapp.com\/send?text=https:\/\/radiorevelacionfm.cl\/?p=41316' aria-hidden='false' data-av_icon='\uf232' data-av_iconfont='entypo-fontello' title='' data-avia-related-tooltip='Compartir en Whatsapp' rel=\"noopener\"><span class='avia_hidden_link_text'>Compartir en Whatsapp<\/span><\/a><\/li><li class='av-share-link av-social-link-linkedin' ><a target=\"_blank\" aria-label=\"Compartir en LinkedIn\" href='https:\/\/linkedin.com\/shareArticle?mini=true&#038;title=Con%20firmes%20cimientos%20se%20inici%C3%B3%20construcci%C3%B3n%20de%20la%20Casa%20de%20Acogida%20para%20pacientes%20trasladados%20a%20la%20comuna%20de%20Ays%C3%A9n&#038;url=https:\/\/radiorevelacionfm.cl\/?p=41316' aria-hidden='false' data-av_icon='\ue8fc' data-av_iconfont='entypo-fontello' title='' data-avia-related-tooltip='Compartir en LinkedIn' rel=\"noopener\"><span class='avia_hidden_link_text'>Compartir en LinkedIn<\/span><\/a><\/li><li class='av-share-link av-social-link-mail' ><a  aria-label=\"Compartir por correo\" href='mailto:?subject=Con%20firmes%20cimientos%20se%20inici%C3%B3%20construcci%C3%B3n%20de%20la%20Casa%20de%20Acogida%20para%20pacientes%20trasladados%20a%20la%20comuna%20de%20Ays%C3%A9n&#038;body=https:\/\/radiorevelacionfm.cl\/?p=41316' aria-hidden='false' data-av_icon='\ue805' data-av_iconfont='entypo-fontello' title='' data-avia-related-tooltip='Compartir por correo'><span class='avia_hidden_link_text'>Compartir por correo<\/span><\/a><\/li><\/ul><\/div><\/div>\n<div  style='height:50px' class='hr hr-invisible   avia-builder-el-8  el_after_av_social_share  el_before_av_comments_list '><span class='hr-inner ' ><span class='hr-inner-style'><\/span><\/span><\/div>\n<div  class='av-buildercomment  av-blog-meta-html-info-disabled av-blog-meta-tag-disabled  '><\/div>\n","protected":false},"excerpt":{"rendered":"","protected":false},"author":1,"featured_media":41317,"comment_status":"open","ping_status":"open","sticky":false,"template":"","format":"standard","meta":{"footnotes":""},"categories":[38],"tags":[],"class_list":["post-41316","post","type-post","status-publish","format-standard","has-post-thumbnail","hentry","category-regional"],"jetpack_featured_media_url":"https:\/\/radiorevelacionfm.cl\/wp-content\/uploads\/2024\/04\/casa-acogida-4-1_optimized-1-1.jpg","_links":{"self":[{"href":"https:\/\/radiorevelacionfm.cl\/index.php?rest_route=\/wp\/v2\/posts\/41316","targetHints":{"allow":["GET"]}}],"collection":[{"href":"https:\/\/radiorevelacionfm.cl\/index.php?rest_route=\/wp\/v2\/posts"}],"about":[{"href":"https:\/\/radiorevelacionfm.cl\/index.php?rest_route=\/wp\/v2\/types\/post"}],"author":[{"embeddable":true,"href":"https:\/\/radiorevelacionfm.cl\/index.php?rest_route=\/wp\/v2\/users\/1"}],"replies":[{"embeddable":true,"href":"https:\/\/radiorevelacionfm.cl\/index.php?rest_route=%2Fwp%2Fv2%2Fcomments&post=41316"}],"version-history":[{"count":3,"href":"https:\/\/radiorevelacionfm.cl\/index.php?rest_route=\/wp\/v2\/posts\/41316\/revisions"}],"predecessor-version":[{"id":41325,"href":"https:\/\/radiorevelacionfm.cl\/index.php?rest_route=\/wp\/v2\/posts\/41316\/revisions\/41325"}],"wp:featuredmedia":[{"embeddable":true,"href":"https:\/\/radiorevelacionfm.cl\/index.php?rest_route=\/wp\/v2\/media\/41317"}],"wp:attachment":[{"href":"https:\/\/radiorevelacionfm.cl\/index.php?rest_route=%2Fwp%2Fv2%2Fmedia&parent=41316"}],"wp:term":[{"taxonomy":"category","embeddable":true,"href":"https:\/\/radiorevelacionfm.cl\/index.php?rest_route=%2Fwp%2Fv2%2Fcategories&post=41316"},{"taxonomy":"post_tag","embeddable":true,"href":"https:\/\/radiorevelacionfm.cl\/index.php?rest_route=%2Fwp%2Fv2%2Ftags&post=41316"}],"curies":[{"name":"wp","href":"https:\/\/api.w.org\/{rel}","templated":true}]}}