{"id":41311,"date":"2024-04-15T18:19:50","date_gmt":"2024-04-15T21:19:50","guid":{"rendered":"https:\/\/radiorevelacionfm.cl\/?p=41311"},"modified":"2024-04-15T18:23:30","modified_gmt":"2024-04-15T21:23:30","slug":"injuv-se-centra-en-el-bullying-y-realiza-talleres-con-juventudes-de-islas-huichas-rio-ibanez-y-chile-chico","status":"publish","type":"post","link":"https:\/\/radiorevelacionfm.cl\/?p=41311","title":{"rendered":"INJUV se centra en el bullying y realiza talleres con juventudes de Islas Huichas, R\u00edo Ib\u00e1\u00f1ez y Chile Chico"},"content":{"rendered":"<div class=\"flex_column av_one_full  flex_column_div av-zero-column-padding first  avia-builder-el-0  el_before_av_one_full  avia-builder-el-first  \" style='border-radius:0px; '><div  class='avia-image-container  av-styling-    avia-builder-el-1  avia-builder-el-no-sibling  avia-align-center '  itemprop=\"image\" itemscope=\"itemscope\" itemtype=\"https:\/\/schema.org\/ImageObject\"  ><div class='avia-image-container-inner'><div class='avia-image-overlay-wrap'><img decoding=\"async\" class='wp-image-41314 avia-img-lazy-loading-not-41314 avia_image' src=\"https:\/\/radiorevelacionfm.cl\/wp-content\/uploads\/2024\/04\/foto-1-41-1_optimized-1.jpg\" alt='' title='foto-1-(41)-(1)_optimized (1)' height=\"600\" width=\"968\"  itemprop=\"thumbnailUrl\" srcset=\"https:\/\/radiorevelacionfm.cl\/wp-content\/uploads\/2024\/04\/foto-1-41-1_optimized-1.jpg 968w, https:\/\/radiorevelacionfm.cl\/wp-content\/uploads\/2024\/04\/foto-1-41-1_optimized-1-300x186.jpg 300w, https:\/\/radiorevelacionfm.cl\/wp-content\/uploads\/2024\/04\/foto-1-41-1_optimized-1-768x476.jpg 768w, https:\/\/radiorevelacionfm.cl\/wp-content\/uploads\/2024\/04\/foto-1-41-1_optimized-1-705x437.jpg 705w, https:\/\/radiorevelacionfm.cl\/wp-content\/uploads\/2024\/04\/foto-1-41-1_optimized-1-450x279.jpg 450w, https:\/\/radiorevelacionfm.cl\/wp-content\/uploads\/2024\/04\/foto-1-41-1_optimized-1-600x372.jpg 600w\" sizes=\"(max-width: 968px) 100vw, 968px\" \/><\/div><\/div><\/div><\/div><div class=\"flex_column av_one_full  flex_column_div av-zero-column-padding first  avia-builder-el-2  el_after_av_one_full  el_before_av_one_full  column-top-margin\" style='border-radius:0px; '><section class=\"av_textblock_section \"  itemscope=\"itemscope\" itemtype=\"https:\/\/schema.org\/BlogPosting\" itemprop=\"blogPost\" ><div class='avia_textblock  '   itemprop=\"text\" ><p style=\"text-align: center;\"><span style=\"font-size: 18pt;\"><strong>INJUV se centra en el bullying y realiza talleres con juventudes de Islas Huichas, R\u00edo Ib\u00e1\u00f1ez y Chile Chico<\/strong><\/span><\/p>\n<div id=\"gtx-trans\" style=\"position: absolute; left: -50px; top: 4.31534px;\">\n<div class=\"gtx-trans-icon\"><\/div>\n<\/div>\n<\/div><\/section><\/div><\/p>\n<div class=\"flex_column av_one_full  flex_column_div av-zero-column-padding first  avia-builder-el-4  el_after_av_one_full  el_before_av_hr  column-top-margin\" style='border-radius:0px; '><section class=\"av_textblock_section \"  itemscope=\"itemscope\" itemtype=\"https:\/\/schema.org\/BlogPosting\" itemprop=\"blogPost\" ><div class='avia_textblock  '   itemprop=\"text\" ><p style=\"text-align: justify;\">Con el objetivo de difundir el programa Hablemos de Todo e informar sobre autocuidado y bienestar f\u00edsico y mental a las juventudes de la regi\u00f3n, el Instituto Nacional de la Juventud se despleg\u00f3 en terreno para trabajar y desarrollar activaciones regionales con las juventudes, donde se profundiz\u00f3 sobre el bullying en el contexto escolar.<\/p>\n<p style=\"text-align: justify;\">Las actividades se ejecutaron con estudiantes del Liceo Bicentenario Rural Cerro Castillo, en la comuna de <a href=\"https:\/\/www.facebook.com\/hashtag\/r%C3%ADoib%C3%A1%C3%B1ez?__eep__=6&amp;__cft__%5b0%5d=AZUVcTaE9S-JzvdvG2PD5AodNaXIF9vuxVUZkVyTT-UO7HCiEc7NYnpqK9x7yg8QPQDATXCz5XvsBp4uicNBrPNLjqrEy6kcN-4xZhGvlBOA6blhdIRcBr4ClEjnwEawnJ3uqVwcXQ5U8Izk1VfSRHbs0n73lb7vsvfFEgr9hppzskjxEfjpU2yjgOQxGpgPazE&amp;__tn__=*NK-R\">R\u00edo Ib\u00e1\u00f1ez<\/a>, Liceo Bicentenario Luisa Rabanal Palma, de la comuna de <a href=\"https:\/\/www.facebook.com\/hashtag\/chilechico?__eep__=6&amp;__cft__%5b0%5d=AZUqKqAcE8iwklPKUtKF2KT8rDg62qCUjHCt9xs5Ldzdgnxm49uC8hy_ygeMHg6wx3ktN0oziwXnT8Aplj6G6VxvKoxc1CvDqbWCbiZ0EOwBMMlUjk3n5sWGVN7DuZI5NjX2BvKr7hjDQsj9QZsZHDCaX1jGWJQYOEq0dObMexqhBDn8F49kSAbZ7y_h6Dcn68Q&amp;__tn__=*NK-R\">Chile Chico<\/a> y el Liceo Pedro Aguirre Cerda, ubicado en Islas Huichas comuna de Ays\u00e9n.<\/p>\n<p style=\"text-align: justify;\">Las distintas activaciones que se llevaron a cabo con las juventudes fueron lideradas por la Psic\u00f3loga Educacional e Infanto Juvenil, P\u00eda Guajardo Qui\u00f1ones, quien fue la encargada de desarrollar los talleres, para que de forma l\u00fadica, las y los j\u00f3venes reconozcan el fen\u00f3meno del bullying y puedan activarse y movilizarse respecto al tema.<\/p>\n<p style=\"text-align: justify;\">En Puerto Aguirre, las juventudes se dieron cita en el establecimiento educacional del sector, donde el equipo en terreno de INJUV Ays\u00e9n realiz\u00f3 una presentaci\u00f3n, informando y explicando la oferta program\u00e1tica que tiene\u00a0 el servicio para este a\u00f1o 2024, muy especialmente el programa Hablemos de Todo, enfocado en infomar sobre auto cuidado y bienestar, esto a trav\u00e9s de la entrega de informaci\u00f3n sin esterotipos y estigmas.<\/p>\n<p style=\"text-align: justify;\">\u201cHemos asumido el desaf\u00edo como direcci\u00f3n regional de poder llegar a aquellos lugares en los cuales INJUV no ha llegado nunca desde su creaci\u00f3n o que ha sido dif\u00edcil acceder con permanencia. En este sentido, para nosotros es imperante cumplir con el mandato que establece el Presidente Gabriel Boric, de llevar nuestra oferta program\u00e1tica a aquellas juventudes m\u00e1s aisladas, pudiendo contribuir en la entrega de herramientas para la correcta toma de decisiones en su presente y futuro\u201d, sostuvo el Director Regional de INJUV Ays\u00e9n, Camilo Trivi\u00f1o Urtubia.<\/p>\n<p style=\"text-align: justify;\">Jaasiel Gonz\u00e1lez Talma, alumno del Liceo Bicentenario Rural Cerro Castillo, de\u00a0 la comuna de <a href=\"https:\/\/www.facebook.com\/hashtag\/r%C3%ADoib%C3%A1%C3%B1ez?__eep__=6&amp;__cft__%5b0%5d=AZUVcTaE9S-JzvdvG2PD5AodNaXIF9vuxVUZkVyTT-UO7HCiEc7NYnpqK9x7yg8QPQDATXCz5XvsBp4uicNBrPNLjqrEy6kcN-4xZhGvlBOA6blhdIRcBr4ClEjnwEawnJ3uqVwcXQ5U8Izk1VfSRHbs0n73lb7vsvfFEgr9hppzskjxEfjpU2yjgOQxGpgPazE&amp;__tn__=*NK-R\">R\u00edo Ib\u00e1\u00f1ez<\/a>, agradeci\u00f3 la actividad y explic\u00f3 que \u201cla actividad que vino a realizar INJUV a mi liceo fue s\u00faper importante, porque el bullying no es algo que se tome as\u00ed con gracia, nosotros no sabemos c\u00f3mo est\u00e1 la otra persona, hay que abrir los ojos para ver c\u00f3mo est\u00e1n las personas, que sienten,\u00a0 hay que pensar antes de hacerlo\u201d.<\/p>\n<p style=\"text-align: justify;\">El programa Hablemos de Todo tiene tambi\u00e9n un servicio de chat en l\u00ednea gratuito, donde psic\u00f3logas y psic\u00f3logos atienden las consultas de las y los j\u00f3venes. Se encuentran operativos de lunes a viernes de 10:00 a 21:00 horas y los s\u00e1bados de 11:00 a 17:00 horas. A trav\u00e9s de la entrega de informaci\u00f3n, contenci\u00f3n o derivaci\u00f3n buscan dar respuesta eficaz a problemas o consultas de bienestar y autocuidado, las conversaciones entre las juventudes y el profesional de la salud mental son totalmente confidenciales.<\/p>\n<p style=\"text-align: justify;\">Las subtem\u00e1ticas que se priorizar\u00e1n durante este a\u00f1o 2024 son: Pr\u00e1ctica sexual segura; Actividad f\u00edsica y recreaci\u00f3n; Bullying o Acoso Escolar; V\u00ednculos sexo-afectivos; Trastorno de la conducta alimentaria; Salud menstrual Embarazo no planificado; Ciberacoso; Violencia Ginecobstetricia; Violencia sexual; Discriminaci\u00f3n por diversidad; Alimentaci\u00f3n y Convivencia vial.<\/p>\n<p style=\"text-align: justify;\">Las y los j\u00f3venes interesados en obtener informaci\u00f3n referente a los diversos temas mencionados anteriormente pueden acceder a trav\u00e9s del siguiente link: <a href=\"http:\/\/hablemosdetodo.injuv.gob.cl\">http:\/\/hablemosdetodo.injuv.gob.cl<\/a> , escribirnos a nuestras redes sociales,\u00a0 Fan Page, Instagram y Twitter @injuvaysen\u00a0o visitarnos presencialmente en la Direcci\u00f3n Regional de INJUV Ays\u00e9n, ubicada en Manuel Rodr\u00edguez #239, Coyhaique, de lunes a viernes durante las ma\u00f1anas de 08:00 a 13:00 horas y en la tardes de 14:00 a 17:00 horas, viernes hasta las 16:00 horas.<\/p>\n<\/div><\/section><\/div>\n<div  style='height:50px' class='hr hr-invisible   avia-builder-el-6  el_after_av_one_full  el_before_av_social_share '><span class='hr-inner ' ><span class='hr-inner-style'><\/span><\/span><\/div>\n<div  class='av-social-sharing-box  avia-builder-el-7  el_after_av_hr  el_before_av_hr  '><div class='av-share-box'><h5 class='av-share-link-description av-no-toc '>Compartir esta noticia<\/h5><ul class='av-share-box-list noLightbox'><li class='av-share-link av-social-link-facebook' ><a target=\"_blank\" aria-label=\"Compartir en Facebook\" href='https:\/\/www.facebook.com\/sharer.php?u=https:\/\/radiorevelacionfm.cl\/?p=41311&#038;t=INJUV%20se%20centra%20en%20el%20bullying%20y%20realiza%20talleres%20con%20juventudes%20de%20Islas%20Huichas%2C%20R%C3%ADo%20Ib%C3%A1%C3%B1ez%20y%20Chile%20Chico' aria-hidden='false' data-av_icon='\ue8f3' data-av_iconfont='entypo-fontello' title='' data-avia-related-tooltip='Compartir en Facebook' rel=\"noopener\"><span class='avia_hidden_link_text'>Compartir en Facebook<\/span><\/a><\/li><li class='av-share-link av-social-link-twitter' ><a target=\"_blank\" aria-label=\"Compartir en Twitter\" href='https:\/\/twitter.com\/share?text=INJUV%20se%20centra%20en%20el%20bullying%20y%20realiza%20talleres%20con%20juventudes%20de%20Islas%20Huichas%2C%20R%C3%ADo%20Ib%C3%A1%C3%B1ez%20y%20Chile%20Chico&#038;url=https:\/\/radiorevelacionfm.cl\/?p=41311' aria-hidden='false' data-av_icon='\ue8f1' data-av_iconfont='entypo-fontello' title='' data-avia-related-tooltip='Compartir en Twitter' rel=\"noopener\"><span class='avia_hidden_link_text'>Compartir en Twitter<\/span><\/a><\/li><li class='av-share-link av-social-link-whatsapp' ><a target=\"_blank\" aria-label=\"Compartir en Whatsapp\" href='https:\/\/api.whatsapp.com\/send?text=https:\/\/radiorevelacionfm.cl\/?p=41311' aria-hidden='false' data-av_icon='\uf232' data-av_iconfont='entypo-fontello' title='' data-avia-related-tooltip='Compartir en Whatsapp' rel=\"noopener\"><span class='avia_hidden_link_text'>Compartir en Whatsapp<\/span><\/a><\/li><li class='av-share-link av-social-link-linkedin' ><a target=\"_blank\" aria-label=\"Compartir en LinkedIn\" href='https:\/\/linkedin.com\/shareArticle?mini=true&#038;title=INJUV%20se%20centra%20en%20el%20bullying%20y%20realiza%20talleres%20con%20juventudes%20de%20Islas%20Huichas%2C%20R%C3%ADo%20Ib%C3%A1%C3%B1ez%20y%20Chile%20Chico&#038;url=https:\/\/radiorevelacionfm.cl\/?p=41311' aria-hidden='false' data-av_icon='\ue8fc' data-av_iconfont='entypo-fontello' title='' data-avia-related-tooltip='Compartir en LinkedIn' rel=\"noopener\"><span class='avia_hidden_link_text'>Compartir en LinkedIn<\/span><\/a><\/li><li class='av-share-link av-social-link-mail' ><a  aria-label=\"Compartir por correo\" href='mailto:?subject=INJUV%20se%20centra%20en%20el%20bullying%20y%20realiza%20talleres%20con%20juventudes%20de%20Islas%20Huichas%2C%20R%C3%ADo%20Ib%C3%A1%C3%B1ez%20y%20Chile%20Chico&#038;body=https:\/\/radiorevelacionfm.cl\/?p=41311' aria-hidden='false' data-av_icon='\ue805' data-av_iconfont='entypo-fontello' title='' data-avia-related-tooltip='Compartir por correo'><span class='avia_hidden_link_text'>Compartir por correo<\/span><\/a><\/li><\/ul><\/div><\/div>\n<div  style='height:50px' class='hr hr-invisible   avia-builder-el-8  el_after_av_social_share  el_before_av_comments_list '><span class='hr-inner ' ><span class='hr-inner-style'><\/span><\/span><\/div>\n<div  class='av-buildercomment  av-blog-meta-html-info-disabled av-blog-meta-tag-disabled  '><\/div>\n","protected":false},"excerpt":{"rendered":"","protected":false},"author":1,"featured_media":41314,"comment_status":"open","ping_status":"open","sticky":false,"template":"","format":"standard","meta":{"footnotes":""},"categories":[38],"tags":[],"class_list":["post-41311","post","type-post","status-publish","format-standard","has-post-thumbnail","hentry","category-regional"],"jetpack_featured_media_url":"https:\/\/radiorevelacionfm.cl\/wp-content\/uploads\/2024\/04\/foto-1-41-1_optimized-1.jpg","_links":{"self":[{"href":"https:\/\/radiorevelacionfm.cl\/index.php?rest_route=\/wp\/v2\/posts\/41311","targetHints":{"allow":["GET"]}}],"collection":[{"href":"https:\/\/radiorevelacionfm.cl\/index.php?rest_route=\/wp\/v2\/posts"}],"about":[{"href":"https:\/\/radiorevelacionfm.cl\/index.php?rest_route=\/wp\/v2\/types\/post"}],"author":[{"embeddable":true,"href":"https:\/\/radiorevelacionfm.cl\/index.php?rest_route=\/wp\/v2\/users\/1"}],"replies":[{"embeddable":true,"href":"https:\/\/radiorevelacionfm.cl\/index.php?rest_route=%2Fwp%2Fv2%2Fcomments&post=41311"}],"version-history":[{"count":2,"href":"https:\/\/radiorevelacionfm.cl\/index.php?rest_route=\/wp\/v2\/posts\/41311\/revisions"}],"predecessor-version":[{"id":41315,"href":"https:\/\/radiorevelacionfm.cl\/index.php?rest_route=\/wp\/v2\/posts\/41311\/revisions\/41315"}],"wp:featuredmedia":[{"embeddable":true,"href":"https:\/\/radiorevelacionfm.cl\/index.php?rest_route=\/wp\/v2\/media\/41314"}],"wp:attachment":[{"href":"https:\/\/radiorevelacionfm.cl\/index.php?rest_route=%2Fwp%2Fv2%2Fmedia&parent=41311"}],"wp:term":[{"taxonomy":"category","embeddable":true,"href":"https:\/\/radiorevelacionfm.cl\/index.php?rest_route=%2Fwp%2Fv2%2Fcategories&post=41311"},{"taxonomy":"post_tag","embeddable":true,"href":"https:\/\/radiorevelacionfm.cl\/index.php?rest_route=%2Fwp%2Fv2%2Ftags&post=41311"}],"curies":[{"name":"wp","href":"https:\/\/api.w.org\/{rel}","templated":true}]}}