{"id":41308,"date":"2024-04-15T18:02:13","date_gmt":"2024-04-15T21:02:13","guid":{"rendered":"https:\/\/radiorevelacionfm.cl\/?p=41308"},"modified":"2024-04-15T18:02:13","modified_gmt":"2024-04-15T21:02:13","slug":"tras-fatal-incendio-en-sector-rural-fiscalia-de-aysen-solicito-diligencias-a-la-sip-y-sml","status":"publish","type":"post","link":"https:\/\/radiorevelacionfm.cl\/?p=41308","title":{"rendered":"Tras fatal incendio en sector rural, Fiscal\u00eda de Ays\u00e9n solicit\u00f3 diligencias a la SIP y SML"},"content":{"rendered":"<div class=\"flex_column av_one_full  flex_column_div av-zero-column-padding first  avia-builder-el-0  el_before_av_one_full  avia-builder-el-first  \" style='border-radius:0px; '><div  class='avia-image-container  av-styling-    avia-builder-el-1  avia-builder-el-no-sibling  avia-align-center '  itemprop=\"image\" itemscope=\"itemscope\" itemtype=\"https:\/\/schema.org\/ImageObject\"  ><div class='avia-image-container-inner'><div class='avia-image-overlay-wrap'><img decoding=\"async\" class='wp-image-41309 avia-img-lazy-loading-not-41309 avia_image' src=\"https:\/\/radiorevelacionfm.cl\/wp-content\/uploads\/2024\/04\/438036798_1874327323009371_3821745243030396704_n-1-1.jpg\" alt='' title='438036798_1874327323009371_3821745243030396704_n (1) (1)' height=\"710\" width=\"807\"  itemprop=\"thumbnailUrl\" srcset=\"https:\/\/radiorevelacionfm.cl\/wp-content\/uploads\/2024\/04\/438036798_1874327323009371_3821745243030396704_n-1-1.jpg 807w, https:\/\/radiorevelacionfm.cl\/wp-content\/uploads\/2024\/04\/438036798_1874327323009371_3821745243030396704_n-1-1-300x264.jpg 300w, https:\/\/radiorevelacionfm.cl\/wp-content\/uploads\/2024\/04\/438036798_1874327323009371_3821745243030396704_n-1-1-768x676.jpg 768w, https:\/\/radiorevelacionfm.cl\/wp-content\/uploads\/2024\/04\/438036798_1874327323009371_3821745243030396704_n-1-1-705x620.jpg 705w, https:\/\/radiorevelacionfm.cl\/wp-content\/uploads\/2024\/04\/438036798_1874327323009371_3821745243030396704_n-1-1-450x396.jpg 450w, https:\/\/radiorevelacionfm.cl\/wp-content\/uploads\/2024\/04\/438036798_1874327323009371_3821745243030396704_n-1-1-600x528.jpg 600w\" sizes=\"(max-width: 807px) 100vw, 807px\" \/><\/div><\/div><\/div><\/div><div class=\"flex_column av_one_full  flex_column_div av-zero-column-padding first  avia-builder-el-2  el_after_av_one_full  el_before_av_one_full  column-top-margin\" style='border-radius:0px; '><section class=\"av_textblock_section \"  itemscope=\"itemscope\" itemtype=\"https:\/\/schema.org\/BlogPosting\" itemprop=\"blogPost\" ><div class='avia_textblock  '   itemprop=\"text\" ><p style=\"text-align: center;\"><span style=\"font-size: 18pt;\"><b>Tras fatal incendio en sector rural, Fiscal\u00eda de Ays\u00e9n solicit\u00f3 diligencias a la SIP y SML<\/b><\/span><\/p>\n<div id=\"gtx-trans\" style=\"position: absolute; left: -50px; top: 4.31534px;\">\n<div class=\"gtx-trans-icon\"><\/div>\n<\/div>\n<\/div><\/section><\/div><div class=\"flex_column av_one_full  flex_column_div av-zero-column-padding first  avia-builder-el-4  el_after_av_one_full  el_before_av_hr  column-top-margin\" style='border-radius:0px; '><section class=\"av_textblock_section \"  itemscope=\"itemscope\" itemtype=\"https:\/\/schema.org\/BlogPosting\" itemprop=\"blogPost\" ><div class='avia_textblock  '   itemprop=\"text\" ><p style=\"font-weight: 400; text-align: justify;\">La Fiscal\u00eda Local de Ays\u00e9n solicit\u00f3 diligencias y pericias investigativas a Carabineros y al Servicio M\u00e9dico Legal, a fin de determinar las causas y circunstancias del fallecimiento de un adulto mayor de 71 a\u00f1os, tras el incendio de una vivienda en el sector de El Salto, en la Ruta 240 Puerto Ays\u00e9n-Puerto Chacabuco.<\/p>\n<p style=\"font-weight: 400; text-align: justify;\">\u201cLa Fiscal\u00eda de Ays\u00e9n se encuentra trabajando en el esclarecimiento del siniestro ocurrido ayer, en horas de la noche, aproximadamente a las 20 horas en el sector de El Salto, a la altura del kil\u00f3metro cinco\u201d, explic\u00f3 el fiscal jefe de Ays\u00e9n, Pedro Poblete.<\/p>\n<p style=\"font-weight: 400; text-align: justify;\">El persecutor penal a\u00f1adi\u00f3 que mientras los equipos de emergencia intentaban controlar el siniestro, se percataron del \u201cfallecimiento de una persona que presumiblemente ser\u00eda el propietario del inmueble, un hombre de 71 a\u00f1os de edad que viv\u00eda solo en este sector\u201d.<\/p>\n<p style=\"font-weight: 400; text-align: justify;\">El fiscal Poblete agreg\u00f3 que \u201clas causas del siniestro, si bien se est\u00e1n investigando, tendr\u00edan relaci\u00f3n con un sobrecalentamiento de la estufa a combusti\u00f3n lenta del domicilio y se dispuso para estos efectos el trabajo de personal especializado del Laboratorio Criminal\u00edstica (Labocar), Carabineros de la Secci\u00f3n de Investigaci\u00f3n Policial SIP y el Servicio M\u00e9dico Legal, para la realizaci\u00f3n de la autopsia de rigor\u201d.<\/p>\n<p style=\"font-weight: 400; text-align: justify;\">Al siniestro concurrieron todas las unidades del Cuerpo de Bomberos de Puerto Ays\u00e9n, Carabineros y personal SAMU.<\/p>\n<\/div><\/section><\/div><div  style='height:50px' class='hr hr-invisible   avia-builder-el-6  el_after_av_one_full  el_before_av_social_share '><span class='hr-inner ' ><span class='hr-inner-style'><\/span><\/span><\/div><\/p>\n<div  class='av-social-sharing-box  avia-builder-el-7  el_after_av_hr  el_before_av_hr  '><div class='av-share-box'><h5 class='av-share-link-description av-no-toc '>Compartir esta noticia<\/h5><ul class='av-share-box-list noLightbox'><li class='av-share-link av-social-link-facebook' ><a target=\"_blank\" aria-label=\"Compartir en Facebook\" href='https:\/\/www.facebook.com\/sharer.php?u=https:\/\/radiorevelacionfm.cl\/?p=41308&#038;t=Tras%20fatal%20incendio%20en%20sector%20rural%2C%20Fiscal%C3%ADa%20de%20Ays%C3%A9n%20solicit%C3%B3%20diligencias%20a%20la%20SIP%20y%20SML' aria-hidden='false' data-av_icon='\ue8f3' data-av_iconfont='entypo-fontello' title='' data-avia-related-tooltip='Compartir en Facebook' rel=\"noopener\"><span class='avia_hidden_link_text'>Compartir en Facebook<\/span><\/a><\/li><li class='av-share-link av-social-link-twitter' ><a target=\"_blank\" aria-label=\"Compartir en Twitter\" href='https:\/\/twitter.com\/share?text=Tras%20fatal%20incendio%20en%20sector%20rural%2C%20Fiscal%C3%ADa%20de%20Ays%C3%A9n%20solicit%C3%B3%20diligencias%20a%20la%20SIP%20y%20SML&#038;url=https:\/\/radiorevelacionfm.cl\/?p=41308' aria-hidden='false' data-av_icon='\ue8f1' data-av_iconfont='entypo-fontello' title='' data-avia-related-tooltip='Compartir en Twitter' rel=\"noopener\"><span class='avia_hidden_link_text'>Compartir en Twitter<\/span><\/a><\/li><li class='av-share-link av-social-link-whatsapp' ><a target=\"_blank\" aria-label=\"Compartir en Whatsapp\" href='https:\/\/api.whatsapp.com\/send?text=https:\/\/radiorevelacionfm.cl\/?p=41308' aria-hidden='false' data-av_icon='\uf232' data-av_iconfont='entypo-fontello' title='' data-avia-related-tooltip='Compartir en Whatsapp' rel=\"noopener\"><span class='avia_hidden_link_text'>Compartir en Whatsapp<\/span><\/a><\/li><li class='av-share-link av-social-link-linkedin' ><a target=\"_blank\" aria-label=\"Compartir en LinkedIn\" href='https:\/\/linkedin.com\/shareArticle?mini=true&#038;title=Tras%20fatal%20incendio%20en%20sector%20rural%2C%20Fiscal%C3%ADa%20de%20Ays%C3%A9n%20solicit%C3%B3%20diligencias%20a%20la%20SIP%20y%20SML&#038;url=https:\/\/radiorevelacionfm.cl\/?p=41308' aria-hidden='false' data-av_icon='\ue8fc' data-av_iconfont='entypo-fontello' title='' data-avia-related-tooltip='Compartir en LinkedIn' rel=\"noopener\"><span class='avia_hidden_link_text'>Compartir en LinkedIn<\/span><\/a><\/li><li class='av-share-link av-social-link-mail' ><a  aria-label=\"Compartir por correo\" href='mailto:?subject=Tras%20fatal%20incendio%20en%20sector%20rural%2C%20Fiscal%C3%ADa%20de%20Ays%C3%A9n%20solicit%C3%B3%20diligencias%20a%20la%20SIP%20y%20SML&#038;body=https:\/\/radiorevelacionfm.cl\/?p=41308' aria-hidden='false' data-av_icon='\ue805' data-av_iconfont='entypo-fontello' title='' data-avia-related-tooltip='Compartir por correo'><span class='avia_hidden_link_text'>Compartir por correo<\/span><\/a><\/li><\/ul><\/div><\/div>\n<div  style='height:50px' class='hr hr-invisible   avia-builder-el-8  el_after_av_social_share  el_before_av_comments_list '><span class='hr-inner ' ><span class='hr-inner-style'><\/span><\/span><\/div>\n<div  class='av-buildercomment  av-blog-meta-html-info-disabled av-blog-meta-tag-disabled  '><\/div>\n","protected":false},"excerpt":{"rendered":"","protected":false},"author":1,"featured_media":41309,"comment_status":"open","ping_status":"open","sticky":false,"template":"","format":"standard","meta":{"footnotes":""},"categories":[55],"tags":[],"class_list":["post-41308","post","type-post","status-publish","format-standard","has-post-thumbnail","hentry","category-justicia"],"jetpack_featured_media_url":"https:\/\/radiorevelacionfm.cl\/wp-content\/uploads\/2024\/04\/438036798_1874327323009371_3821745243030396704_n-1-1.jpg","_links":{"self":[{"href":"https:\/\/radiorevelacionfm.cl\/index.php?rest_route=\/wp\/v2\/posts\/41308","targetHints":{"allow":["GET"]}}],"collection":[{"href":"https:\/\/radiorevelacionfm.cl\/index.php?rest_route=\/wp\/v2\/posts"}],"about":[{"href":"https:\/\/radiorevelacionfm.cl\/index.php?rest_route=\/wp\/v2\/types\/post"}],"author":[{"embeddable":true,"href":"https:\/\/radiorevelacionfm.cl\/index.php?rest_route=\/wp\/v2\/users\/1"}],"replies":[{"embeddable":true,"href":"https:\/\/radiorevelacionfm.cl\/index.php?rest_route=%2Fwp%2Fv2%2Fcomments&post=41308"}],"version-history":[{"count":1,"href":"https:\/\/radiorevelacionfm.cl\/index.php?rest_route=\/wp\/v2\/posts\/41308\/revisions"}],"predecessor-version":[{"id":41310,"href":"https:\/\/radiorevelacionfm.cl\/index.php?rest_route=\/wp\/v2\/posts\/41308\/revisions\/41310"}],"wp:featuredmedia":[{"embeddable":true,"href":"https:\/\/radiorevelacionfm.cl\/index.php?rest_route=\/wp\/v2\/media\/41309"}],"wp:attachment":[{"href":"https:\/\/radiorevelacionfm.cl\/index.php?rest_route=%2Fwp%2Fv2%2Fmedia&parent=41308"}],"wp:term":[{"taxonomy":"category","embeddable":true,"href":"https:\/\/radiorevelacionfm.cl\/index.php?rest_route=%2Fwp%2Fv2%2Fcategories&post=41308"},{"taxonomy":"post_tag","embeddable":true,"href":"https:\/\/radiorevelacionfm.cl\/index.php?rest_route=%2Fwp%2Fv2%2Ftags&post=41308"}],"curies":[{"name":"wp","href":"https:\/\/api.w.org\/{rel}","templated":true}]}}