{"id":41305,"date":"2024-04-16T11:01:44","date_gmt":"2024-04-16T14:01:44","guid":{"rendered":"https:\/\/radiorevelacionfm.cl\/?p=41305"},"modified":"2024-04-16T11:01:44","modified_gmt":"2024-04-16T14:01:44","slug":"corfo-abre-dos-convocatorias-para-emprendedoras-de-aysen","status":"publish","type":"post","link":"https:\/\/radiorevelacionfm.cl\/?p=41305","title":{"rendered":"Corfo abre dos convocatorias para Emprendedoras de Ays\u00e9n"},"content":{"rendered":"<div class=\"flex_column av_one_full  flex_column_div av-zero-column-padding first  avia-builder-el-0  el_before_av_one_full  avia-builder-el-first  \" style='border-radius:0px; '><div  class='avia-image-container  av-styling-    avia-builder-el-1  avia-builder-el-no-sibling  avia-align-center '  itemprop=\"image\" itemscope=\"itemscope\" itemtype=\"https:\/\/schema.org\/ImageObject\"  ><div class='avia-image-container-inner'><div class='avia-image-overlay-wrap'><img decoding=\"async\" class='wp-image-41306 avia-img-lazy-loading-not-41306 avia_image' src=\"https:\/\/radiorevelacionfm.cl\/wp-content\/uploads\/2024\/04\/240415-semilla-inicia-2-1_optimized.jpg\" alt='' title='240415-semilla-inicia-2-(1)_optimized' height=\"600\" width=\"900\"  itemprop=\"thumbnailUrl\" srcset=\"https:\/\/radiorevelacionfm.cl\/wp-content\/uploads\/2024\/04\/240415-semilla-inicia-2-1_optimized.jpg 900w, https:\/\/radiorevelacionfm.cl\/wp-content\/uploads\/2024\/04\/240415-semilla-inicia-2-1_optimized-300x200.jpg 300w, https:\/\/radiorevelacionfm.cl\/wp-content\/uploads\/2024\/04\/240415-semilla-inicia-2-1_optimized-768x512.jpg 768w, https:\/\/radiorevelacionfm.cl\/wp-content\/uploads\/2024\/04\/240415-semilla-inicia-2-1_optimized-705x470.jpg 705w, https:\/\/radiorevelacionfm.cl\/wp-content\/uploads\/2024\/04\/240415-semilla-inicia-2-1_optimized-450x300.jpg 450w, https:\/\/radiorevelacionfm.cl\/wp-content\/uploads\/2024\/04\/240415-semilla-inicia-2-1_optimized-600x400.jpg 600w\" sizes=\"(max-width: 900px) 100vw, 900px\" \/><\/div><\/div><\/div><\/div><div class=\"flex_column av_one_full  flex_column_div av-zero-column-padding first  avia-builder-el-2  el_after_av_one_full  el_before_av_one_full  column-top-margin\" style='border-radius:0px; '><section class=\"av_textblock_section \"  itemscope=\"itemscope\" itemtype=\"https:\/\/schema.org\/BlogPosting\" itemprop=\"blogPost\" ><div class='avia_textblock  '   itemprop=\"text\" ><p style=\"text-align: center;\"><strong><span style=\"font-size: 18pt;\">Corfo abre dos convocatorias para Emprendedoras de Ays\u00e9n<\/span><\/strong><\/p>\n<div id=\"gtx-trans\" style=\"position: absolute; left: -50px; top: 4.31534px;\">\n<div class=\"gtx-trans-icon\"><\/div>\n<\/div>\n<\/div><\/section><\/div><div class=\"flex_column av_one_full  flex_column_div av-zero-column-padding first  avia-builder-el-4  el_after_av_one_full  el_before_av_hr  column-top-margin\" style='border-radius:0px; '><section class=\"av_textblock_section \"  itemscope=\"itemscope\" itemtype=\"https:\/\/schema.org\/BlogPosting\" itemprop=\"blogPost\" ><div class='avia_textblock  '   itemprop=\"text\" ><p style=\"font-weight: 400; text-align: justify;\"><em>Desde el a\u00f1o 2020, la Corporaci\u00f3n abre convocatorias de sus dos programas semilla para apoyar, exclusivamente, a emprendedoras de todo el pa\u00eds, con el fin de impulsar y consolidar sus innovadoras y sostenibles ideas de negocio.<\/em><\/p>\n<p style=\"font-weight: 400; text-align: justify;\">Por cuarto a\u00f1o consecutivo, Corfo lanza convocatorias de sus programas Semilla con enfoque exclusivo de g\u00e9nero. En esta ocasi\u00f3n, la Corporaci\u00f3n anunci\u00f3 el nuevo llamado de <strong>Semilla Inicia Mujeres<\/strong>\u00a0y\u00a0<strong>Semilla Expande Mujeres<\/strong>\u00a0para seguir contribuyendo en la equidad dentro del ecosistema nacional de emprendimiento apoyando a emprendedoras de todo el pa\u00eds que tengan ideas de negocio con impacto social, econ\u00f3mico y medioambiental.<\/p>\n<p style=\"font-weight: 400; text-align: justify;\">\u00abEn Corfo Ays\u00e9n, nos enorgullece formar parte de iniciativas que reflejan nuestro compromiso con la igualdad de g\u00e9nero y la eliminaci\u00f3n de barreras para el emprendimiento femenino. Al integrar estas acciones en nuestra estrategia de igualdad de g\u00e9nero, estamos dando pasos concretos hacia la reducci\u00f3n de las desigualdades sist\u00e9micas y culturales que enfrentan las mujeres al emprender. Nuestro objetivo es visibilizar y superar estas barreras, asegurando que las emprendedoras de hoy y del futuro puedan desarrollar sus negocios en un entorno equitativo y justo. Esta iniciativa no solo beneficia a nuestra regi\u00f3n, sino que tambi\u00e9n fortalece el compromiso de Corfo con la construcci\u00f3n de una sociedad m\u00e1s inclusiva y pr\u00f3spera para todos\u201d, explic\u00f3 Humberto Mar\u00edn Leiva, director de Corfo Ays\u00e9n.<\/p>\n<p style=\"font-weight: 400; text-align: justify;\">La convocatoria 2024 de Semilla Inicia Mujeres est\u00e1 dirigida a mujeres emprendedoras que busquen materializar una idea de negocio con alto potencial de crecimiento. Los proyectos deben ser innovadores y encontrarse en fase de concepci\u00f3n o contar con alg\u00fan prototipo funcional desarrollado, aunque a\u00fan no hayan generado ventas. Como apoyo, este instrumento ofrece un cofinanciamiento de hasta un 85%, con un tope de $17 millones por iniciativa.<\/p>\n<p style=\"font-weight: 400; text-align: justify;\">Por otro lado, Semilla Expande Mujeres tiene como objetivo respaldar emprendimientos innovadores, activos y liderados por mujeres, en su expansi\u00f3n hacia nuevos mercados, tanto a nivel nacional como internacional. Para ello, Corfo proporciona un cofinanciamiento de hasta el 85% del costo total del proyecto, con un tope de $28,3 millones, y brinda la posibilidad de una segunda etapa que otorga hasta $22,6 millones adicionales.<\/p>\n<p style=\"font-weight: 400; text-align: justify;\">En su convocatoria 2023 de\u00a0<strong>Semilla Inicia Mujeres<\/strong>\u00a0y Semilla<strong>\u00a0Expande Mujeres<\/strong><strong>,<\/strong>\u00a0Corfo aprob\u00f3 75 proyectos de emprendimientos femeninos, de 15 regiones del pa\u00eds, con un financiamiento superior a los $1.510 millones en total. Destacan la Regi\u00f3n Metropolitana, Valpara\u00edso, Biob\u00edo, La Araucan\u00eda y Los R\u00edos, en el n\u00famero de iniciativas apoyadas.<\/p>\n<p style=\"font-weight: 400; text-align: justify;\">La convocatoria 2024 de Semilla Expande Mujeres estar\u00e1 abierta hasta el 14 de mayo de 2024, mientras que Semilla Inicia Mujeres cerrar\u00e1 el 15 de mayo de 2024, ambos a las 16.00 horas. Ambas convocatorias contar\u00e1n con sesiones de orientaci\u00f3n transmitidas en l\u00ednea a trav\u00e9s de YouTube de Corfo, donde se proporcionar\u00e1n lineamientos b\u00e1sicos sobre el proceso de postulaci\u00f3n, brindando asesoramiento oportuno a quienes deseen participar en estos llamados.<\/p>\n<p style=\"font-weight: 400; text-align: justify;\">Las fechas de estas sesiones de orientaci\u00f3n para estas convocatorias son:\u00a0Semilla Inicia Mujeres, 24 de abril y 08 de mayo desde las 11.00 horas; Semilla Expande Mujeres, 25 de abril y 09 de mayo desde las 11.00 horas.<\/p>\n<p style=\"font-weight: 400; text-align: justify;\">Para m\u00e1s informaci\u00f3n sobre los programas, actualizaciones o dudas, se puede visitar\u00a0<a href=\"http:\/\/www.corfo.cl\/\" data-saferedirecturl=\"https:\/\/www.google.com\/url?q=http:\/\/www.corfo.cl&amp;source=gmail&amp;ust=1713292646180000&amp;usg=AOvVaw05SHZKr0hN2ppsLifdzCBb\">www.corfo.cl<\/a><\/p>\n<\/div><\/section><\/div><div  style='height:50px' class='hr hr-invisible   avia-builder-el-6  el_after_av_one_full  el_before_av_social_share '><span class='hr-inner ' ><span class='hr-inner-style'><\/span><\/span><\/div><\/p>\n<div  class='av-social-sharing-box  avia-builder-el-7  el_after_av_hr  el_before_av_hr  '><div class='av-share-box'><h5 class='av-share-link-description av-no-toc '>Compartir esta noticia<\/h5><ul class='av-share-box-list noLightbox'><li class='av-share-link av-social-link-facebook' ><a target=\"_blank\" aria-label=\"Compartir en Facebook\" href='https:\/\/www.facebook.com\/sharer.php?u=https:\/\/radiorevelacionfm.cl\/?p=41305&#038;t=Corfo%20abre%20dos%20convocatorias%20para%20Emprendedoras%20de%20Ays%C3%A9n' aria-hidden='false' data-av_icon='\ue8f3' data-av_iconfont='entypo-fontello' title='' data-avia-related-tooltip='Compartir en Facebook' rel=\"noopener\"><span class='avia_hidden_link_text'>Compartir en Facebook<\/span><\/a><\/li><li class='av-share-link av-social-link-twitter' ><a target=\"_blank\" aria-label=\"Compartir en Twitter\" href='https:\/\/twitter.com\/share?text=Corfo%20abre%20dos%20convocatorias%20para%20Emprendedoras%20de%20Ays%C3%A9n&#038;url=https:\/\/radiorevelacionfm.cl\/?p=41305' aria-hidden='false' data-av_icon='\ue8f1' data-av_iconfont='entypo-fontello' title='' data-avia-related-tooltip='Compartir en Twitter' rel=\"noopener\"><span class='avia_hidden_link_text'>Compartir en Twitter<\/span><\/a><\/li><li class='av-share-link av-social-link-whatsapp' ><a target=\"_blank\" aria-label=\"Compartir en Whatsapp\" href='https:\/\/api.whatsapp.com\/send?text=https:\/\/radiorevelacionfm.cl\/?p=41305' aria-hidden='false' data-av_icon='\uf232' data-av_iconfont='entypo-fontello' title='' data-avia-related-tooltip='Compartir en Whatsapp' rel=\"noopener\"><span class='avia_hidden_link_text'>Compartir en Whatsapp<\/span><\/a><\/li><li class='av-share-link av-social-link-linkedin' ><a target=\"_blank\" aria-label=\"Compartir en LinkedIn\" href='https:\/\/linkedin.com\/shareArticle?mini=true&#038;title=Corfo%20abre%20dos%20convocatorias%20para%20Emprendedoras%20de%20Ays%C3%A9n&#038;url=https:\/\/radiorevelacionfm.cl\/?p=41305' aria-hidden='false' data-av_icon='\ue8fc' data-av_iconfont='entypo-fontello' title='' data-avia-related-tooltip='Compartir en LinkedIn' rel=\"noopener\"><span class='avia_hidden_link_text'>Compartir en LinkedIn<\/span><\/a><\/li><li class='av-share-link av-social-link-mail' ><a  aria-label=\"Compartir por correo\" href='mailto:?subject=Corfo%20abre%20dos%20convocatorias%20para%20Emprendedoras%20de%20Ays%C3%A9n&#038;body=https:\/\/radiorevelacionfm.cl\/?p=41305' aria-hidden='false' data-av_icon='\ue805' data-av_iconfont='entypo-fontello' title='' data-avia-related-tooltip='Compartir por correo'><span class='avia_hidden_link_text'>Compartir por correo<\/span><\/a><\/li><\/ul><\/div><\/div>\n<div  style='height:50px' class='hr hr-invisible   avia-builder-el-8  el_after_av_social_share  el_before_av_comments_list '><span class='hr-inner ' ><span class='hr-inner-style'><\/span><\/span><\/div>\n<div  class='av-buildercomment  av-blog-meta-html-info-disabled av-blog-meta-tag-disabled  '><\/div>\n","protected":false},"excerpt":{"rendered":"","protected":false},"author":1,"featured_media":41306,"comment_status":"open","ping_status":"open","sticky":false,"template":"","format":"standard","meta":{"footnotes":""},"categories":[38],"tags":[],"class_list":["post-41305","post","type-post","status-publish","format-standard","has-post-thumbnail","hentry","category-regional"],"jetpack_featured_media_url":"https:\/\/radiorevelacionfm.cl\/wp-content\/uploads\/2024\/04\/240415-semilla-inicia-2-1_optimized.jpg","_links":{"self":[{"href":"https:\/\/radiorevelacionfm.cl\/index.php?rest_route=\/wp\/v2\/posts\/41305","targetHints":{"allow":["GET"]}}],"collection":[{"href":"https:\/\/radiorevelacionfm.cl\/index.php?rest_route=\/wp\/v2\/posts"}],"about":[{"href":"https:\/\/radiorevelacionfm.cl\/index.php?rest_route=\/wp\/v2\/types\/post"}],"author":[{"embeddable":true,"href":"https:\/\/radiorevelacionfm.cl\/index.php?rest_route=\/wp\/v2\/users\/1"}],"replies":[{"embeddable":true,"href":"https:\/\/radiorevelacionfm.cl\/index.php?rest_route=%2Fwp%2Fv2%2Fcomments&post=41305"}],"version-history":[{"count":1,"href":"https:\/\/radiorevelacionfm.cl\/index.php?rest_route=\/wp\/v2\/posts\/41305\/revisions"}],"predecessor-version":[{"id":41307,"href":"https:\/\/radiorevelacionfm.cl\/index.php?rest_route=\/wp\/v2\/posts\/41305\/revisions\/41307"}],"wp:featuredmedia":[{"embeddable":true,"href":"https:\/\/radiorevelacionfm.cl\/index.php?rest_route=\/wp\/v2\/media\/41306"}],"wp:attachment":[{"href":"https:\/\/radiorevelacionfm.cl\/index.php?rest_route=%2Fwp%2Fv2%2Fmedia&parent=41305"}],"wp:term":[{"taxonomy":"category","embeddable":true,"href":"https:\/\/radiorevelacionfm.cl\/index.php?rest_route=%2Fwp%2Fv2%2Fcategories&post=41305"},{"taxonomy":"post_tag","embeddable":true,"href":"https:\/\/radiorevelacionfm.cl\/index.php?rest_route=%2Fwp%2Fv2%2Ftags&post=41305"}],"curies":[{"name":"wp","href":"https:\/\/api.w.org\/{rel}","templated":true}]}}