{"id":41302,"date":"2024-04-15T19:09:38","date_gmt":"2024-04-15T22:09:38","guid":{"rendered":"https:\/\/radiorevelacionfm.cl\/?p=41302"},"modified":"2024-04-15T19:09:38","modified_gmt":"2024-04-15T22:09:38","slug":"justicia-reconocio-a-siete-funcionarias-por-su-destacada-labor-al-interior-de-sus-servicios","status":"publish","type":"post","link":"https:\/\/radiorevelacionfm.cl\/?p=41302","title":{"rendered":"Justicia reconoci\u00f3 a siete funcionarias por su destacada labor al interior de sus servicios"},"content":{"rendered":"<div class=\"flex_column av_one_full  flex_column_div av-zero-column-padding first  avia-builder-el-0  el_before_av_one_full  avia-builder-el-first  \" style='border-radius:0px; '><div  class='avia-image-container  av-styling-    avia-builder-el-1  avia-builder-el-no-sibling  avia-align-center '  itemprop=\"image\" itemscope=\"itemscope\" itemtype=\"https:\/\/schema.org\/ImageObject\"  ><div class='avia-image-container-inner'><div class='avia-image-overlay-wrap'><img decoding=\"async\" class='wp-image-41303 avia-img-lazy-loading-not-41303 avia_image' src=\"https:\/\/radiorevelacionfm.cl\/wp-content\/uploads\/2024\/04\/mujeres-destacadas-1-1-1.jpg\" alt='' title='mujeres destacadas 1 (1) (1)' height=\"600\" width=\"991\"  itemprop=\"thumbnailUrl\" srcset=\"https:\/\/radiorevelacionfm.cl\/wp-content\/uploads\/2024\/04\/mujeres-destacadas-1-1-1.jpg 991w, https:\/\/radiorevelacionfm.cl\/wp-content\/uploads\/2024\/04\/mujeres-destacadas-1-1-1-300x182.jpg 300w, https:\/\/radiorevelacionfm.cl\/wp-content\/uploads\/2024\/04\/mujeres-destacadas-1-1-1-768x465.jpg 768w, https:\/\/radiorevelacionfm.cl\/wp-content\/uploads\/2024\/04\/mujeres-destacadas-1-1-1-705x427.jpg 705w, https:\/\/radiorevelacionfm.cl\/wp-content\/uploads\/2024\/04\/mujeres-destacadas-1-1-1-450x272.jpg 450w, https:\/\/radiorevelacionfm.cl\/wp-content\/uploads\/2024\/04\/mujeres-destacadas-1-1-1-600x363.jpg 600w\" sizes=\"(max-width: 991px) 100vw, 991px\" \/><\/div><\/div><\/div><\/div><div class=\"flex_column av_one_full  flex_column_div av-zero-column-padding first  avia-builder-el-2  el_after_av_one_full  el_before_av_one_full  column-top-margin\" style='border-radius:0px; '><section class=\"av_textblock_section \"  itemscope=\"itemscope\" itemtype=\"https:\/\/schema.org\/BlogPosting\" itemprop=\"blogPost\" ><div class='avia_textblock  '   itemprop=\"text\" ><p style=\"text-align: center;\"><span style=\"font-size: 18pt;\"><strong>Justicia reconoci\u00f3 a siete funcionarias por su destacada labor al interior de sus servicios<\/strong><\/span><\/p>\n<div id=\"gtx-trans\" style=\"position: absolute; left: -50px; top: 4.31534px;\">\n<div class=\"gtx-trans-icon\"><\/div>\n<\/div>\n<\/div><\/section><\/div><div class=\"flex_column av_one_full  flex_column_div av-zero-column-padding first  avia-builder-el-4  el_after_av_one_full  el_before_av_hr  column-top-margin\" style='border-radius:0px; '><section class=\"av_textblock_section \"  itemscope=\"itemscope\" itemtype=\"https:\/\/schema.org\/BlogPosting\" itemprop=\"blogPost\" ><div class='avia_textblock  '   itemprop=\"text\" ><p style=\"text-align: justify;\"><em>En la oportunidad fueron reconocidas trabajadoras del Servicio de Registro Civil e Identificaci\u00f3n, Defensor\u00eda Penal P\u00fablica, Servicio M\u00e9dico Legal, SENAME, CAJ, Gendarmer\u00eda de Chile y de la Secretar\u00eda Regional Ministerial de Justicia y DD.HH.<\/em><\/p>\n<p style=\"text-align: justify;\">Por segundo a\u00f1o consecutivo y en una emotiva ceremonia realizada en dependencias del auditorio del MOP, la Secretar\u00eda Regional Ministerial de Justicia y DD.HH hizo entrega de un reconocimiento a la labor destacada de las funcionarias del sector Justicia, instancia encabezada por el Seremi de la cartera Samuel Navarro Castro y que cont\u00f3 con la presencia de la Directora Regional del Servicio de la Mujer y Equidad de G\u00e9nero Patricia Baeza Cabezas, los directores de los seis servicios dependientes y relacionados, funcionarios\/as, invitados especiales y familiares de las homenajeadas.<\/p>\n<p style=\"text-align: justify;\">En la oportunidad fueron reconocidas, Nancy Fabres Corral (Servicio de Registro Civil e Identificaci\u00f3n), Edith Simao Pasten (Corporaci\u00f3n de Asistencia Judicial del B\u00edo B\u00edo) Mar\u00eda Ruiz Ovalle (Servicio Nacional de Menores) Suboficial Eliana Pilquinao Orellana\u00a0 (Gendarmer\u00eda de Chile), Sandra Villegas Santiba\u00f1ez (Secretar\u00eda Regional Ministerial de Justicia y DDHH), Estefani Barr\u00eda Ram\u00edrez (Servicio M\u00e9dico Legal) y Orietta Rodr\u00edguez Sep\u00falveda (Defensor\u00eda Penal P\u00fablica).<\/p>\n<p style=\"text-align: justify;\">Respecto a la importancia de este reconocimiento, el Seremi de Justicia y Derechos Humanos, Samuel Navarro Castro destac\u00f3 que \u201cpor segundo a\u00f1o consecutivo como sector Justicia hacemos una pausa y brindamos un homenaje y reconocimiento a las mujeres de los servicios p\u00fablicos relacionados y dependientes de Justicia y tambi\u00e9n de la seremi, tanto para premiar como para destacar aquellas mujeres trabajadoras que hacen un aporte muy delicado dentro de sus competencias y \u00e1reas de trabajo y que adem\u00e1s cada uno de los servicios propone para ser destacada u homenajeada, en este sentido esta actividad por diversas razones pudimos realizarla reci\u00e9n ahora el mes de abril , y cont\u00f3 con la participaci\u00f3n de colegas, compa\u00f1eros de trabajo, jefes de servicio, y las familias de las mujeres que fueron destacadas, pensamos que es una actividad que debemos mantener, formalizar en el tiempo para los efectos para considerar que dentro del sector justicia las brechas de g\u00e9nero, el enfoque de g\u00e9nero que estamos desarrollando en nuestras agendas, tambi\u00e9n tiene un aspecto de reconocimiento a las mujeres que prestan sus invaluables servicios en el sector Justicia\u201d.<\/p>\n<p style=\"text-align: justify;\">La funcionaria del Servicio Nacional de Menores, Mar\u00eda Ruiz se refiri\u00f3 a este homenaje se\u00f1alando que \u201cpara mi es muy importante trabajar en Sename con los j\u00f3venes y muy gratificante, llevo trabajando 17 a\u00f1os, es un trabajo muy importante donde comparto con los j\u00f3venes y les entrego mucho cari\u00f1o y dedicaci\u00f3n\u201d.<\/p>\n<p style=\"text-align: justify;\">En tanto, Estefani Barr\u00eda Ram\u00edrez, funcionaria del Servicio M\u00e9dico Legal tambi\u00e9n agradeci\u00f3 este reconocimiento indicando que \u201ces s\u00faper importante que destaquen el trabajo y lo que uno hace d\u00eda a d\u00eda por los usuarios y por entregar un mejor servicio a la comunidad, desde el 2019 que llevo en el servicio, siento que nuestro trabajo es muy importante somos un servicio que presta asistencia a la Justicia, por lo tanto todo lo que hagamos nosotros es s\u00faper importante para entregar justicia a las v\u00edctimas de cualquier delito\u201d.<\/p>\n<p style=\"text-align: justify;\">A su vez, Sandra Villegas Santiba\u00f1ez funcionaria de la secretar\u00eda regional ministerial de Justicia y DDHH indic\u00f3 que \u201ca lo largo de estos a\u00f1os he aprendido much\u00edsimo siendo parte de distintos equipos de trabajo en la seremi de Justicia y DDHH, lo que me ha permitido conocer a personas valiosas con las que he construido algo muy bonito como la amistad perdurando hasta el d\u00eda de hoy, en este lugar he compartido alegr\u00edas, tristezas y tambi\u00e9n satisfacciones, en el quehacer diario mi trabajo me ha permitido desarrollar la empat\u00eda, a escuchar, a no perder la sensibilidad al establecer el primer contacto con los usuarios, en ese sentido es gratificante cuando las personas te lo agradecen y se van conformes con la atenci\u00f3n que uno les brinda, este reconocimiento viene a confirmar que el compromiso asumido con la instituci\u00f3n es valorado por mi jefatura y mis compa\u00f1eros de equipo, y al final solo tengo palabras de agradecimiento a esta gran familia que es Justicia\u201d.<\/p>\n<p style=\"text-align: justify;\">Finalmente, mencionar que la idea es realizar esta actividad todos los a\u00f1os, esto con el objetivo de reconocer y poner el valor de las mujeres en el ejercicio de sus funciones al interior de los servicios del sector Justicia.<\/p>\n<\/div><\/section><\/div><div  style='height:50px' class='hr hr-invisible   avia-builder-el-6  el_after_av_one_full  el_before_av_social_share '><span class='hr-inner ' ><span class='hr-inner-style'><\/span><\/span><\/div><\/p>\n<div  class='av-social-sharing-box  avia-builder-el-7  el_after_av_hr  el_before_av_hr  '><div class='av-share-box'><h5 class='av-share-link-description av-no-toc '>Compartir esta noticia<\/h5><ul class='av-share-box-list noLightbox'><li class='av-share-link av-social-link-facebook' ><a target=\"_blank\" aria-label=\"Compartir en Facebook\" href='https:\/\/www.facebook.com\/sharer.php?u=https:\/\/radiorevelacionfm.cl\/?p=41302&#038;t=Justicia%20reconoci%C3%B3%20a%20siete%20funcionarias%20por%20su%20destacada%20labor%20al%20interior%20de%20sus%20servicios' aria-hidden='false' data-av_icon='\ue8f3' data-av_iconfont='entypo-fontello' title='' data-avia-related-tooltip='Compartir en Facebook' rel=\"noopener\"><span class='avia_hidden_link_text'>Compartir en Facebook<\/span><\/a><\/li><li class='av-share-link av-social-link-twitter' ><a target=\"_blank\" aria-label=\"Compartir en Twitter\" href='https:\/\/twitter.com\/share?text=Justicia%20reconoci%C3%B3%20a%20siete%20funcionarias%20por%20su%20destacada%20labor%20al%20interior%20de%20sus%20servicios&#038;url=https:\/\/radiorevelacionfm.cl\/?p=41302' aria-hidden='false' data-av_icon='\ue8f1' data-av_iconfont='entypo-fontello' title='' data-avia-related-tooltip='Compartir en Twitter' rel=\"noopener\"><span class='avia_hidden_link_text'>Compartir en Twitter<\/span><\/a><\/li><li class='av-share-link av-social-link-whatsapp' ><a target=\"_blank\" aria-label=\"Compartir en Whatsapp\" href='https:\/\/api.whatsapp.com\/send?text=https:\/\/radiorevelacionfm.cl\/?p=41302' aria-hidden='false' data-av_icon='\uf232' data-av_iconfont='entypo-fontello' title='' data-avia-related-tooltip='Compartir en Whatsapp' rel=\"noopener\"><span class='avia_hidden_link_text'>Compartir en Whatsapp<\/span><\/a><\/li><li class='av-share-link av-social-link-linkedin' ><a target=\"_blank\" aria-label=\"Compartir en LinkedIn\" href='https:\/\/linkedin.com\/shareArticle?mini=true&#038;title=Justicia%20reconoci%C3%B3%20a%20siete%20funcionarias%20por%20su%20destacada%20labor%20al%20interior%20de%20sus%20servicios&#038;url=https:\/\/radiorevelacionfm.cl\/?p=41302' aria-hidden='false' data-av_icon='\ue8fc' data-av_iconfont='entypo-fontello' title='' data-avia-related-tooltip='Compartir en LinkedIn' rel=\"noopener\"><span class='avia_hidden_link_text'>Compartir en LinkedIn<\/span><\/a><\/li><li class='av-share-link av-social-link-mail' ><a  aria-label=\"Compartir por correo\" href='mailto:?subject=Justicia%20reconoci%C3%B3%20a%20siete%20funcionarias%20por%20su%20destacada%20labor%20al%20interior%20de%20sus%20servicios&#038;body=https:\/\/radiorevelacionfm.cl\/?p=41302' aria-hidden='false' data-av_icon='\ue805' data-av_iconfont='entypo-fontello' title='' data-avia-related-tooltip='Compartir por correo'><span class='avia_hidden_link_text'>Compartir por correo<\/span><\/a><\/li><\/ul><\/div><\/div>\n<div  style='height:50px' class='hr hr-invisible   avia-builder-el-8  el_after_av_social_share  el_before_av_comments_list '><span class='hr-inner ' ><span class='hr-inner-style'><\/span><\/span><\/div>\n<div  class='av-buildercomment  av-blog-meta-html-info-disabled av-blog-meta-tag-disabled  '><\/div>\n","protected":false},"excerpt":{"rendered":"","protected":false},"author":1,"featured_media":41303,"comment_status":"open","ping_status":"open","sticky":false,"template":"","format":"standard","meta":{"footnotes":""},"categories":[55],"tags":[],"class_list":["post-41302","post","type-post","status-publish","format-standard","has-post-thumbnail","hentry","category-justicia"],"jetpack_featured_media_url":"https:\/\/radiorevelacionfm.cl\/wp-content\/uploads\/2024\/04\/mujeres-destacadas-1-1-1.jpg","_links":{"self":[{"href":"https:\/\/radiorevelacionfm.cl\/index.php?rest_route=\/wp\/v2\/posts\/41302","targetHints":{"allow":["GET"]}}],"collection":[{"href":"https:\/\/radiorevelacionfm.cl\/index.php?rest_route=\/wp\/v2\/posts"}],"about":[{"href":"https:\/\/radiorevelacionfm.cl\/index.php?rest_route=\/wp\/v2\/types\/post"}],"author":[{"embeddable":true,"href":"https:\/\/radiorevelacionfm.cl\/index.php?rest_route=\/wp\/v2\/users\/1"}],"replies":[{"embeddable":true,"href":"https:\/\/radiorevelacionfm.cl\/index.php?rest_route=%2Fwp%2Fv2%2Fcomments&post=41302"}],"version-history":[{"count":1,"href":"https:\/\/radiorevelacionfm.cl\/index.php?rest_route=\/wp\/v2\/posts\/41302\/revisions"}],"predecessor-version":[{"id":41304,"href":"https:\/\/radiorevelacionfm.cl\/index.php?rest_route=\/wp\/v2\/posts\/41302\/revisions\/41304"}],"wp:featuredmedia":[{"embeddable":true,"href":"https:\/\/radiorevelacionfm.cl\/index.php?rest_route=\/wp\/v2\/media\/41303"}],"wp:attachment":[{"href":"https:\/\/radiorevelacionfm.cl\/index.php?rest_route=%2Fwp%2Fv2%2Fmedia&parent=41302"}],"wp:term":[{"taxonomy":"category","embeddable":true,"href":"https:\/\/radiorevelacionfm.cl\/index.php?rest_route=%2Fwp%2Fv2%2Fcategories&post=41302"},{"taxonomy":"post_tag","embeddable":true,"href":"https:\/\/radiorevelacionfm.cl\/index.php?rest_route=%2Fwp%2Fv2%2Ftags&post=41302"}],"curies":[{"name":"wp","href":"https:\/\/api.w.org\/{rel}","templated":true}]}}