{"id":41297,"date":"2024-04-15T11:37:41","date_gmt":"2024-04-15T14:37:41","guid":{"rendered":"https:\/\/radiorevelacionfm.cl\/?p=41297"},"modified":"2024-04-15T11:37:41","modified_gmt":"2024-04-15T14:37:41","slug":"puerto-raul-marin-balmaceda-mira-al-cielo-con-inedito-proyecto-que-une-ciencia-y-cultura","status":"publish","type":"post","link":"https:\/\/radiorevelacionfm.cl\/?p=41297","title":{"rendered":"Puerto Ra\u00fal Mar\u00edn Balmaceda mira al cielo con in\u00e9dito proyecto que une ciencia y cultura"},"content":{"rendered":"<div class=\"flex_column av_one_full  flex_column_div av-zero-column-padding first  avia-builder-el-0  el_before_av_one_full  avia-builder-el-first  \" style='border-radius:0px; '><div  class='avia-image-container  av-styling-    avia-builder-el-1  avia-builder-el-no-sibling  avia-align-center '  itemprop=\"image\" itemscope=\"itemscope\" itemtype=\"https:\/\/schema.org\/ImageObject\"  ><div class='avia-image-container-inner'><div class='avia-image-overlay-wrap'><img decoding=\"async\" class='wp-image-41298 avia-img-lazy-loading-not-41298 avia_image' src=\"https:\/\/radiorevelacionfm.cl\/wp-content\/uploads\/2024\/04\/taller-astronomia-4-1-1.jpg\" alt='' title='taller astronomia (4) (1) (1)' height=\"600\" width=\"870\"  itemprop=\"thumbnailUrl\" srcset=\"https:\/\/radiorevelacionfm.cl\/wp-content\/uploads\/2024\/04\/taller-astronomia-4-1-1.jpg 870w, https:\/\/radiorevelacionfm.cl\/wp-content\/uploads\/2024\/04\/taller-astronomia-4-1-1-300x207.jpg 300w, https:\/\/radiorevelacionfm.cl\/wp-content\/uploads\/2024\/04\/taller-astronomia-4-1-1-768x530.jpg 768w, https:\/\/radiorevelacionfm.cl\/wp-content\/uploads\/2024\/04\/taller-astronomia-4-1-1-705x486.jpg 705w, https:\/\/radiorevelacionfm.cl\/wp-content\/uploads\/2024\/04\/taller-astronomia-4-1-1-450x310.jpg 450w, https:\/\/radiorevelacionfm.cl\/wp-content\/uploads\/2024\/04\/taller-astronomia-4-1-1-600x414.jpg 600w\" sizes=\"(max-width: 870px) 100vw, 870px\" \/><\/div><\/div><\/div><\/div><div class=\"flex_column av_one_full  flex_column_div av-zero-column-padding first  avia-builder-el-2  el_after_av_one_full  el_before_av_one_full  column-top-margin\" style='border-radius:0px; '><section class=\"av_textblock_section \"  itemscope=\"itemscope\" itemtype=\"https:\/\/schema.org\/BlogPosting\" itemprop=\"blogPost\" ><div class='avia_textblock  '   itemprop=\"text\" ><p style=\"text-align: center;\"><strong><span style=\"font-size: 18pt;\">Puerto Ra\u00fal Mar\u00edn Balmaceda mira al cielo con in\u00e9dito proyecto que une ciencia y cultura<\/span><\/strong><\/p>\n<div id=\"gtx-trans\" style=\"position: absolute; left: -50px; top: 4.31534px;\">\n<div class=\"gtx-trans-icon\"><\/div>\n<\/div>\n<\/div><\/section><\/div><div class=\"flex_column av_one_full  flex_column_div av-zero-column-padding first  avia-builder-el-4  el_after_av_one_full  el_before_av_hr  column-top-margin\" style='border-radius:0px; '><section class=\"av_textblock_section \"  itemscope=\"itemscope\" itemtype=\"https:\/\/schema.org\/BlogPosting\" itemprop=\"blogPost\" ><div class='avia_textblock  '   itemprop=\"text\" ><p style=\"text-align: justify;\"><em>Finaliz\u00f3 la primera etapa del proyecto Pensar el Cielo, financiado a trav\u00e9s del Fondo Nacional de Cultura, L\u00ednea de Creaci\u00f3n Art\u00edstica, convocatoria 2023.<\/em><\/p>\n<p style=\"text-align: justify;\">La iniciativa busc\u00f3 poner en valor las condiciones \u00fanicas del cielo marinense gracias a tres aristas: la meteorol\u00f3gica, astron\u00f3mica y de la memoria colectiva en torno a los saberes asociados al cielo. El equipo de trabajo compuesto por la astr\u00f3noma Victoria P\u00e9rez, la geof\u00edsica Amanda Valencia y la soci\u00f3loga y mag\u00edster en desarrollo rural, Nathalie Brito, estas \u00faltimas residentes de la localidad y parte del colectivo Mujer Austral, fueron las encargadas de realizar una caracterizaci\u00f3n del cielo en sus respectivas \u00e1reas, para luego difundirlas con la comunidad y con la escuela Amanda Labarca.<\/p>\n<p style=\"text-align: justify;\">\u201cUna de las cosas que identificamos durante estos a\u00f1os es que la comunidad tiene mucha conexi\u00f3n y mucha cercan\u00eda con especies, elementos, configuraciones, del bosque y del mar, pero cuando nos referimos al cielo, tenemos poco conocimiento, tenemos pocas formas de nombrarlo, no tenemos mucho entendimiento de cu\u00e1les son los nombres de las nubes, por ejemplo, o porqu\u00e9 pasan los procesos que pasan, fuera de vivirlos y que condicionan nuestro habitar. Hab\u00eda como una laguna muy grande de informaci\u00f3n ah\u00ed y sentimos que era necesaria esta instancia para equilibrar todo el ecosistema o nuestra relaci\u00f3n con el cielo\u201d, destac\u00f3 la encargada del proyecto Alejandra Gonz\u00e1lez, tambi\u00e9n parte de Mujer Austral.<\/p>\n<p style=\"text-align: justify;\">Por su parte la geof\u00edsica Amanda Valencia, coment\u00f3, \u201cmi participaci\u00f3n en este proyecto la recuerdo como una experiencia satisfactoria, tanto como profesional como vecina de la localidad ya que siempre, de alguna manera, quer\u00eda haber estudiado o conocido un poco m\u00e1s sobre el clima del lugar, y por sobre todo traspasar ese conocimiento a los miembros de la comunidad. La recepci\u00f3n de la gente fue muy, muy buena, fue muy lindo ver como los ni\u00f1os de entusiasmaron y hac\u00edan ver que les interesaba el tema y que estaban aprendiendo, no s\u00f3lo de ciencia, sino que, sobre su propia historia, clim\u00e1ticamente hablando\u201d.<\/p>\n<p style=\"text-align: justify;\">Carmen Gloria Bohle vecina de la comunidad tambi\u00e9n coment\u00f3, \u201cla iniciativa me pareci\u00f3 s\u00faper importante, inicialmente Nathalie realiz\u00f3 una encuesta que nos permiti\u00f3 reunirnos como familia y hacer el an\u00e1lisis de acciones que realizamos habitualmente en torno al cielo, en c\u00f3mo nos comportamos como marinenses. Me gust\u00f3 ya que con las otras profesionales pudimos adoptar conceptos formales, ya sea con el tipo de nubes o en la observaci\u00f3n de estrellas, instrumentos de medici\u00f3n, lo que nos permite igual valorar donde vivimos, donde llam\u00f3 mucho mi atenci\u00f3n que somos un lugar \u00fanico donde pasa el camino de la tormenta, donde llueve nueve de cada diez d\u00edas en el a\u00f1o, por ejemplo, ojal\u00e1 que este tipo de iniciativas vuelvan a realizarse\u201d.<\/p>\n<p style=\"text-align: justify;\">Las instancias de divulgaci\u00f3n cient\u00edfica y patrimonial generadas por el proyecto permitieron levantar nueve cuentos de adultos y estudiantes que ser\u00e1n ilustrados y presentados en el Museo Regional de Coyhaique en julio de este 2024.<\/p>\n<\/div><\/section><\/div><div  style='height:50px' class='hr hr-invisible   avia-builder-el-6  el_after_av_one_full  el_before_av_social_share '><span class='hr-inner ' ><span class='hr-inner-style'><\/span><\/span><\/div><\/p>\n<div  class='av-social-sharing-box  avia-builder-el-7  el_after_av_hr  el_before_av_hr  '><div class='av-share-box'><h5 class='av-share-link-description av-no-toc '>Compartir esta noticia<\/h5><ul class='av-share-box-list noLightbox'><li class='av-share-link av-social-link-facebook' ><a target=\"_blank\" aria-label=\"Compartir en Facebook\" href='https:\/\/www.facebook.com\/sharer.php?u=https:\/\/radiorevelacionfm.cl\/?p=41297&#038;t=Puerto%20Ra%C3%BAl%20Mar%C3%ADn%20Balmaceda%20mira%20al%20cielo%20con%20in%C3%A9dito%20proyecto%20que%20une%20ciencia%20y%20cultura' aria-hidden='false' data-av_icon='\ue8f3' data-av_iconfont='entypo-fontello' title='' data-avia-related-tooltip='Compartir en Facebook' rel=\"noopener\"><span class='avia_hidden_link_text'>Compartir en Facebook<\/span><\/a><\/li><li class='av-share-link av-social-link-twitter' ><a target=\"_blank\" aria-label=\"Compartir en Twitter\" href='https:\/\/twitter.com\/share?text=Puerto%20Ra%C3%BAl%20Mar%C3%ADn%20Balmaceda%20mira%20al%20cielo%20con%20in%C3%A9dito%20proyecto%20que%20une%20ciencia%20y%20cultura&#038;url=https:\/\/radiorevelacionfm.cl\/?p=41297' aria-hidden='false' data-av_icon='\ue8f1' data-av_iconfont='entypo-fontello' title='' data-avia-related-tooltip='Compartir en Twitter' rel=\"noopener\"><span class='avia_hidden_link_text'>Compartir en Twitter<\/span><\/a><\/li><li class='av-share-link av-social-link-whatsapp' ><a target=\"_blank\" aria-label=\"Compartir en Whatsapp\" href='https:\/\/api.whatsapp.com\/send?text=https:\/\/radiorevelacionfm.cl\/?p=41297' aria-hidden='false' data-av_icon='\uf232' data-av_iconfont='entypo-fontello' title='' data-avia-related-tooltip='Compartir en Whatsapp' rel=\"noopener\"><span class='avia_hidden_link_text'>Compartir en Whatsapp<\/span><\/a><\/li><li class='av-share-link av-social-link-linkedin' ><a target=\"_blank\" aria-label=\"Compartir en LinkedIn\" href='https:\/\/linkedin.com\/shareArticle?mini=true&#038;title=Puerto%20Ra%C3%BAl%20Mar%C3%ADn%20Balmaceda%20mira%20al%20cielo%20con%20in%C3%A9dito%20proyecto%20que%20une%20ciencia%20y%20cultura&#038;url=https:\/\/radiorevelacionfm.cl\/?p=41297' aria-hidden='false' data-av_icon='\ue8fc' data-av_iconfont='entypo-fontello' title='' data-avia-related-tooltip='Compartir en LinkedIn' rel=\"noopener\"><span class='avia_hidden_link_text'>Compartir en LinkedIn<\/span><\/a><\/li><li class='av-share-link av-social-link-mail' ><a  aria-label=\"Compartir por correo\" href='mailto:?subject=Puerto%20Ra%C3%BAl%20Mar%C3%ADn%20Balmaceda%20mira%20al%20cielo%20con%20in%C3%A9dito%20proyecto%20que%20une%20ciencia%20y%20cultura&#038;body=https:\/\/radiorevelacionfm.cl\/?p=41297' aria-hidden='false' data-av_icon='\ue805' data-av_iconfont='entypo-fontello' title='' data-avia-related-tooltip='Compartir por correo'><span class='avia_hidden_link_text'>Compartir por correo<\/span><\/a><\/li><\/ul><\/div><\/div>\n<div  style='height:50px' class='hr hr-invisible   avia-builder-el-8  el_after_av_social_share  el_before_av_comments_list '><span class='hr-inner ' ><span class='hr-inner-style'><\/span><\/span><\/div>\n<div  class='av-buildercomment  av-blog-meta-html-info-disabled av-blog-meta-tag-disabled  '><\/div>\n","protected":false},"excerpt":{"rendered":"","protected":false},"author":1,"featured_media":41298,"comment_status":"open","ping_status":"open","sticky":false,"template":"","format":"standard","meta":{"footnotes":""},"categories":[38],"tags":[],"class_list":["post-41297","post","type-post","status-publish","format-standard","has-post-thumbnail","hentry","category-regional"],"jetpack_featured_media_url":"https:\/\/radiorevelacionfm.cl\/wp-content\/uploads\/2024\/04\/taller-astronomia-4-1-1.jpg","_links":{"self":[{"href":"https:\/\/radiorevelacionfm.cl\/index.php?rest_route=\/wp\/v2\/posts\/41297","targetHints":{"allow":["GET"]}}],"collection":[{"href":"https:\/\/radiorevelacionfm.cl\/index.php?rest_route=\/wp\/v2\/posts"}],"about":[{"href":"https:\/\/radiorevelacionfm.cl\/index.php?rest_route=\/wp\/v2\/types\/post"}],"author":[{"embeddable":true,"href":"https:\/\/radiorevelacionfm.cl\/index.php?rest_route=\/wp\/v2\/users\/1"}],"replies":[{"embeddable":true,"href":"https:\/\/radiorevelacionfm.cl\/index.php?rest_route=%2Fwp%2Fv2%2Fcomments&post=41297"}],"version-history":[{"count":1,"href":"https:\/\/radiorevelacionfm.cl\/index.php?rest_route=\/wp\/v2\/posts\/41297\/revisions"}],"predecessor-version":[{"id":41299,"href":"https:\/\/radiorevelacionfm.cl\/index.php?rest_route=\/wp\/v2\/posts\/41297\/revisions\/41299"}],"wp:featuredmedia":[{"embeddable":true,"href":"https:\/\/radiorevelacionfm.cl\/index.php?rest_route=\/wp\/v2\/media\/41298"}],"wp:attachment":[{"href":"https:\/\/radiorevelacionfm.cl\/index.php?rest_route=%2Fwp%2Fv2%2Fmedia&parent=41297"}],"wp:term":[{"taxonomy":"category","embeddable":true,"href":"https:\/\/radiorevelacionfm.cl\/index.php?rest_route=%2Fwp%2Fv2%2Fcategories&post=41297"},{"taxonomy":"post_tag","embeddable":true,"href":"https:\/\/radiorevelacionfm.cl\/index.php?rest_route=%2Fwp%2Fv2%2Ftags&post=41297"}],"curies":[{"name":"wp","href":"https:\/\/api.w.org\/{rel}","templated":true}]}}