{"id":41292,"date":"2024-04-14T23:51:46","date_gmt":"2024-04-15T02:51:46","guid":{"rendered":"https:\/\/radiorevelacionfm.cl\/?p=41292"},"modified":"2024-04-14T23:51:46","modified_gmt":"2024-04-15T02:51:46","slug":"trabajo-colaborativo-permitio-mejorar-condiciones-a-unico-poblador-de-isla-alvarado","status":"publish","type":"post","link":"https:\/\/radiorevelacionfm.cl\/?p=41292","title":{"rendered":"Trabajo colaborativo permiti\u00f3 mejorar condiciones a \u00fanico poblador de Isla Alvarado"},"content":{"rendered":"<div class=\"flex_column av_one_full  flex_column_div av-zero-column-padding first  avia-builder-el-0  el_before_av_one_full  avia-builder-el-first  \" style='border-radius:0px; '><div  class='avia-image-container  av-styling-    avia-builder-el-1  avia-builder-el-no-sibling  avia-align-center '  itemprop=\"image\" itemscope=\"itemscope\" itemtype=\"https:\/\/schema.org\/ImageObject\"  ><div class='avia-image-container-inner'><div class='avia-image-overlay-wrap'><img decoding=\"async\" class='wp-image-41293 avia-img-lazy-loading-not-41293 avia_image' src=\"https:\/\/radiorevelacionfm.cl\/wp-content\/uploads\/2024\/04\/alberto-catelican-6-2_optimized-1.jpg\" alt='' title='alberto-catelican-6-(2)_optimized (1)' height=\"600\" width=\"1066\"  itemprop=\"thumbnailUrl\" srcset=\"https:\/\/radiorevelacionfm.cl\/wp-content\/uploads\/2024\/04\/alberto-catelican-6-2_optimized-1.jpg 1066w, https:\/\/radiorevelacionfm.cl\/wp-content\/uploads\/2024\/04\/alberto-catelican-6-2_optimized-1-300x169.jpg 300w, https:\/\/radiorevelacionfm.cl\/wp-content\/uploads\/2024\/04\/alberto-catelican-6-2_optimized-1-1030x580.jpg 1030w, https:\/\/radiorevelacionfm.cl\/wp-content\/uploads\/2024\/04\/alberto-catelican-6-2_optimized-1-768x432.jpg 768w, https:\/\/radiorevelacionfm.cl\/wp-content\/uploads\/2024\/04\/alberto-catelican-6-2_optimized-1-705x397.jpg 705w, https:\/\/radiorevelacionfm.cl\/wp-content\/uploads\/2024\/04\/alberto-catelican-6-2_optimized-1-450x253.jpg 450w, https:\/\/radiorevelacionfm.cl\/wp-content\/uploads\/2024\/04\/alberto-catelican-6-2_optimized-1-600x338.jpg 600w\" sizes=\"(max-width: 1066px) 100vw, 1066px\" \/><\/div><\/div><\/div><\/div><div class=\"flex_column av_one_full  flex_column_div av-zero-column-padding first  avia-builder-el-2  el_after_av_one_full  el_before_av_one_full  column-top-margin\" style='border-radius:0px; '><section class=\"av_textblock_section \"  itemscope=\"itemscope\" itemtype=\"https:\/\/schema.org\/BlogPosting\" itemprop=\"blogPost\" ><div class='avia_textblock  '   itemprop=\"text\" ><p style=\"text-align: center;\"><strong><span style=\"font-size: 18pt;\">Trabajo colaborativo permiti\u00f3 mejorar condiciones a \u00fanico poblador de Isla Alvarado<\/span><\/strong><\/p>\n<div id=\"gtx-trans\" style=\"position: absolute; left: -50px; top: 4.31534px;\">\n<div class=\"gtx-trans-icon\"><\/div>\n<\/div>\n<\/div><\/section><\/div><div class=\"flex_column av_one_full  flex_column_div av-zero-column-padding first  avia-builder-el-4  el_after_av_one_full  el_before_av_hr  column-top-margin\" style='border-radius:0px; '><section class=\"av_textblock_section \"  itemscope=\"itemscope\" itemtype=\"https:\/\/schema.org\/BlogPosting\" itemprop=\"blogPost\" ><div class='avia_textblock  '   itemprop=\"text\" ><p style=\"text-align: justify;\"><em>Se cont\u00f3 con el apoyo de trabajadores\/as de los planes de empleo, delegaci\u00f3n municipal de Huichas, Carabineros, Armada, dirigentes locales y funcionarios\/as de la Municipalidad de Ays\u00e9n encabezados por el Alcalde.<\/em><\/p>\n<p style=\"text-align: justify;\">A unos 45 minutos de navegaci\u00f3n de Puerto Aguirre, esta Isla Alvarado, lugar que posee un \u00fanico residente, don Alberto Catelic\u00e1n, adulto mayor que habita una vivienda que presentaba algunos inconvenientes, entre ellos, la rampa de acceso estaba completamente podrida y en esa condici\u00f3n le pudo ocurrir un accidente, por ello, esa estructura fue construida completamente nueva.<\/p>\n<p style=\"text-align: justify;\">Adem\u00e1s, no contaba con ba\u00f1o, todo esto fue prioridad para el gran equipo de trabajo que lleg\u00f3 hasta el sector, liderado por alcalde Julio Uribe, acompa\u00f1ado de funcionarios de la patrulla de integraci\u00f3n comunitaria de la Segunda Comisaria de Carabineros, dirigentes sociales de Huichas, capataz y trabajadores de los planes de empleo junto a funcionarios de la delegaci\u00f3n municipal, como as\u00ed tambi\u00e9n, del \u00e1rea de Dideco de la Municipalidad de Ays\u00e9n.<\/p>\n<p style=\"text-align: justify;\">\u201cSiempre estamos dispuestos a ayudar en la medida de lo posible, a gente que ya tiene alg\u00fan grado de movilidad reducida, mejorarle las condiciones para que puedan seguir habitando su hogar, creo que es una de las tareas, a veces complejas, debido al traslado de materiales como de personal, porque requiere una log\u00edstica m\u00e1s grande. Pero, nos vamos agradecidos de poder colaborar con estas personas que lo necesitan y del apoyo de todo nuestro equipo de trabajo\u201d, se\u00f1al\u00f3 el Alcalde Julio Uribe, quien tambi\u00e9n valor\u00f3 y agradeci\u00f3 la colaboraci\u00f3n de los trabajadores de los PMU, Carabineros, Armada, particulares y don Luis Barr\u00eda, este \u00faltimo quien cooper\u00f3 con el traslado.<\/p>\n<p style=\"text-align: justify;\">En tanto, el Suboficial Mayor Patricio Tauler, encargado de la oficina de integraci\u00f3n comunitaria de la Segunda Comisaria de Carabineros de Ays\u00e9n, coment\u00f3 que ellos pudieron constatar inicialmente la necesidad de mejorar la habitabilidad de don Alberto Catelic\u00e1n, luego de reunirse con dirigentes y realizar una primera visita a la Isla Alvarado.<\/p>\n<p style=\"text-align: justify;\">\u201cNosotros en una reuni\u00f3n con la junta de vecinos y dirigentes, ellos nos informaron que hab\u00eda una persona viviendo sola ac\u00e1 en Isla Alvarado y es por ello que, nosotros activamos la red de apoyo, como es la Municipalidad, Dideco. A don Jos\u00e9 Alberto lo llevamos a la ciudad de Puerto Ays\u00e9n, hablamos con el alcalde y hoy d\u00eda este sue\u00f1o de don Jos\u00e9 Alberto de poder tener su casa en condiciones, que se le construya un ba\u00f1o, se est\u00e1 haciendo realidad\u201d.<\/p>\n<p style=\"text-align: justify;\">El dirigente y capataz de los planes de empleo en Puerto Aguirre, Javier Formantel, destac\u00f3 el trabajo de su equipo y la uni\u00f3n de voluntades en apoyo a un adulto mayor. \u201cImportante sobre todo a los adultos mayores, que de alguna forma hay que cooperarles. Vinimos con la gente de los PMU, hay funcionarios, funcionarias municipales, vino el alcalde don Julio, anda tambi\u00e9n Carabineros cooperando en esta iniciativa. Se le est\u00e1 haciendo un ba\u00f1o al caballero que no ten\u00eda, arreglando la casita y el corredor y varias cosas m\u00e1s que son importantes\u201d.<\/p>\n<p style=\"text-align: justify;\">Se destac\u00f3 en esta cruzada solidaria la colaboraci\u00f3n de la Armada y don Luis Barr\u00eda, en el traslado de quienes trabajaron para mejorar la calidad de vida de don Alberto Catelic\u00e1n.<\/p>\n<\/div><\/section><\/div><div  style='height:50px' class='hr hr-invisible   avia-builder-el-6  el_after_av_one_full  el_before_av_social_share '><span class='hr-inner ' ><span class='hr-inner-style'><\/span><\/span><\/div><\/p>\n<div  class='av-social-sharing-box  avia-builder-el-7  el_after_av_hr  el_before_av_hr  '><div class='av-share-box'><h5 class='av-share-link-description av-no-toc '>Compartir esta noticia<\/h5><ul class='av-share-box-list noLightbox'><li class='av-share-link av-social-link-facebook' ><a target=\"_blank\" aria-label=\"Compartir en Facebook\" href='https:\/\/www.facebook.com\/sharer.php?u=https:\/\/radiorevelacionfm.cl\/?p=41292&#038;t=Trabajo%20colaborativo%20permiti%C3%B3%20mejorar%20condiciones%20a%20%C3%BAnico%20poblador%20de%20Isla%20Alvarado' aria-hidden='false' data-av_icon='\ue8f3' data-av_iconfont='entypo-fontello' title='' data-avia-related-tooltip='Compartir en Facebook' rel=\"noopener\"><span class='avia_hidden_link_text'>Compartir en Facebook<\/span><\/a><\/li><li class='av-share-link av-social-link-twitter' ><a target=\"_blank\" aria-label=\"Compartir en Twitter\" href='https:\/\/twitter.com\/share?text=Trabajo%20colaborativo%20permiti%C3%B3%20mejorar%20condiciones%20a%20%C3%BAnico%20poblador%20de%20Isla%20Alvarado&#038;url=https:\/\/radiorevelacionfm.cl\/?p=41292' aria-hidden='false' data-av_icon='\ue8f1' data-av_iconfont='entypo-fontello' title='' data-avia-related-tooltip='Compartir en Twitter' rel=\"noopener\"><span class='avia_hidden_link_text'>Compartir en Twitter<\/span><\/a><\/li><li class='av-share-link av-social-link-whatsapp' ><a target=\"_blank\" aria-label=\"Compartir en Whatsapp\" href='https:\/\/api.whatsapp.com\/send?text=https:\/\/radiorevelacionfm.cl\/?p=41292' aria-hidden='false' data-av_icon='\uf232' data-av_iconfont='entypo-fontello' title='' data-avia-related-tooltip='Compartir en Whatsapp' rel=\"noopener\"><span class='avia_hidden_link_text'>Compartir en Whatsapp<\/span><\/a><\/li><li class='av-share-link av-social-link-linkedin' ><a target=\"_blank\" aria-label=\"Compartir en LinkedIn\" href='https:\/\/linkedin.com\/shareArticle?mini=true&#038;title=Trabajo%20colaborativo%20permiti%C3%B3%20mejorar%20condiciones%20a%20%C3%BAnico%20poblador%20de%20Isla%20Alvarado&#038;url=https:\/\/radiorevelacionfm.cl\/?p=41292' aria-hidden='false' data-av_icon='\ue8fc' data-av_iconfont='entypo-fontello' title='' data-avia-related-tooltip='Compartir en LinkedIn' rel=\"noopener\"><span class='avia_hidden_link_text'>Compartir en LinkedIn<\/span><\/a><\/li><li class='av-share-link av-social-link-mail' ><a  aria-label=\"Compartir por correo\" href='mailto:?subject=Trabajo%20colaborativo%20permiti%C3%B3%20mejorar%20condiciones%20a%20%C3%BAnico%20poblador%20de%20Isla%20Alvarado&#038;body=https:\/\/radiorevelacionfm.cl\/?p=41292' aria-hidden='false' data-av_icon='\ue805' data-av_iconfont='entypo-fontello' title='' data-avia-related-tooltip='Compartir por correo'><span class='avia_hidden_link_text'>Compartir por correo<\/span><\/a><\/li><\/ul><\/div><\/div>\n<div  style='height:50px' class='hr hr-invisible   avia-builder-el-8  el_after_av_social_share  el_before_av_comments_list '><span class='hr-inner ' ><span class='hr-inner-style'><\/span><\/span><\/div>\n<div  class='av-buildercomment  av-blog-meta-html-info-disabled av-blog-meta-tag-disabled  '><\/div>\n","protected":false},"excerpt":{"rendered":"","protected":false},"author":1,"featured_media":41293,"comment_status":"open","ping_status":"open","sticky":false,"template":"","format":"standard","meta":{"footnotes":""},"categories":[38],"tags":[],"class_list":["post-41292","post","type-post","status-publish","format-standard","has-post-thumbnail","hentry","category-regional"],"jetpack_featured_media_url":"https:\/\/radiorevelacionfm.cl\/wp-content\/uploads\/2024\/04\/alberto-catelican-6-2_optimized-1.jpg","_links":{"self":[{"href":"https:\/\/radiorevelacionfm.cl\/index.php?rest_route=\/wp\/v2\/posts\/41292","targetHints":{"allow":["GET"]}}],"collection":[{"href":"https:\/\/radiorevelacionfm.cl\/index.php?rest_route=\/wp\/v2\/posts"}],"about":[{"href":"https:\/\/radiorevelacionfm.cl\/index.php?rest_route=\/wp\/v2\/types\/post"}],"author":[{"embeddable":true,"href":"https:\/\/radiorevelacionfm.cl\/index.php?rest_route=\/wp\/v2\/users\/1"}],"replies":[{"embeddable":true,"href":"https:\/\/radiorevelacionfm.cl\/index.php?rest_route=%2Fwp%2Fv2%2Fcomments&post=41292"}],"version-history":[{"count":1,"href":"https:\/\/radiorevelacionfm.cl\/index.php?rest_route=\/wp\/v2\/posts\/41292\/revisions"}],"predecessor-version":[{"id":41294,"href":"https:\/\/radiorevelacionfm.cl\/index.php?rest_route=\/wp\/v2\/posts\/41292\/revisions\/41294"}],"wp:featuredmedia":[{"embeddable":true,"href":"https:\/\/radiorevelacionfm.cl\/index.php?rest_route=\/wp\/v2\/media\/41293"}],"wp:attachment":[{"href":"https:\/\/radiorevelacionfm.cl\/index.php?rest_route=%2Fwp%2Fv2%2Fmedia&parent=41292"}],"wp:term":[{"taxonomy":"category","embeddable":true,"href":"https:\/\/radiorevelacionfm.cl\/index.php?rest_route=%2Fwp%2Fv2%2Fcategories&post=41292"},{"taxonomy":"post_tag","embeddable":true,"href":"https:\/\/radiorevelacionfm.cl\/index.php?rest_route=%2Fwp%2Fv2%2Ftags&post=41292"}],"curies":[{"name":"wp","href":"https:\/\/api.w.org\/{rel}","templated":true}]}}