{"id":41289,"date":"2024-04-15T13:40:58","date_gmt":"2024-04-15T16:40:58","guid":{"rendered":"https:\/\/radiorevelacionfm.cl\/?p=41289"},"modified":"2024-04-15T13:40:58","modified_gmt":"2024-04-15T16:40:58","slug":"carabineros-suscribe-convenio-de-colaboracion-os-14-con-municipalidad-de-ohiggins","status":"publish","type":"post","link":"https:\/\/radiorevelacionfm.cl\/?p=41289","title":{"rendered":"Carabineros suscribe convenio de colaboraci\u00f3n OS-14 con Municipalidad de O&#8217;Higgins"},"content":{"rendered":"<div class=\"flex_column av_one_full  flex_column_div av-zero-column-padding first  avia-builder-el-0  el_before_av_one_full  avia-builder-el-first  \" style='border-radius:0px; '><div  class='avia-image-container  av-styling-    avia-builder-el-1  avia-builder-el-no-sibling  avia-align-center '  itemprop=\"image\" itemscope=\"itemscope\" itemtype=\"https:\/\/schema.org\/ImageObject\"  ><div class='avia-image-container-inner'><div class='avia-image-overlay-wrap'><img decoding=\"async\" class='wp-image-41290 avia-img-lazy-loading-not-41290 avia_image' src=\"https:\/\/radiorevelacionfm.cl\/wp-content\/uploads\/2024\/04\/5e7ede59-1cf0-4b8c-8013-ed17227e71d0-1_optimized.jpg\" alt='' title='5e7ede59-1cf0-4b8c-8013-ed17227e71d0-(1)_optimized' height=\"600\" width=\"800\"  itemprop=\"thumbnailUrl\" srcset=\"https:\/\/radiorevelacionfm.cl\/wp-content\/uploads\/2024\/04\/5e7ede59-1cf0-4b8c-8013-ed17227e71d0-1_optimized.jpg 800w, https:\/\/radiorevelacionfm.cl\/wp-content\/uploads\/2024\/04\/5e7ede59-1cf0-4b8c-8013-ed17227e71d0-1_optimized-300x225.jpg 300w, https:\/\/radiorevelacionfm.cl\/wp-content\/uploads\/2024\/04\/5e7ede59-1cf0-4b8c-8013-ed17227e71d0-1_optimized-768x576.jpg 768w, https:\/\/radiorevelacionfm.cl\/wp-content\/uploads\/2024\/04\/5e7ede59-1cf0-4b8c-8013-ed17227e71d0-1_optimized-705x529.jpg 705w, https:\/\/radiorevelacionfm.cl\/wp-content\/uploads\/2024\/04\/5e7ede59-1cf0-4b8c-8013-ed17227e71d0-1_optimized-450x338.jpg 450w, https:\/\/radiorevelacionfm.cl\/wp-content\/uploads\/2024\/04\/5e7ede59-1cf0-4b8c-8013-ed17227e71d0-1_optimized-600x450.jpg 600w\" sizes=\"(max-width: 800px) 100vw, 800px\" \/><\/div><\/div><\/div><\/div><div class=\"flex_column av_one_full  flex_column_div av-zero-column-padding first  avia-builder-el-2  el_after_av_one_full  el_before_av_one_full  column-top-margin\" style='border-radius:0px; '><section class=\"av_textblock_section \"  itemscope=\"itemscope\" itemtype=\"https:\/\/schema.org\/BlogPosting\" itemprop=\"blogPost\" ><div class='avia_textblock  '   itemprop=\"text\" ><p style=\"text-align: center;\"><span style=\"font-size: 18pt;\"><b><span lang=\"ES-CL\">Carabineros suscribe convenio de colaboraci\u00f3n OS-14 con Municipalidad de O&#8217;Higgins<\/span><\/b><\/span><\/p>\n<div id=\"gtx-trans\" style=\"position: absolute; left: -50px; top: 4.31534px;\">\n<div class=\"gtx-trans-icon\"><\/div>\n<\/div>\n<\/div><\/section><\/div><div class=\"flex_column av_one_full  flex_column_div av-zero-column-padding first  avia-builder-el-4  el_after_av_one_full  el_before_av_hr  column-top-margin\" style='border-radius:0px; '><section class=\"av_textblock_section \"  itemscope=\"itemscope\" itemtype=\"https:\/\/schema.org\/BlogPosting\" itemprop=\"blogPost\" ><div class='avia_textblock  '   itemprop=\"text\" ><p class=\"v1MsoNormal\" style=\"text-align: justify;\"><span lang=\"ES-CL\">A la fecha nueve de un total de diez municipios de la regi\u00f3n de Ays\u00e9n han adherido a esta estrategia orientada al desarrollo de un trabajo conjunto para efectuar patrullajes mixtos, ampliar las capacidades de vigilancia, optimizar los recursos y atender las demandas de la comunidad.<\/span><\/p>\n<p class=\"v1MsoNormal\" style=\"text-align: justify;\"><span lang=\"ES-CL\">En una fr\u00eda jornada y con un minuto de silencio en memoria del Teniente Emmanuel S\u00e1nchez Soto (QEPD) fallecido en un procedimiento policial en la Comuna de Quinta Normal, Carabineros Ays\u00e9n a trav\u00e9s de su Jefe de Zona, General Patricio Santos Poblete y el Alcalde de la Comuna de O&#8217;Higgins Jos\u00e9 Fica G\u00f3mez suscribieron la firma del convenio de colaboraci\u00f3n OS-14 orientado a potenciar un trabajo conjunto y patrullajes mixtos con la finalidad de brindar m\u00e1s seguridad y protecci\u00f3n a la comunidad que hace patria en la comuna m\u00e1s austral de la regi\u00f3n de Ays\u00e9n.<\/span><\/p>\n<p class=\"v1MsoNormal\" style=\"text-align: justify;\"><span lang=\"ES-CL\">La ceremonia cont\u00f3 tambi\u00e9n con la presencia del Prefecto de Carabineros Ays\u00e9n, Coronel Fuad Chaban Vilches; el Jefe del Departamento de Apoyo a las Operaciones Policiales, Coronel Richard Guti\u00e9rrez Lamilla; el Subcomisario de la Subcom. Villa O&#8217;Higgins (F), Capit\u00e1n Luis Villagr\u00e1n Guti\u00e9rrez; Ej\u00e9rcito de Chile, Armada, concejales, autoridades locales, la comunidad e invitados especiales.<\/span><\/p>\n<p class=\"v1MsoNormal\" style=\"text-align: justify;\"><span lang=\"ES-CL\">Se trata de una comuna muy significativa para Carabineros, lugar donde en 1965 falleci\u00f3 el Teniente Hern\u00e1n Merino Correa tras los sucesos de Laguna del Desierto.<\/span><\/p>\n<p class=\"v1MsoNormal\" style=\"text-align: justify;\"><span lang=\"ES-CL\">El General Patricio Santos Poblete record\u00f3 que la seguridad es tarea de todos. El colegio, la educaci\u00f3n es la continuaci\u00f3n de la familia, donde se toma conciencia del proceso de socializaci\u00f3n, donde se transfieren valores, normas de convivencia que posteriormente los menores incorporan a sus estructuras de personalidad y se adaptan al entorno en que viven en funci\u00f3n de esos principios.<\/span><\/p>\n<p class=\"v1MsoNormal\" style=\"text-align: justify;\"><span lang=\"ES-CL\">Es ah\u00ed donde se debe realizar la inversi\u00f3n y concentrar los esfuerzos que permitan generar normas de convivencia en el entendido que la seguridad es tarea de todos. \u00abEs m\u00e1s que polic\u00edas, tenemos que trabajar todos juntos\u00bb, indic\u00f3.<\/span><\/p>\n<p class=\"v1MsoNormal\" style=\"text-align: justify;\"><b><span lang=\"ES-CL\">Visi\u00f3n de perspectiva<\/span><\/b><\/p>\n<p class=\"v1MsoNormal\" style=\"text-align: justify;\"><span lang=\"ES-CL\">Desde el a\u00f1o 1996, Carabineros inici\u00f3 la formulaci\u00f3n estrat\u00e9gica a largo plazo integrando a la comunidad en el desarrollo de estrategias y metodolog\u00edas de trabajo en materias de seguridad, entre estas el Plan Cuadrante de Seguridad Preventiva a inicios del a\u00f1o 2000, sumado al trabajo de modelos de integraci\u00f3n comunitaria y el levantamiento de factores sociales, situacionales que convergen para que ocurra el delito.<\/span><\/p>\n<p class=\"v1MsoNormal\" style=\"text-align: justify;\"><span lang=\"ES-CL\">\u00abLa seguridad desde el punto de vista de los efectos siempre tiende a hacer que la demanda sea infinita (&#8230;). En el proceso de reforma y modernizaci\u00f3n entendimos que, desde la conexi\u00f3n con la comunidad, es donde aprendemos, donde crecemos y donde mejoramos\u00bb, expres\u00f3.<\/span><\/p>\n<p class=\"v1MsoNormal\" style=\"text-align: justify;\"><span lang=\"ES-CL\">\u00a0<\/span><b><span lang=\"ES-CL\">Alcances del convenio<\/span><\/b><\/p>\n<p class=\"v1MsoNormal\" style=\"text-align: justify;\"><span lang=\"ES-CL\">Actualmente, existen cerca de 300 convenios suscritos con municipios a nivel nacional, lo cual permite llegar a cerca del 95% de la poblaci\u00f3n urbana del pa\u00eds.<\/span><\/p>\n<p class=\"v1MsoNormal\" style=\"text-align: justify;\"><span lang=\"ES-CL\">\u00abEs especialmente relevante en el proceso de reforma y modernizaci\u00f3n transitar hacia mejores especializaciones, capacidades profesionales, tecnolog\u00edas, consolidar nuestra relaci\u00f3n con la comunidad y trabajar juntos en el primer fundamento, la seguridad como tarea de todos\u00bb, precis\u00f3.<\/span><\/p>\n<p class=\"v1MsoNormal\" style=\"text-align: justify;\"><span lang=\"ES-CL\">\u00abEste es el noveno convenio que firmamos, nos queda solamente Chile Chico y estamos cubriendo cerca del 97% de la poblaci\u00f3n de la regi\u00f3n con convenios OS-14. Este convenio lo que hace es dar un sustento legal a las relaciones que mantenemos de vigilancia conjunta con los municipios. Esto nos permite tener patrullajes mixtos entre inspectores municipales y Carabineros ya sea a pie, montados, en lancha, helic\u00f3ptero y en definitiva llegar con sentido de oportunidad a las necesidades de la comunidad\u00bb.<\/span><\/p>\n<p class=\"v1MsoNormal\" style=\"text-align: justify;\"><span lang=\"ES-CL\">El General Santos a\u00f1adi\u00f3 que las atenciones son m\u00e1s bien en incivilidades, sobre ordenanzas municipales, es decir, no aquellos elementos que son constitutivos de delitos que por su magnitud puedan conllevar situaciones de riesgo de vida para las personas, los cuales seguir\u00e1n siendo atendidos exclusivamente por Carabineros.<\/span><\/p>\n<p class=\"v1MsoNormal\" style=\"text-align: justify;\"><span lang=\"ES-CL\">\u00abEn la regi\u00f3n \u2013en los tres primeros meses y a los diez primeros d\u00edas de abril- Carabineros ha registrado cerca de 75 mil procedimientos a raz\u00f3n de 30 procedimientos por hora. En la comuna de O&#8217;Higgins la cantidad de procedimientos registrados es de cerca de 1.750 y se ha detenido a seis personas, de las cuales el 50% es por \u00f3rdenes de detenci\u00f3n pendiente. Los Carabineros a\u00fan en este lugar austral hacen labores de control y fiscalizaci\u00f3n permanente. La actividad delictual ciertamente es muy baja y lo que m\u00e1s se comete son incivilidades, ingesta de alcohol en la v\u00eda p\u00fablica o tenencia poco responsable de mascotas, por lo tanto, el llamado es a trabajar en conjunto con el municipio con quien tenemos la mejor relaci\u00f3n y trabajar junto en favor de la comunidad\u00bb, precis\u00f3 el Jefe de Zona Ays\u00e9n, quien agradeci\u00f3 la suma de voluntades declaradas en ceremonia de firma de convenio y a quienes se van a desplegar en un trabajo conjunto en beneficio y protecci\u00f3n de la comunidad.<\/span><\/p>\n<p class=\"v1MsoNormal\" style=\"text-align: justify;\"><b><span lang=\"ES-CL\">Convicci\u00f3n de un trabajo conjunto<\/span><\/b><\/p>\n<p class=\"v1MsoNormal\" style=\"text-align: justify;\"><span lang=\"ES-CL\">Por su parte el Alcalde de la Comuna de O&#8217;Higgins Jos\u00e9 Fica G\u00f3mez, indic\u00f3 que la firma de este convenio, reafirma la convicci\u00f3n de un trabajo conjunto basado en la educaci\u00f3n y prevenci\u00f3n al servicio de la comunidad.<\/span><\/p>\n<p class=\"v1MsoNormal\" style=\"text-align: justify;\"><span lang=\"ES-CL\">\u00abEsto es un bien para la comunidad, para el municipio, para Carabineros, para que nos sintamos apoyados y que, al ocupar todas nuestras herramientas o acciones desarrolladas, est\u00e9n avaladas legalmente a trav\u00e9s de este convenio\u00bb, expres\u00f3 el Alcalde, quien aprovech\u00f3 la ocasi\u00f3n de agradecer a Carabineros \u2013a trav\u00e9s del Jefe de Zona Ays\u00e9n- sobre la entrega de terrenos para la construcci\u00f3n de viviendas para vecinos de esta austral comuna.<\/span><\/p>\n<p class=\"v1MsoNormal\" style=\"text-align: justify;\"><span lang=\"ES-CL\">\u00abTenemos alrededor de 900 habitantes y en el verano hemos registrado hasta 5 mil personas en el parque y unos 5.600 en la caseta de turismo, por lo que ah\u00ed va a haber un buen tema para trabajar con Carabineros\u00bb, indic\u00f3.<\/span><\/p>\n<p class=\"v1MsoNormal\" style=\"text-align: justify;\"><span lang=\"ES-CL\">En tal sentido, el Concejal de la comuna de O&#8217;Higgins Humberto Pizarro P\u00e9rez, manifest\u00f3 que \u00abpara nosotros es importante este convenios porque permite realizar un trabajo conjunto entre inspectores municipales y Carabineros tanto en el \u00e1rea de la tenencia responsable de animales, ruidos molestos y un mont\u00f3n de cosas que suceden en nuestra comuna que no son de un car\u00e1cter mayor pero que no es delincuencia (&#8230;) todos estamos trabajando en conjunto con la finalidad que no existen problemas y en eso estamos todos comprometidos\u00bb, puntualiz\u00f3.<\/span><\/p>\n<\/div><\/section><\/div><div  style='height:50px' class='hr hr-invisible   avia-builder-el-6  el_after_av_one_full  el_before_av_social_share '><span class='hr-inner ' ><span class='hr-inner-style'><\/span><\/span><\/div><\/p>\n<div  class='av-social-sharing-box  avia-builder-el-7  el_after_av_hr  el_before_av_hr  '><div class='av-share-box'><h5 class='av-share-link-description av-no-toc '>Compartir esta noticia<\/h5><ul class='av-share-box-list noLightbox'><li class='av-share-link av-social-link-facebook' ><a target=\"_blank\" aria-label=\"Compartir en Facebook\" href='https:\/\/www.facebook.com\/sharer.php?u=https:\/\/radiorevelacionfm.cl\/?p=41289&#038;t=Carabineros%20suscribe%20convenio%20de%20colaboraci%C3%B3n%20OS-14%20con%20Municipalidad%20de%20O%E2%80%99Higgins' aria-hidden='false' data-av_icon='\ue8f3' data-av_iconfont='entypo-fontello' title='' data-avia-related-tooltip='Compartir en Facebook' rel=\"noopener\"><span class='avia_hidden_link_text'>Compartir en Facebook<\/span><\/a><\/li><li class='av-share-link av-social-link-twitter' ><a target=\"_blank\" aria-label=\"Compartir en Twitter\" href='https:\/\/twitter.com\/share?text=Carabineros%20suscribe%20convenio%20de%20colaboraci%C3%B3n%20OS-14%20con%20Municipalidad%20de%20O%E2%80%99Higgins&#038;url=https:\/\/radiorevelacionfm.cl\/?p=41289' aria-hidden='false' data-av_icon='\ue8f1' data-av_iconfont='entypo-fontello' title='' data-avia-related-tooltip='Compartir en Twitter' rel=\"noopener\"><span class='avia_hidden_link_text'>Compartir en Twitter<\/span><\/a><\/li><li class='av-share-link av-social-link-whatsapp' ><a target=\"_blank\" aria-label=\"Compartir en Whatsapp\" href='https:\/\/api.whatsapp.com\/send?text=https:\/\/radiorevelacionfm.cl\/?p=41289' aria-hidden='false' data-av_icon='\uf232' data-av_iconfont='entypo-fontello' title='' data-avia-related-tooltip='Compartir en Whatsapp' rel=\"noopener\"><span class='avia_hidden_link_text'>Compartir en Whatsapp<\/span><\/a><\/li><li class='av-share-link av-social-link-linkedin' ><a target=\"_blank\" aria-label=\"Compartir en LinkedIn\" href='https:\/\/linkedin.com\/shareArticle?mini=true&#038;title=Carabineros%20suscribe%20convenio%20de%20colaboraci%C3%B3n%20OS-14%20con%20Municipalidad%20de%20O%E2%80%99Higgins&#038;url=https:\/\/radiorevelacionfm.cl\/?p=41289' aria-hidden='false' data-av_icon='\ue8fc' data-av_iconfont='entypo-fontello' title='' data-avia-related-tooltip='Compartir en LinkedIn' rel=\"noopener\"><span class='avia_hidden_link_text'>Compartir en LinkedIn<\/span><\/a><\/li><li class='av-share-link av-social-link-mail' ><a  aria-label=\"Compartir por correo\" href='mailto:?subject=Carabineros%20suscribe%20convenio%20de%20colaboraci%C3%B3n%20OS-14%20con%20Municipalidad%20de%20O%E2%80%99Higgins&#038;body=https:\/\/radiorevelacionfm.cl\/?p=41289' aria-hidden='false' data-av_icon='\ue805' data-av_iconfont='entypo-fontello' title='' data-avia-related-tooltip='Compartir por correo'><span class='avia_hidden_link_text'>Compartir por correo<\/span><\/a><\/li><\/ul><\/div><\/div>\n<div  style='height:50px' class='hr hr-invisible   avia-builder-el-8  el_after_av_social_share  el_before_av_comments_list '><span class='hr-inner ' ><span class='hr-inner-style'><\/span><\/span><\/div>\n<div  class='av-buildercomment  av-blog-meta-html-info-disabled av-blog-meta-tag-disabled  '><\/div>\n","protected":false},"excerpt":{"rendered":"","protected":false},"author":1,"featured_media":41290,"comment_status":"open","ping_status":"open","sticky":false,"template":"","format":"standard","meta":{"footnotes":""},"categories":[36],"tags":[],"class_list":["post-41289","post","type-post","status-publish","format-standard","has-post-thumbnail","hentry","category-policial"],"jetpack_featured_media_url":"https:\/\/radiorevelacionfm.cl\/wp-content\/uploads\/2024\/04\/5e7ede59-1cf0-4b8c-8013-ed17227e71d0-1_optimized.jpg","_links":{"self":[{"href":"https:\/\/radiorevelacionfm.cl\/index.php?rest_route=\/wp\/v2\/posts\/41289","targetHints":{"allow":["GET"]}}],"collection":[{"href":"https:\/\/radiorevelacionfm.cl\/index.php?rest_route=\/wp\/v2\/posts"}],"about":[{"href":"https:\/\/radiorevelacionfm.cl\/index.php?rest_route=\/wp\/v2\/types\/post"}],"author":[{"embeddable":true,"href":"https:\/\/radiorevelacionfm.cl\/index.php?rest_route=\/wp\/v2\/users\/1"}],"replies":[{"embeddable":true,"href":"https:\/\/radiorevelacionfm.cl\/index.php?rest_route=%2Fwp%2Fv2%2Fcomments&post=41289"}],"version-history":[{"count":1,"href":"https:\/\/radiorevelacionfm.cl\/index.php?rest_route=\/wp\/v2\/posts\/41289\/revisions"}],"predecessor-version":[{"id":41291,"href":"https:\/\/radiorevelacionfm.cl\/index.php?rest_route=\/wp\/v2\/posts\/41289\/revisions\/41291"}],"wp:featuredmedia":[{"embeddable":true,"href":"https:\/\/radiorevelacionfm.cl\/index.php?rest_route=\/wp\/v2\/media\/41290"}],"wp:attachment":[{"href":"https:\/\/radiorevelacionfm.cl\/index.php?rest_route=%2Fwp%2Fv2%2Fmedia&parent=41289"}],"wp:term":[{"taxonomy":"category","embeddable":true,"href":"https:\/\/radiorevelacionfm.cl\/index.php?rest_route=%2Fwp%2Fv2%2Fcategories&post=41289"},{"taxonomy":"post_tag","embeddable":true,"href":"https:\/\/radiorevelacionfm.cl\/index.php?rest_route=%2Fwp%2Fv2%2Ftags&post=41289"}],"curies":[{"name":"wp","href":"https:\/\/api.w.org\/{rel}","templated":true}]}}