{"id":41286,"date":"2024-04-15T12:20:16","date_gmt":"2024-04-15T15:20:16","guid":{"rendered":"https:\/\/radiorevelacionfm.cl\/?p=41286"},"modified":"2024-04-15T12:20:16","modified_gmt":"2024-04-15T15:20:16","slug":"con-potente-llamado-de-los-asistentes-culmina-en-aysen-discusion-de-la-politica-nacional-de-apoyos-y-cuidados","status":"publish","type":"post","link":"https:\/\/radiorevelacionfm.cl\/?p=41286","title":{"rendered":"Con potente llamado de los asistentes culmina en Ays\u00e9n discusi\u00f3n de la Pol\u00edtica Nacional de Apoyos y Cuidados"},"content":{"rendered":"<div class=\"flex_column av_one_full  flex_column_div av-zero-column-padding first  avia-builder-el-0  el_before_av_one_full  avia-builder-el-first  \" style='border-radius:0px; '><div  class='avia-image-container  av-styling-    avia-builder-el-1  avia-builder-el-no-sibling  avia-align-center '  itemprop=\"image\" itemscope=\"itemscope\" itemtype=\"https:\/\/schema.org\/ImageObject\"  ><div class='avia-image-container-inner'><div class='avia-image-overlay-wrap'><img decoding=\"async\" class='wp-image-41287 avia-img-lazy-loading-not-41287 avia_image' src=\"https:\/\/radiorevelacionfm.cl\/wp-content\/uploads\/2024\/04\/taller-3-2-1.jpg\" alt='' title='taller 3 (2) (1)' height=\"600\" width=\"800\"  itemprop=\"thumbnailUrl\" srcset=\"https:\/\/radiorevelacionfm.cl\/wp-content\/uploads\/2024\/04\/taller-3-2-1.jpg 800w, https:\/\/radiorevelacionfm.cl\/wp-content\/uploads\/2024\/04\/taller-3-2-1-300x225.jpg 300w, https:\/\/radiorevelacionfm.cl\/wp-content\/uploads\/2024\/04\/taller-3-2-1-768x576.jpg 768w, https:\/\/radiorevelacionfm.cl\/wp-content\/uploads\/2024\/04\/taller-3-2-1-705x529.jpg 705w, https:\/\/radiorevelacionfm.cl\/wp-content\/uploads\/2024\/04\/taller-3-2-1-450x338.jpg 450w, https:\/\/radiorevelacionfm.cl\/wp-content\/uploads\/2024\/04\/taller-3-2-1-600x450.jpg 600w\" sizes=\"(max-width: 800px) 100vw, 800px\" \/><\/div><\/div><\/div><\/div><div class=\"flex_column av_one_full  flex_column_div av-zero-column-padding first  avia-builder-el-2  el_after_av_one_full  el_before_av_one_full  column-top-margin\" style='border-radius:0px; '><section class=\"av_textblock_section \"  itemscope=\"itemscope\" itemtype=\"https:\/\/schema.org\/BlogPosting\" itemprop=\"blogPost\" ><div class='avia_textblock  '   itemprop=\"text\" ><p style=\"text-align: center;\"><strong><span style=\"font-size: 18pt;\">Con potente llamado de los asistentes culmina en Ays\u00e9n discusi\u00f3n de la Pol\u00edtica Nacional de Apoyos y Cuidados<\/span><\/strong><\/p>\n<div id=\"gtx-trans\" style=\"position: absolute; left: -50px; top: 4.31534px;\">\n<div class=\"gtx-trans-icon\"><\/div>\n<\/div>\n<\/div><\/section><\/div><div class=\"flex_column av_one_full  flex_column_div av-zero-column-padding first  avia-builder-el-4  el_after_av_one_full  el_before_av_hr  column-top-margin\" style='border-radius:0px; '><section class=\"av_textblock_section \"  itemscope=\"itemscope\" itemtype=\"https:\/\/schema.org\/BlogPosting\" itemprop=\"blogPost\" ><div class='avia_textblock  '   itemprop=\"text\" ><p style=\"text-align: justify;\"><i>Los participantes insistieron en que la pol\u00edtica adem\u00e1s de la remuneraci\u00f3n debe considerar los contextos territoriales en cada una de sus dimensiones y lograr consciencia comunitaria del cuidar y ser cuidado.<\/i><\/p>\n<p class=\"v1elementToProof\" style=\"text-align: justify;\">Con una asistencia de m\u00e1s de 80 personas, entre representantes de la sociedad civil y autoridades, se llev\u00f3 a cabo en Coyhaique el taller para presentar la Pol\u00edtica Nacional de Apoyos y Cuidados encomendada al Ministerio de Desarrollo Social y Familia con apoyo del Ministerio de la Mujer y Equidad de G\u00e9nero. Iniciativa que se ha ido construyendo desde sus inicios con participaci\u00f3n ciudadana y que ahora llega a su fase final, incorporando las conclusiones de los asistentes en los encuentros desarrollados a lo largo del pa\u00eds.<\/p>\n<p style=\"text-align: justify;\">Valorando la alta asistencia y compromiso de quienes han estado en cada encuentro, Karina Acevedo Seremi de Desarrollo Social y Familia relev\u00f3 \u00abEstamos muy contentos y satisfechos con la labor que hemos realizado en la regi\u00f3n de Ays\u00e9n. Hemos cumplido con los di\u00e1logos en todo el territorio y en esta oportunidad para el cierre que esta Pol\u00edtica Nacional de Apoyos y Cuidados, necesita. Hemos tenido un plenario donde nos han recordado y nos han insistido, que esta pol\u00edtica debe existir con una mirada territorial, con enfoque de g\u00e9nero y sobre todo con pertinencia a lo que cada territorio nos ha pedido.\u00a0Hemos cumplido a cabalidad con el mandato del presidente\u00a0y poder levantar esta Pol\u00edtica Nacional de Apoyos y cuidados\u00bb agregando que en este taller se hizo hincapi\u00e9 en ciertos aspectos \u00abNos resaltaron incorporar, por ejemplo, el desplazamiento de las personas que puedan prestar apoyos, que tengamos capacidad de salud, por ejemplo, en que la atenci\u00f3n no sea solamente una ronda m\u00e9dica.\u00a0O c\u00f3mo incorporamos la conectividad de caminos y tecnolog\u00eda, pero sobre todo considerar c\u00f3mo tambi\u00e9n damos cuidados a los cuidadores, que es la tarea que nos encomend\u00f3 el presidente\u00a0de la Rep\u00fablica\u00bb.<\/p>\n<p style=\"text-align: justify;\">Puntualizando en que los cuidados no es un destino obligado a la mujer, Andrea M\u00e9ndez Seremi de la Mujer y la Equidad de G\u00e9nero Andrea M\u00e9ndez indic\u00f3 que \u00abHoy pudimos constatar la dimensi\u00f3n de g\u00e9nero con respecto a la crisis de los cuidados en nuestro pa\u00eds. Son principalmente mujeres, quienes han cargado con el peso personal, emocional y laboral de cuidar a otros. Por lo tanto, es interesante poder constatar aquel diagn\u00f3stico que hemos hecho como Gobierno con las mismas mujeres, dan cuenta de que, efectivamente, en ning\u00fan caso los cuidados pueden ser considerados destino obligado para ninguna mujer.\u00a0Nosotras entendemos que la pol\u00edtica nacional de cuidados es un camino lento, pero al mismo tiempo, un camino significativo que va a cambiar de manera sustancial la manera en que comprendemos las tareas, los trabajos entre hombres y mujeres\u00bb.<\/p>\n<p style=\"text-align: justify;\">Durante el taller se llev\u00f3 a cabo una metodolog\u00eda implementada a lo largo del pa\u00eds con distintos objetivos estrat\u00e9gicos de la pol\u00edtica a discutir, en donde los asistentes reforzaron en el bienestar, salud, recreaci\u00f3n, conectividad, salario, abandono de quienes cuidan. Todos lo expuesto en el plenario ser\u00e1n sistematizados en actas y reportados al Ministerio para sus consideraciones finales.<\/p>\n<p style=\"text-align: justify;\"><u>MIRADA CIUDADANA<\/u><\/p>\n<p style=\"text-align: justify;\">Margarita Mardones es cuidadora desde el a\u00f1o 1987 de su prima y tiene un trabajo de media jornada porque la otra la dedica a cuidar. Por tanto, respecto a la futura Pol\u00edtica coment\u00f3 que \u00abEsa ser\u00eda una alegr\u00eda para todas las personas que cuidamos a nuestros postrados, porque a nosotros a veces no nos toman en mucho en cuenta, especialmente las autoridades, entonces yo creo que est\u00e1 muy lindo esto de que si sale este proyecto que est\u00e1n haciendo ojal\u00e1 sean escuchados y salga esto para las personas que cuidan a sus adultos mayores\u00bb.<\/p>\n<p style=\"text-align: justify;\">Representando al taller de adultos mayores de la poblaci\u00f3n Las lengas de Coyhaique, Elena Z\u00fa\u00f1iga manifest\u00f3 la importancia de llevar los cuidados con una mirada comunitaria \u00abMe parece muy interesante porque hasta ahora quienes son cuidadores de personas que est\u00e1n postradas, que est\u00e1n enfermas o que tienen a alguien bajo su cuidado, se sienten muy solos a veces muy poco protegidos por pol\u00edticas p\u00fablicas. Que este tema tambi\u00e9n sea aterrizado en el aspecto comunitario, es lo que me interesa, poder llevarlo a las Junta de Vecinos, a las organizaciones de adultos mayores donde pudi\u00e9ramos hacer redes. Una cosa es lo que puede dice el\u00a0presidente, una remuneraci\u00f3n para quienes cuidan, pero la parte comunitaria y solidaria debe estar presente siempre para apoyar a quienes est\u00e1n en esta tarea de cuidar\u00bb.<\/p>\n<p style=\"text-align: justify;\">Por \u00faltimo desde la organizaci\u00f3n de ciegos de la Patagonia, la presidenta Cristina Barrientos hizo hincapi\u00e9 en que la pol\u00edtica debe adecuarse a cada contexto de las discapacidades \u00abEs muy importante conocer desde la realidad del territorio cu\u00e1les son las necesidades que tenemos tanto las personas con discapacidad como nuestros cuidadores, la necesidad que hay de equipos multidisciplinarios en salud para que den apoyo tanto al cuidador como a la persona con discapacidad y la necesidad que tenemos a nivel nacional, que se cree un Ministerio de la discapacidad y que ah\u00ed est\u00e9 incluido los cuidados, de verdad hay que estudiar cada discapacidad, cada situaci\u00f3n, cada cuidador\u00bb.<\/p>\n<\/div><\/section><\/div><div  style='height:50px' class='hr hr-invisible   avia-builder-el-6  el_after_av_one_full  el_before_av_social_share '><span class='hr-inner ' ><span class='hr-inner-style'><\/span><\/span><\/div><\/p>\n<div  class='av-social-sharing-box  avia-builder-el-7  el_after_av_hr  el_before_av_hr  '><div class='av-share-box'><h5 class='av-share-link-description av-no-toc '>Compartir esta noticia<\/h5><ul class='av-share-box-list noLightbox'><li class='av-share-link av-social-link-facebook' ><a target=\"_blank\" aria-label=\"Compartir en Facebook\" href='https:\/\/www.facebook.com\/sharer.php?u=https:\/\/radiorevelacionfm.cl\/?p=41286&#038;t=Con%20potente%20llamado%20de%20los%20asistentes%20culmina%20en%20Ays%C3%A9n%20discusi%C3%B3n%20de%20la%20Pol%C3%ADtica%20Nacional%20de%20Apoyos%20y%20Cuidados' aria-hidden='false' data-av_icon='\ue8f3' data-av_iconfont='entypo-fontello' title='' data-avia-related-tooltip='Compartir en Facebook' rel=\"noopener\"><span class='avia_hidden_link_text'>Compartir en Facebook<\/span><\/a><\/li><li class='av-share-link av-social-link-twitter' ><a target=\"_blank\" aria-label=\"Compartir en Twitter\" href='https:\/\/twitter.com\/share?text=Con%20potente%20llamado%20de%20los%20asistentes%20culmina%20en%20Ays%C3%A9n%20discusi%C3%B3n%20de%20la%20Pol%C3%ADtica%20Nacional%20de%20Apoyos%20y%20Cuidados&#038;url=https:\/\/radiorevelacionfm.cl\/?p=41286' aria-hidden='false' data-av_icon='\ue8f1' data-av_iconfont='entypo-fontello' title='' data-avia-related-tooltip='Compartir en Twitter' rel=\"noopener\"><span class='avia_hidden_link_text'>Compartir en Twitter<\/span><\/a><\/li><li class='av-share-link av-social-link-whatsapp' ><a target=\"_blank\" aria-label=\"Compartir en Whatsapp\" href='https:\/\/api.whatsapp.com\/send?text=https:\/\/radiorevelacionfm.cl\/?p=41286' aria-hidden='false' data-av_icon='\uf232' data-av_iconfont='entypo-fontello' title='' data-avia-related-tooltip='Compartir en Whatsapp' rel=\"noopener\"><span class='avia_hidden_link_text'>Compartir en Whatsapp<\/span><\/a><\/li><li class='av-share-link av-social-link-linkedin' ><a target=\"_blank\" aria-label=\"Compartir en LinkedIn\" href='https:\/\/linkedin.com\/shareArticle?mini=true&#038;title=Con%20potente%20llamado%20de%20los%20asistentes%20culmina%20en%20Ays%C3%A9n%20discusi%C3%B3n%20de%20la%20Pol%C3%ADtica%20Nacional%20de%20Apoyos%20y%20Cuidados&#038;url=https:\/\/radiorevelacionfm.cl\/?p=41286' aria-hidden='false' data-av_icon='\ue8fc' data-av_iconfont='entypo-fontello' title='' data-avia-related-tooltip='Compartir en LinkedIn' rel=\"noopener\"><span class='avia_hidden_link_text'>Compartir en LinkedIn<\/span><\/a><\/li><li class='av-share-link av-social-link-mail' ><a  aria-label=\"Compartir por correo\" href='mailto:?subject=Con%20potente%20llamado%20de%20los%20asistentes%20culmina%20en%20Ays%C3%A9n%20discusi%C3%B3n%20de%20la%20Pol%C3%ADtica%20Nacional%20de%20Apoyos%20y%20Cuidados&#038;body=https:\/\/radiorevelacionfm.cl\/?p=41286' aria-hidden='false' data-av_icon='\ue805' data-av_iconfont='entypo-fontello' title='' data-avia-related-tooltip='Compartir por correo'><span class='avia_hidden_link_text'>Compartir por correo<\/span><\/a><\/li><\/ul><\/div><\/div>\n<div  style='height:50px' class='hr hr-invisible   avia-builder-el-8  el_after_av_social_share  el_before_av_comments_list '><span class='hr-inner ' ><span class='hr-inner-style'><\/span><\/span><\/div>\n<div  class='av-buildercomment  av-blog-meta-html-info-disabled av-blog-meta-tag-disabled  '><\/div>\n","protected":false},"excerpt":{"rendered":"","protected":false},"author":1,"featured_media":41287,"comment_status":"open","ping_status":"open","sticky":false,"template":"","format":"standard","meta":{"footnotes":""},"categories":[38],"tags":[],"class_list":["post-41286","post","type-post","status-publish","format-standard","has-post-thumbnail","hentry","category-regional"],"jetpack_featured_media_url":"https:\/\/radiorevelacionfm.cl\/wp-content\/uploads\/2024\/04\/taller-3-2-1.jpg","_links":{"self":[{"href":"https:\/\/radiorevelacionfm.cl\/index.php?rest_route=\/wp\/v2\/posts\/41286","targetHints":{"allow":["GET"]}}],"collection":[{"href":"https:\/\/radiorevelacionfm.cl\/index.php?rest_route=\/wp\/v2\/posts"}],"about":[{"href":"https:\/\/radiorevelacionfm.cl\/index.php?rest_route=\/wp\/v2\/types\/post"}],"author":[{"embeddable":true,"href":"https:\/\/radiorevelacionfm.cl\/index.php?rest_route=\/wp\/v2\/users\/1"}],"replies":[{"embeddable":true,"href":"https:\/\/radiorevelacionfm.cl\/index.php?rest_route=%2Fwp%2Fv2%2Fcomments&post=41286"}],"version-history":[{"count":1,"href":"https:\/\/radiorevelacionfm.cl\/index.php?rest_route=\/wp\/v2\/posts\/41286\/revisions"}],"predecessor-version":[{"id":41288,"href":"https:\/\/radiorevelacionfm.cl\/index.php?rest_route=\/wp\/v2\/posts\/41286\/revisions\/41288"}],"wp:featuredmedia":[{"embeddable":true,"href":"https:\/\/radiorevelacionfm.cl\/index.php?rest_route=\/wp\/v2\/media\/41287"}],"wp:attachment":[{"href":"https:\/\/radiorevelacionfm.cl\/index.php?rest_route=%2Fwp%2Fv2%2Fmedia&parent=41286"}],"wp:term":[{"taxonomy":"category","embeddable":true,"href":"https:\/\/radiorevelacionfm.cl\/index.php?rest_route=%2Fwp%2Fv2%2Fcategories&post=41286"},{"taxonomy":"post_tag","embeddable":true,"href":"https:\/\/radiorevelacionfm.cl\/index.php?rest_route=%2Fwp%2Fv2%2Ftags&post=41286"}],"curies":[{"name":"wp","href":"https:\/\/api.w.org\/{rel}","templated":true}]}}