{"id":41283,"date":"2024-04-15T00:14:25","date_gmt":"2024-04-15T03:14:25","guid":{"rendered":"https:\/\/radiorevelacionfm.cl\/?p=41283"},"modified":"2024-04-15T00:14:25","modified_gmt":"2024-04-15T03:14:25","slug":"destacan-contribucion-de-ceramistas-de-chile-chico-al-patrimonio-cultural-local","status":"publish","type":"post","link":"https:\/\/radiorevelacionfm.cl\/?p=41283","title":{"rendered":"Destacan contribuci\u00f3n de Ceramistas de Chile Chico al patrimonio cultural local"},"content":{"rendered":"<div class=\"flex_column av_one_full  flex_column_div av-zero-column-padding first  avia-builder-el-0  el_before_av_one_full  avia-builder-el-first  \" style='border-radius:0px; '><div  class='avia-image-container  av-styling-    avia-builder-el-1  avia-builder-el-no-sibling  avia-align-center '  itemprop=\"image\" itemscope=\"itemscope\" itemtype=\"https:\/\/schema.org\/ImageObject\"  ><div class='avia-image-container-inner'><div class='avia-image-overlay-wrap'><img decoding=\"async\" class='wp-image-41284 avia-img-lazy-loading-not-41284 avia_image' src=\"https:\/\/radiorevelacionfm.cl\/wp-content\/uploads\/2024\/04\/IMG_2818-1-1.jpg\" alt='' title='IMG_2818 (1) (1)' height=\"600\" width=\"900\"  itemprop=\"thumbnailUrl\" srcset=\"https:\/\/radiorevelacionfm.cl\/wp-content\/uploads\/2024\/04\/IMG_2818-1-1.jpg 900w, https:\/\/radiorevelacionfm.cl\/wp-content\/uploads\/2024\/04\/IMG_2818-1-1-300x200.jpg 300w, https:\/\/radiorevelacionfm.cl\/wp-content\/uploads\/2024\/04\/IMG_2818-1-1-768x512.jpg 768w, https:\/\/radiorevelacionfm.cl\/wp-content\/uploads\/2024\/04\/IMG_2818-1-1-705x470.jpg 705w, https:\/\/radiorevelacionfm.cl\/wp-content\/uploads\/2024\/04\/IMG_2818-1-1-450x300.jpg 450w, https:\/\/radiorevelacionfm.cl\/wp-content\/uploads\/2024\/04\/IMG_2818-1-1-600x400.jpg 600w\" sizes=\"(max-width: 900px) 100vw, 900px\" \/><\/div><\/div><\/div><\/div><div class=\"flex_column av_one_full  flex_column_div av-zero-column-padding first  avia-builder-el-2  el_after_av_one_full  el_before_av_one_full  column-top-margin\" style='border-radius:0px; '><section class=\"av_textblock_section \"  itemscope=\"itemscope\" itemtype=\"https:\/\/schema.org\/BlogPosting\" itemprop=\"blogPost\" ><div class='avia_textblock  '   itemprop=\"text\" ><p style=\"text-align: center;\"><span style=\"font-size: 18pt;\"><b>Destacan contribuci\u00f3n de Ceramistas de Chile Chico al patrimonio cultural local<\/b><\/span><\/p>\n<div id=\"gtx-trans\" style=\"position: absolute; left: -50px; top: 4.31534px;\">\n<div class=\"gtx-trans-icon\"><\/div>\n<\/div>\n<\/div><\/section><\/div><div class=\"flex_column av_one_full  flex_column_div av-zero-column-padding first  avia-builder-el-4  el_after_av_one_full  el_before_av_hr  column-top-margin\" style='border-radius:0px; '><section class=\"av_textblock_section \"  itemscope=\"itemscope\" itemtype=\"https:\/\/schema.org\/BlogPosting\" itemprop=\"blogPost\" ><div class='avia_textblock  '   itemprop=\"text\" ><p style=\"font-weight: 400; text-align: justify;\">El Taller de Ceramistas Patagonia \u00danica, en Chile Chico, visitaron el Delegado Presidencial Regional, Rodrigo Araya, su par provincial de General Carrera, Crist\u00f3bal Barcel\u00f3 y el Seremi de Miner\u00eda, Juan V\u00e1squez.<\/p>\n<p style=\"font-weight: 400; text-align: justify;\">El taller destaca por su aporte a la valorizaci\u00f3n de la identidad y patrimonio cultural a trav\u00e9s de una amplia variedad de creaciones de greda ornamental y utilitaria, que ellas mismas recolectan, y donde se pueden observar, por ejemplo, distintos implementos en forma de martineta, un ave que en Chile solo habita en Chile Chico y sus al rededores.<\/p>\n<p style=\"font-weight: 400; text-align: justify;\">Como su arte es especial, fueron invitadas a la Expo Patagonia en Coyhaique hace algunas semanas, donde conocieron al Delegado Presidencial Regional, Rodrigo Araya, y lo invitaron a conocer el taller chilechiquense. Por ello, en la m\u00e1s reciente visita de la autoridad regional a la ciudad del sol fue a conocer en profundidad el proyecto.<\/p>\n<p style=\"font-weight: 400; text-align: justify;\">Ah\u00ed, junto al Seremi de Miner\u00eda Juan V\u00e1squez y al Delegado Presidencial Provincial de General Carrera, Crist\u00f3bal Barcel\u00f3, fue recibido por Elena Cay\u00fan y Liliana Trivi\u00f1o dos artesanas que hace cinco a\u00f1os emprendieron este oficio. \u201cNosotros lo que ocupamos es greda. La recolectamos del cerro, de los r\u00edos y nosotros hacemos todo el proceso y despu\u00e9s hacemos los cacharritos\u201d explica Elena, lo que es complementado por Liliana \u201cQueremos ense\u00f1arle a los ni\u00f1os chicos, los liceanos que quieran venir a aprender. Esas aspiraciones tenemos para este a\u00f1o\u201d.<\/p>\n<p style=\"font-weight: 400; text-align: justify;\">Al finalizar la visita el Delegado Presidencial Regional, Rodrigo Araya, destac\u00f3 que \u201cjustamente ellas trabajan con material que viene de la tierra y\u00a0para nuestro Gobierno, verificar en terreno que el Seremi de Miner\u00eda con la Delegaci\u00f3n Presidencial Provincial General Carrera han estado trabajando con este taller, donde hay proyecciones de mejoras en infraestructura, donde van a poder utilizar la implementaci\u00f3n y las m\u00e1quinas que tienen, donde ellas se han preocupado de tener capacitaciones con expertos que vienen de otras partes como Argentina inclusive, nos habla de lo importante que es para nosotros seguir trabajando con este taller\u201d.<\/p>\n<p style=\"font-weight: 400; text-align: justify;\">Por su parte el Seremi de Miner\u00eda, Juan V\u00e1squez, quien ha desarrollado un largo trabajo con las ceramistas, expres\u00f3 que \u201cestamos muy contentos de que las rocas ornamentales y recursos propios de la localidad de Chile Chico nos engalanan en distintos lugares y dan muestra de un trabajo en que la Seremi de Miner\u00eda y el Gobierno Regional, han puesto recursos tanto econ\u00f3micos como transferencias t\u00e9cnicas\u201d para el crecimiento de la organizaci\u00f3n. A ello agreg\u00f3 \u201cesperamos tambi\u00e9n contar con una casa propia que est\u00e9 a disposici\u00f3n 24\/7 para esta asociaci\u00f3n gremial\u201d.<\/p>\n<p style=\"font-weight: 400; text-align: justify;\">Esta visita se realiz\u00f3 en el marco de las actividades organizadas con motivo del lanzamiento del Proyecto de Geoparque Chelenko en Villa Cerro Castillo, Chile Chico, Mall\u00edn Grande y Puerto Guadal, iniciativa que busca poner en valor el patrimonio geol\u00f3gico, paleontol\u00f3gico e hist\u00f3rico de m\u00e1s de 20 geositios de la cuenca del lago General Carrera, pero que adem\u00e1s cuenta con un fuerte componente de involucramiento de las comunidades de conocer y aprovechar esta historia.<\/p>\n<\/div><\/section><\/div><div  style='height:50px' class='hr hr-invisible   avia-builder-el-6  el_after_av_one_full  el_before_av_social_share '><span class='hr-inner ' ><span class='hr-inner-style'><\/span><\/span><\/div><\/p>\n<div  class='av-social-sharing-box  avia-builder-el-7  el_after_av_hr  el_before_av_hr  '><div class='av-share-box'><h5 class='av-share-link-description av-no-toc '>Compartir esta noticia<\/h5><ul class='av-share-box-list noLightbox'><li class='av-share-link av-social-link-facebook' ><a target=\"_blank\" aria-label=\"Compartir en Facebook\" href='https:\/\/www.facebook.com\/sharer.php?u=https:\/\/radiorevelacionfm.cl\/?p=41283&#038;t=Destacan%20contribuci%C3%B3n%20de%20Ceramistas%20de%20Chile%20Chico%20al%20patrimonio%20cultural%20local' aria-hidden='false' data-av_icon='\ue8f3' data-av_iconfont='entypo-fontello' title='' data-avia-related-tooltip='Compartir en Facebook' rel=\"noopener\"><span class='avia_hidden_link_text'>Compartir en Facebook<\/span><\/a><\/li><li class='av-share-link av-social-link-twitter' ><a target=\"_blank\" aria-label=\"Compartir en Twitter\" href='https:\/\/twitter.com\/share?text=Destacan%20contribuci%C3%B3n%20de%20Ceramistas%20de%20Chile%20Chico%20al%20patrimonio%20cultural%20local&#038;url=https:\/\/radiorevelacionfm.cl\/?p=41283' aria-hidden='false' data-av_icon='\ue8f1' data-av_iconfont='entypo-fontello' title='' data-avia-related-tooltip='Compartir en Twitter' rel=\"noopener\"><span class='avia_hidden_link_text'>Compartir en Twitter<\/span><\/a><\/li><li class='av-share-link av-social-link-whatsapp' ><a target=\"_blank\" aria-label=\"Compartir en Whatsapp\" href='https:\/\/api.whatsapp.com\/send?text=https:\/\/radiorevelacionfm.cl\/?p=41283' aria-hidden='false' data-av_icon='\uf232' data-av_iconfont='entypo-fontello' title='' data-avia-related-tooltip='Compartir en Whatsapp' rel=\"noopener\"><span class='avia_hidden_link_text'>Compartir en Whatsapp<\/span><\/a><\/li><li class='av-share-link av-social-link-linkedin' ><a target=\"_blank\" aria-label=\"Compartir en LinkedIn\" href='https:\/\/linkedin.com\/shareArticle?mini=true&#038;title=Destacan%20contribuci%C3%B3n%20de%20Ceramistas%20de%20Chile%20Chico%20al%20patrimonio%20cultural%20local&#038;url=https:\/\/radiorevelacionfm.cl\/?p=41283' aria-hidden='false' data-av_icon='\ue8fc' data-av_iconfont='entypo-fontello' title='' data-avia-related-tooltip='Compartir en LinkedIn' rel=\"noopener\"><span class='avia_hidden_link_text'>Compartir en LinkedIn<\/span><\/a><\/li><li class='av-share-link av-social-link-mail' ><a  aria-label=\"Compartir por correo\" href='mailto:?subject=Destacan%20contribuci%C3%B3n%20de%20Ceramistas%20de%20Chile%20Chico%20al%20patrimonio%20cultural%20local&#038;body=https:\/\/radiorevelacionfm.cl\/?p=41283' aria-hidden='false' data-av_icon='\ue805' data-av_iconfont='entypo-fontello' title='' data-avia-related-tooltip='Compartir por correo'><span class='avia_hidden_link_text'>Compartir por correo<\/span><\/a><\/li><\/ul><\/div><\/div>\n<div  style='height:50px' class='hr hr-invisible   avia-builder-el-8  el_after_av_social_share  el_before_av_comments_list '><span class='hr-inner ' ><span class='hr-inner-style'><\/span><\/span><\/div>\n<div  class='av-buildercomment  av-blog-meta-html-info-disabled av-blog-meta-tag-disabled  '><\/div>\n","protected":false},"excerpt":{"rendered":"","protected":false},"author":1,"featured_media":41284,"comment_status":"open","ping_status":"open","sticky":false,"template":"","format":"standard","meta":{"footnotes":""},"categories":[38],"tags":[],"class_list":["post-41283","post","type-post","status-publish","format-standard","has-post-thumbnail","hentry","category-regional"],"jetpack_featured_media_url":"https:\/\/radiorevelacionfm.cl\/wp-content\/uploads\/2024\/04\/IMG_2818-1-1.jpg","_links":{"self":[{"href":"https:\/\/radiorevelacionfm.cl\/index.php?rest_route=\/wp\/v2\/posts\/41283","targetHints":{"allow":["GET"]}}],"collection":[{"href":"https:\/\/radiorevelacionfm.cl\/index.php?rest_route=\/wp\/v2\/posts"}],"about":[{"href":"https:\/\/radiorevelacionfm.cl\/index.php?rest_route=\/wp\/v2\/types\/post"}],"author":[{"embeddable":true,"href":"https:\/\/radiorevelacionfm.cl\/index.php?rest_route=\/wp\/v2\/users\/1"}],"replies":[{"embeddable":true,"href":"https:\/\/radiorevelacionfm.cl\/index.php?rest_route=%2Fwp%2Fv2%2Fcomments&post=41283"}],"version-history":[{"count":2,"href":"https:\/\/radiorevelacionfm.cl\/index.php?rest_route=\/wp\/v2\/posts\/41283\/revisions"}],"predecessor-version":[{"id":41296,"href":"https:\/\/radiorevelacionfm.cl\/index.php?rest_route=\/wp\/v2\/posts\/41283\/revisions\/41296"}],"wp:featuredmedia":[{"embeddable":true,"href":"https:\/\/radiorevelacionfm.cl\/index.php?rest_route=\/wp\/v2\/media\/41284"}],"wp:attachment":[{"href":"https:\/\/radiorevelacionfm.cl\/index.php?rest_route=%2Fwp%2Fv2%2Fmedia&parent=41283"}],"wp:term":[{"taxonomy":"category","embeddable":true,"href":"https:\/\/radiorevelacionfm.cl\/index.php?rest_route=%2Fwp%2Fv2%2Fcategories&post=41283"},{"taxonomy":"post_tag","embeddable":true,"href":"https:\/\/radiorevelacionfm.cl\/index.php?rest_route=%2Fwp%2Fv2%2Ftags&post=41283"}],"curies":[{"name":"wp","href":"https:\/\/api.w.org\/{rel}","templated":true}]}}