{"id":41276,"date":"2024-04-14T23:09:39","date_gmt":"2024-04-15T02:09:39","guid":{"rendered":"https:\/\/radiorevelacionfm.cl\/?p=41276"},"modified":"2024-04-14T23:11:58","modified_gmt":"2024-04-15T02:11:58","slug":"destacada-presencia-de-aysen-patagonia-en-seatrade-cruise-global-2024-en-estados-unidos","status":"publish","type":"post","link":"https:\/\/radiorevelacionfm.cl\/?p=41276","title":{"rendered":"Destacada presencia de Ays\u00e9n Patagonia en Seatrade Cruise Global 2024 en Estados Unidos"},"content":{"rendered":"<div class=\"flex_column av_one_full  flex_column_div av-zero-column-padding first  avia-builder-el-0  el_before_av_one_full  avia-builder-el-first  \" style='border-radius:0px; '><div  class='avia-image-container  av-styling-    avia-builder-el-1  avia-builder-el-no-sibling  avia-align-center '  itemprop=\"image\" itemscope=\"itemscope\" itemtype=\"https:\/\/schema.org\/ImageObject\"  ><div class='avia-image-container-inner'><div class='avia-image-overlay-wrap'><img decoding=\"async\" class='wp-image-41277 avia-img-lazy-loading-not-41277 avia_image' src=\"https:\/\/radiorevelacionfm.cl\/wp-content\/uploads\/2024\/04\/SEATRADE03-1-1.jpeg\" alt='' title='SEATRADE03 (1) (1)' height=\"600\" width=\"1067\"  itemprop=\"thumbnailUrl\" srcset=\"https:\/\/radiorevelacionfm.cl\/wp-content\/uploads\/2024\/04\/SEATRADE03-1-1.jpeg 1067w, https:\/\/radiorevelacionfm.cl\/wp-content\/uploads\/2024\/04\/SEATRADE03-1-1-300x169.jpeg 300w, https:\/\/radiorevelacionfm.cl\/wp-content\/uploads\/2024\/04\/SEATRADE03-1-1-1030x579.jpeg 1030w, https:\/\/radiorevelacionfm.cl\/wp-content\/uploads\/2024\/04\/SEATRADE03-1-1-768x432.jpeg 768w, https:\/\/radiorevelacionfm.cl\/wp-content\/uploads\/2024\/04\/SEATRADE03-1-1-705x396.jpeg 705w, https:\/\/radiorevelacionfm.cl\/wp-content\/uploads\/2024\/04\/SEATRADE03-1-1-450x253.jpeg 450w, https:\/\/radiorevelacionfm.cl\/wp-content\/uploads\/2024\/04\/SEATRADE03-1-1-600x337.jpeg 600w\" sizes=\"(max-width: 1067px) 100vw, 1067px\" \/><\/div><\/div><\/div><\/div>\n<div class=\"flex_column av_one_full  flex_column_div av-zero-column-padding first  avia-builder-el-2  el_after_av_one_full  el_before_av_one_full  column-top-margin\" style='border-radius:0px; '><section class=\"av_textblock_section \"  itemscope=\"itemscope\" itemtype=\"https:\/\/schema.org\/BlogPosting\" itemprop=\"blogPost\" ><div class='avia_textblock  '   itemprop=\"text\" ><p style=\"text-align: center;\"><strong><span style=\"font-size: 18pt;\">Destacada presencia de Ays\u00e9n Patagonia en Seatrade Cruise Global 2024 en Estados Unidos<\/span><\/strong><\/p>\n<div id=\"gtx-trans\" style=\"position: absolute; left: -50px; top: 4.31534px;\">\n<div class=\"gtx-trans-icon\"><\/div>\n<\/div>\n<\/div><\/section><\/div>\n<div class=\"flex_column av_one_full  flex_column_div av-zero-column-padding first  avia-builder-el-4  el_after_av_one_full  el_before_av_hr  column-top-margin\" style='border-radius:0px; '><section class=\"av_textblock_section \"  itemscope=\"itemscope\" itemtype=\"https:\/\/schema.org\/BlogPosting\" itemprop=\"blogPost\" ><div class='avia_textblock  '   itemprop=\"text\" ><p style=\"text-align: justify;\"><em>El stand de Chile estuvo presente con los destinos de Valpara\u00edso, Biob\u00edo, Puerto Montt y Ays\u00e9n Patagonia en el principal evento mundial de la industria de cruceros.<\/em><\/p>\n<p style=\"text-align: justify;\">La regi\u00f3n de Ays\u00e9n tuvo una fuerte participaci\u00f3n en Seatrade Cruise Global 2024, el principal evento mundial de la industria de cruceros, realizado entre el 8 y el 11 de abril en Miami, Estados Unidos. La delegaci\u00f3n chilena fue encabezada por Sernatur y cont\u00f3 con el apoyo del Gobierno Regional de Ays\u00e9n, la Corporaci\u00f3n Puertos del Conosur y una destacada representaci\u00f3n de empresas tur\u00edsticas y destinos chilenos, poniendo de relieve la presencia distintiva de Ays\u00e9n Patagonia en esta importante plataforma global.<\/p>\n<p style=\"text-align: justify;\">La Gobernadora de Ays\u00e9n, Andrea Macias Palma, subray\u00f3 la relevancia de la participaci\u00f3n regional en este evento clave para la industria de los cruceros. \u201cComo Gobierno Regional, hemos decidido respaldar y financiar la presencia de Ays\u00e9n en este destacado encuentro internacional, donde convergen todos los actores relevantes del turismo de cruceros en nuestro pa\u00eds\u201d, afirm\u00f3. \u00abSabemos que nuestra regi\u00f3n tiene un potencial tremendo para atraer a los turistas que prefieren este tipo de experiencias. Agradecemos la participaci\u00f3n de Emporcha, nuestro puerto estatal, en la coordinaci\u00f3n de estas acciones para recibir cruceros en un futuro pr\u00f3ximo. La inversi\u00f3n en infraestructura portuaria realizada por el Estado y el Gobierno Regional de Ays\u00e9n facilitar\u00e1 esta oportunidad, generando un impacto econ\u00f3mico significativo en nuestras comunidades locales\u201d.<\/p>\n<p style=\"text-align: justify;\">Por su parte, Enrique Runin, presidente del directorio de Emporcha y la Corporaci\u00f3n de Puerto del Cono Sur, destac\u00f3 los resultados positivos de la participaci\u00f3n de Ays\u00e9n en el evento. \u201cHemos logrado posicionar a la regi\u00f3n de Ays\u00e9n, incluyendo destinos como Puerto Chacabuco y Puerto Cisnes, ante las l\u00edneas de cruceros que operan una variedad de naves\u201d, coment\u00f3. \u201cHemos intercambiado informaci\u00f3n y presentado las maravillas de nuestra regi\u00f3n, destacando la experiencia \u00fanica que ofrece la naturaleza y los paisajes pr\u00edstinos de Ays\u00e9n\u201d.<\/p>\n<p style=\"text-align: justify;\">Claudio Montecinos, director regional de Sernatur Ays\u00e9n, enfatiz\u00f3 la importancia estrat\u00e9gica de participar en eventos globales como Seatrade. \u00abEs parte de nuestra estrategia de promoci\u00f3n regional del destino Ays\u00e9n Patagonia. Junto a Emporcha hemos participado activamente de esta feria que es la m\u00e1s importante del mundo en turismo de cruceros y lo que esperamos es que efectivamente tenga un resultado para la pr\u00f3xima temporada, aumentando el n\u00famero de recaladas en nuestros puertos regionales y aumentar as\u00ed el n\u00famero de visitantes en la pr\u00f3xima temporada 2024- 2025.<\/p>\n<p style=\"text-align: justify;\">Seatrade Cuise Global 2024 congreg\u00f3 a compradores y proveedores de 120 pa\u00edses, marco en el que se sostuvieron reuniones comerciales y Chile tuvo la oportunidad de presentar \u00a0activaciones para atraer a los visitantes de la feria, consolidando as\u00ed su posici\u00f3n como un destino emergente y atractivo en la industria de los cruceros.<\/p>\n<\/div><\/section><\/div><div  style='height:50px' class='hr hr-invisible   avia-builder-el-6  el_after_av_one_full  el_before_av_social_share '><span class='hr-inner ' ><span class='hr-inner-style'><\/span><\/span><\/div><\/p>\n<div  class='av-social-sharing-box  avia-builder-el-7  el_after_av_hr  el_before_av_hr  '><div class='av-share-box'><h5 class='av-share-link-description av-no-toc '>Compartir esta noticia<\/h5><ul class='av-share-box-list noLightbox'><li class='av-share-link av-social-link-facebook' ><a target=\"_blank\" aria-label=\"Compartir en Facebook\" href='https:\/\/www.facebook.com\/sharer.php?u=https:\/\/radiorevelacionfm.cl\/?p=41276&#038;t=Destacada%20presencia%20de%20Ays%C3%A9n%20Patagonia%20en%20Seatrade%20Cruise%20Global%202024%20en%20Estados%20Unidos' aria-hidden='false' data-av_icon='\ue8f3' data-av_iconfont='entypo-fontello' title='' data-avia-related-tooltip='Compartir en Facebook' rel=\"noopener\"><span class='avia_hidden_link_text'>Compartir en Facebook<\/span><\/a><\/li><li class='av-share-link av-social-link-twitter' ><a target=\"_blank\" aria-label=\"Compartir en Twitter\" href='https:\/\/twitter.com\/share?text=Destacada%20presencia%20de%20Ays%C3%A9n%20Patagonia%20en%20Seatrade%20Cruise%20Global%202024%20en%20Estados%20Unidos&#038;url=https:\/\/radiorevelacionfm.cl\/?p=41276' aria-hidden='false' data-av_icon='\ue8f1' data-av_iconfont='entypo-fontello' title='' data-avia-related-tooltip='Compartir en Twitter' rel=\"noopener\"><span class='avia_hidden_link_text'>Compartir en Twitter<\/span><\/a><\/li><li class='av-share-link av-social-link-whatsapp' ><a target=\"_blank\" aria-label=\"Compartir en Whatsapp\" href='https:\/\/api.whatsapp.com\/send?text=https:\/\/radiorevelacionfm.cl\/?p=41276' aria-hidden='false' data-av_icon='\uf232' data-av_iconfont='entypo-fontello' title='' data-avia-related-tooltip='Compartir en Whatsapp' rel=\"noopener\"><span class='avia_hidden_link_text'>Compartir en Whatsapp<\/span><\/a><\/li><li class='av-share-link av-social-link-linkedin' ><a target=\"_blank\" aria-label=\"Compartir en LinkedIn\" href='https:\/\/linkedin.com\/shareArticle?mini=true&#038;title=Destacada%20presencia%20de%20Ays%C3%A9n%20Patagonia%20en%20Seatrade%20Cruise%20Global%202024%20en%20Estados%20Unidos&#038;url=https:\/\/radiorevelacionfm.cl\/?p=41276' aria-hidden='false' data-av_icon='\ue8fc' data-av_iconfont='entypo-fontello' title='' data-avia-related-tooltip='Compartir en LinkedIn' rel=\"noopener\"><span class='avia_hidden_link_text'>Compartir en LinkedIn<\/span><\/a><\/li><li class='av-share-link av-social-link-mail' ><a  aria-label=\"Compartir por correo\" href='mailto:?subject=Destacada%20presencia%20de%20Ays%C3%A9n%20Patagonia%20en%20Seatrade%20Cruise%20Global%202024%20en%20Estados%20Unidos&#038;body=https:\/\/radiorevelacionfm.cl\/?p=41276' aria-hidden='false' data-av_icon='\ue805' data-av_iconfont='entypo-fontello' title='' data-avia-related-tooltip='Compartir por correo'><span class='avia_hidden_link_text'>Compartir por correo<\/span><\/a><\/li><\/ul><\/div><\/div>\n<div  style='height:50px' class='hr hr-invisible   avia-builder-el-8  el_after_av_social_share  el_before_av_comments_list '><span class='hr-inner ' ><span class='hr-inner-style'><\/span><\/span><\/div>\n<div  class='av-buildercomment  av-blog-meta-html-info-disabled av-blog-meta-tag-disabled  '><\/div>\n","protected":false},"excerpt":{"rendered":"","protected":false},"author":1,"featured_media":41277,"comment_status":"open","ping_status":"open","sticky":false,"template":"","format":"standard","meta":{"footnotes":""},"categories":[54],"tags":[],"class_list":["post-41276","post","type-post","status-publish","format-standard","has-post-thumbnail","hentry","category-turismo"],"jetpack_featured_media_url":"https:\/\/radiorevelacionfm.cl\/wp-content\/uploads\/2024\/04\/SEATRADE03-1-1.jpeg","_links":{"self":[{"href":"https:\/\/radiorevelacionfm.cl\/index.php?rest_route=\/wp\/v2\/posts\/41276","targetHints":{"allow":["GET"]}}],"collection":[{"href":"https:\/\/radiorevelacionfm.cl\/index.php?rest_route=\/wp\/v2\/posts"}],"about":[{"href":"https:\/\/radiorevelacionfm.cl\/index.php?rest_route=\/wp\/v2\/types\/post"}],"author":[{"embeddable":true,"href":"https:\/\/radiorevelacionfm.cl\/index.php?rest_route=\/wp\/v2\/users\/1"}],"replies":[{"embeddable":true,"href":"https:\/\/radiorevelacionfm.cl\/index.php?rest_route=%2Fwp%2Fv2%2Fcomments&post=41276"}],"version-history":[{"count":2,"href":"https:\/\/radiorevelacionfm.cl\/index.php?rest_route=\/wp\/v2\/posts\/41276\/revisions"}],"predecessor-version":[{"id":41279,"href":"https:\/\/radiorevelacionfm.cl\/index.php?rest_route=\/wp\/v2\/posts\/41276\/revisions\/41279"}],"wp:featuredmedia":[{"embeddable":true,"href":"https:\/\/radiorevelacionfm.cl\/index.php?rest_route=\/wp\/v2\/media\/41277"}],"wp:attachment":[{"href":"https:\/\/radiorevelacionfm.cl\/index.php?rest_route=%2Fwp%2Fv2%2Fmedia&parent=41276"}],"wp:term":[{"taxonomy":"category","embeddable":true,"href":"https:\/\/radiorevelacionfm.cl\/index.php?rest_route=%2Fwp%2Fv2%2Fcategories&post=41276"},{"taxonomy":"post_tag","embeddable":true,"href":"https:\/\/radiorevelacionfm.cl\/index.php?rest_route=%2Fwp%2Fv2%2Ftags&post=41276"}],"curies":[{"name":"wp","href":"https:\/\/api.w.org\/{rel}","templated":true}]}}