{"id":41273,"date":"2024-04-15T11:54:34","date_gmt":"2024-04-15T14:54:34","guid":{"rendered":"https:\/\/radiorevelacionfm.cl\/?p=41273"},"modified":"2024-04-15T11:54:34","modified_gmt":"2024-04-15T14:54:34","slug":"delegado-presidencial-presentara-de-aqui-a-diciembre-antecedentes-para-evaluar-mantener-horario-de-verano-en-aysen","status":"publish","type":"post","link":"https:\/\/radiorevelacionfm.cl\/?p=41273","title":{"rendered":"Delegado Presidencial presentar\u00e1 de aqu\u00ed a diciembre antecedentes para evaluar mantener horario de verano en Ays\u00e9n"},"content":{"rendered":"<div class=\"flex_column av_one_full  flex_column_div av-zero-column-padding first  avia-builder-el-0  el_before_av_one_full  avia-builder-el-first  \" style='border-radius:0px; '><div  class='avia-image-container  av-styling-    avia-builder-el-1  avia-builder-el-no-sibling  avia-align-center '  itemprop=\"image\" itemscope=\"itemscope\" itemtype=\"https:\/\/schema.org\/ImageObject\"  ><div class='avia-image-container-inner'><div class='avia-image-overlay-wrap'><img decoding=\"async\" class='wp-image-41274 avia-img-lazy-loading-not-41274 avia_image' src=\"https:\/\/radiorevelacionfm.cl\/wp-content\/uploads\/2024\/04\/foto-reu-delegado-1_optimized-1.jpeg\" alt='' title='foto-reu-delegado-(1)_optimized (1)' height=\"600\" width=\"1067\"  itemprop=\"thumbnailUrl\" srcset=\"https:\/\/radiorevelacionfm.cl\/wp-content\/uploads\/2024\/04\/foto-reu-delegado-1_optimized-1.jpeg 1067w, https:\/\/radiorevelacionfm.cl\/wp-content\/uploads\/2024\/04\/foto-reu-delegado-1_optimized-1-300x169.jpeg 300w, https:\/\/radiorevelacionfm.cl\/wp-content\/uploads\/2024\/04\/foto-reu-delegado-1_optimized-1-1030x579.jpeg 1030w, https:\/\/radiorevelacionfm.cl\/wp-content\/uploads\/2024\/04\/foto-reu-delegado-1_optimized-1-768x432.jpeg 768w, https:\/\/radiorevelacionfm.cl\/wp-content\/uploads\/2024\/04\/foto-reu-delegado-1_optimized-1-705x396.jpeg 705w, https:\/\/radiorevelacionfm.cl\/wp-content\/uploads\/2024\/04\/foto-reu-delegado-1_optimized-1-450x253.jpeg 450w, https:\/\/radiorevelacionfm.cl\/wp-content\/uploads\/2024\/04\/foto-reu-delegado-1_optimized-1-600x337.jpeg 600w\" sizes=\"(max-width: 1067px) 100vw, 1067px\" \/><\/div><\/div><\/div><\/div><div class=\"flex_column av_one_full  flex_column_div av-zero-column-padding first  avia-builder-el-2  el_after_av_one_full  el_before_av_one_full  column-top-margin\" style='border-radius:0px; '><section class=\"av_textblock_section \"  itemscope=\"itemscope\" itemtype=\"https:\/\/schema.org\/BlogPosting\" itemprop=\"blogPost\" ><div class='avia_textblock  '   itemprop=\"text\" ><p style=\"text-align: center;\"><span style=\"font-size: 18pt;\"><b><span lang=\"ES\">Delegado Presidencial presentar\u00e1 de aqu\u00ed a diciembre antecedentes para evaluar mantener horario de verano en Ays\u00e9n<\/span><\/b><\/span><\/p>\n<div id=\"gtx-trans\" style=\"position: absolute; left: -50px; top: 4.31534px;\">\n<div class=\"gtx-trans-icon\"><\/div>\n<\/div>\n<\/div><\/section><\/div><div class=\"flex_column av_one_full  flex_column_div av-zero-column-padding first  avia-builder-el-4  el_after_av_one_full  el_before_av_hr  column-top-margin\" style='border-radius:0px; '><section class=\"av_textblock_section \"  itemscope=\"itemscope\" itemtype=\"https:\/\/schema.org\/BlogPosting\" itemprop=\"blogPost\" ><div class='avia_textblock  '   itemprop=\"text\" ><p style=\"font-weight: 400; text-align: justify;\">El diputado Miguel \u00c1ngel Calisto sigue insistiendo con la idea de mantener el horario de verano por todo el a\u00f1o en la regi\u00f3n de Ays\u00e9n, es por esto que se reuni\u00f3, junto con el Consejero Felipe Klein, con el Delegado Presidencial, Rodrigo Araya, a quien le solicit\u00f3 la presentaci\u00f3n de los estudios existentes y las realizaci\u00f3n de acciones de aqu\u00ed al mes de diciembre para determinar si el pr\u00f3ximo a\u00f1o se puede mantener este horario en la regi\u00f3n.<\/p>\n<p style=\"font-weight: 400; text-align: justify;\">A comienzos de marzo, el diputado impuls\u00f3 una campa\u00f1a para evitar el cambio al horario de invierno, la que reuni\u00f3 cerca de diez mil firmas.<\/p>\n<p style=\"font-weight: 400; text-align: justify;\">Seg\u00fan el legislador, \u201cel Gobierno determin\u00f3 cambiar la hora y pasar al horario de invierno. Nosotros en nuestra campa\u00f1a juntamos casi 10 mil firmas para que se mantuviera el horario de verano. Esto s\u00f3lo es atribuci\u00f3n del Gobierno, un parlamentario, el congreso, el Gobierno Regional o un municipio no pueden tomar esta decisi\u00f3n\u201d.<\/p>\n<p style=\"font-weight: 400; text-align: justify;\">\u201cSe requiere la iniciativa del Gobierno Central, del Ministerio del Interior. Por eso nosotros levantamos la campa\u00f1a, para que se tomen en cuenta los estudios que ya est\u00e1n sobre la mesa, sobre la importancia de contar con una hora luz d\u00eda en el invierno. Nosotros esperamos que de aqu\u00ed a diciembre, que fue lo que acordamos con el delegado, se hagan distintas acciones, estudios y conversaci\u00f3n con expertos, para poder determinar si el pr\u00f3ximo a\u00f1o se puede mantener el horario de verano\u201d, indic\u00f3.<\/p>\n<p style=\"font-weight: 400; text-align: justify;\">Calisto agreg\u00f3 que \u201cnosotros proponemos, pero es el gobierno el que va a tomar la decisi\u00f3n. Lo importante es que no se imponga una posici\u00f3n, sino que sea un proceso participativo. Nosotros vamos a apoyar para que se tome la mejor decisi\u00f3n en base a lo que digan los expertos y as\u00ed sea lo mejor para nuestra comunidad\u201d.<\/p>\n<p style=\"font-weight: 400; text-align: justify;\">Seg\u00fan William Mart\u00ednez, quien lidera un movimiento ciudadano que apela a mantener el horario de verano, \u201clo m\u00e1s importante es que se estipul\u00f3 una fecha para presentar estudios para determinar la posibilidad de mantener el horario de verano, esto ser\u00eda en diciembre. Si se hacen nuevos estudios, el plazo podr\u00eda ser m\u00e1s largo\u201d.<\/p>\n<p style=\"font-weight: 400; text-align: justify;\">\u201cTodos sabemos las complicaciones que se generan con el cambio de horario. Hay que circular m\u00e1s de noche, muchas veces con escarcha, lo que genera un problema de seguridad. Tambi\u00e9n se genera m\u00e1s contaminaci\u00f3n m\u00e1s temprano, tener una hora m\u00e1s de luz permitir\u00eda que la hora peak de contaminaci\u00f3n sea m\u00e1s tarde, lo que permitir\u00eda bajar los \u00edndices\u201d, se\u00f1al\u00f3.<\/p>\n<p style=\"font-weight: 400; text-align: justify;\">Finalmente, indic\u00f3 que \u201cla gente sale de noche al trabajo y vuelve de noche, lo mismo con los ni\u00f1os. No hay forma de tener actividades con familia al aire libre. Por eso estoy empujando esta causa generando redes y contactos para mantener el horario de verano en la regi\u00f3n de Ays\u00e9n\u201d.<\/p>\n<\/div><\/section><\/div><div  style='height:50px' class='hr hr-invisible   avia-builder-el-6  el_after_av_one_full  el_before_av_social_share '><span class='hr-inner ' ><span class='hr-inner-style'><\/span><\/span><\/div><\/p>\n<div  class='av-social-sharing-box  avia-builder-el-7  el_after_av_hr  el_before_av_hr  '><div class='av-share-box'><h5 class='av-share-link-description av-no-toc '>Compartir esta noticia<\/h5><ul class='av-share-box-list noLightbox'><li class='av-share-link av-social-link-facebook' ><a target=\"_blank\" aria-label=\"Compartir en Facebook\" href='https:\/\/www.facebook.com\/sharer.php?u=https:\/\/radiorevelacionfm.cl\/?p=41273&#038;t=Delegado%20Presidencial%20presentar%C3%A1%20de%20aqu%C3%AD%20a%20diciembre%20antecedentes%20para%20evaluar%20mantener%20horario%20de%20verano%20en%20Ays%C3%A9n' aria-hidden='false' data-av_icon='\ue8f3' data-av_iconfont='entypo-fontello' title='' data-avia-related-tooltip='Compartir en Facebook' rel=\"noopener\"><span class='avia_hidden_link_text'>Compartir en Facebook<\/span><\/a><\/li><li class='av-share-link av-social-link-twitter' ><a target=\"_blank\" aria-label=\"Compartir en Twitter\" href='https:\/\/twitter.com\/share?text=Delegado%20Presidencial%20presentar%C3%A1%20de%20aqu%C3%AD%20a%20diciembre%20antecedentes%20para%20evaluar%20mantener%20horario%20de%20verano%20en%20Ays%C3%A9n&#038;url=https:\/\/radiorevelacionfm.cl\/?p=41273' aria-hidden='false' data-av_icon='\ue8f1' data-av_iconfont='entypo-fontello' title='' data-avia-related-tooltip='Compartir en Twitter' rel=\"noopener\"><span class='avia_hidden_link_text'>Compartir en Twitter<\/span><\/a><\/li><li class='av-share-link av-social-link-whatsapp' ><a target=\"_blank\" aria-label=\"Compartir en Whatsapp\" href='https:\/\/api.whatsapp.com\/send?text=https:\/\/radiorevelacionfm.cl\/?p=41273' aria-hidden='false' data-av_icon='\uf232' data-av_iconfont='entypo-fontello' title='' data-avia-related-tooltip='Compartir en Whatsapp' rel=\"noopener\"><span class='avia_hidden_link_text'>Compartir en Whatsapp<\/span><\/a><\/li><li class='av-share-link av-social-link-linkedin' ><a target=\"_blank\" aria-label=\"Compartir en LinkedIn\" href='https:\/\/linkedin.com\/shareArticle?mini=true&#038;title=Delegado%20Presidencial%20presentar%C3%A1%20de%20aqu%C3%AD%20a%20diciembre%20antecedentes%20para%20evaluar%20mantener%20horario%20de%20verano%20en%20Ays%C3%A9n&#038;url=https:\/\/radiorevelacionfm.cl\/?p=41273' aria-hidden='false' data-av_icon='\ue8fc' data-av_iconfont='entypo-fontello' title='' data-avia-related-tooltip='Compartir en LinkedIn' rel=\"noopener\"><span class='avia_hidden_link_text'>Compartir en LinkedIn<\/span><\/a><\/li><li class='av-share-link av-social-link-mail' ><a  aria-label=\"Compartir por correo\" href='mailto:?subject=Delegado%20Presidencial%20presentar%C3%A1%20de%20aqu%C3%AD%20a%20diciembre%20antecedentes%20para%20evaluar%20mantener%20horario%20de%20verano%20en%20Ays%C3%A9n&#038;body=https:\/\/radiorevelacionfm.cl\/?p=41273' aria-hidden='false' data-av_icon='\ue805' data-av_iconfont='entypo-fontello' title='' data-avia-related-tooltip='Compartir por correo'><span class='avia_hidden_link_text'>Compartir por correo<\/span><\/a><\/li><\/ul><\/div><\/div>\n<div  style='height:50px' class='hr hr-invisible   avia-builder-el-8  el_after_av_social_share  el_before_av_comments_list '><span class='hr-inner ' ><span class='hr-inner-style'><\/span><\/span><\/div>\n<div  class='av-buildercomment  av-blog-meta-html-info-disabled av-blog-meta-tag-disabled  '><\/div>\n","protected":false},"excerpt":{"rendered":"","protected":false},"author":1,"featured_media":41274,"comment_status":"open","ping_status":"open","sticky":false,"template":"","format":"standard","meta":{"footnotes":""},"categories":[38],"tags":[],"class_list":["post-41273","post","type-post","status-publish","format-standard","has-post-thumbnail","hentry","category-regional"],"jetpack_featured_media_url":"https:\/\/radiorevelacionfm.cl\/wp-content\/uploads\/2024\/04\/foto-reu-delegado-1_optimized-1.jpeg","_links":{"self":[{"href":"https:\/\/radiorevelacionfm.cl\/index.php?rest_route=\/wp\/v2\/posts\/41273","targetHints":{"allow":["GET"]}}],"collection":[{"href":"https:\/\/radiorevelacionfm.cl\/index.php?rest_route=\/wp\/v2\/posts"}],"about":[{"href":"https:\/\/radiorevelacionfm.cl\/index.php?rest_route=\/wp\/v2\/types\/post"}],"author":[{"embeddable":true,"href":"https:\/\/radiorevelacionfm.cl\/index.php?rest_route=\/wp\/v2\/users\/1"}],"replies":[{"embeddable":true,"href":"https:\/\/radiorevelacionfm.cl\/index.php?rest_route=%2Fwp%2Fv2%2Fcomments&post=41273"}],"version-history":[{"count":1,"href":"https:\/\/radiorevelacionfm.cl\/index.php?rest_route=\/wp\/v2\/posts\/41273\/revisions"}],"predecessor-version":[{"id":41275,"href":"https:\/\/radiorevelacionfm.cl\/index.php?rest_route=\/wp\/v2\/posts\/41273\/revisions\/41275"}],"wp:featuredmedia":[{"embeddable":true,"href":"https:\/\/radiorevelacionfm.cl\/index.php?rest_route=\/wp\/v2\/media\/41274"}],"wp:attachment":[{"href":"https:\/\/radiorevelacionfm.cl\/index.php?rest_route=%2Fwp%2Fv2%2Fmedia&parent=41273"}],"wp:term":[{"taxonomy":"category","embeddable":true,"href":"https:\/\/radiorevelacionfm.cl\/index.php?rest_route=%2Fwp%2Fv2%2Fcategories&post=41273"},{"taxonomy":"post_tag","embeddable":true,"href":"https:\/\/radiorevelacionfm.cl\/index.php?rest_route=%2Fwp%2Fv2%2Ftags&post=41273"}],"curies":[{"name":"wp","href":"https:\/\/api.w.org\/{rel}","templated":true}]}}