{"id":4127,"date":"2021-05-13T14:54:36","date_gmt":"2021-05-13T17:54:36","guid":{"rendered":"https:\/\/radiorevelacionfm.cl\/?p=4127"},"modified":"2021-05-13T14:54:36","modified_gmt":"2021-05-13T17:54:36","slug":"aprueban-recursos-para-iniciativa-mejoramiento-fachada-escuela-litoral-austral-en-puerto-aysen","status":"publish","type":"post","link":"https:\/\/radiorevelacionfm.cl\/?p=4127","title":{"rendered":"Aprueban recursos para iniciativa \u00abMejoramiento fachada escuela Litoral Austral\u00bb en Puerto Ays\u00e9n"},"content":{"rendered":"<div class=\"flex_column av_one_full  flex_column_div av-zero-column-padding first  avia-builder-el-0  el_before_av_one_full  avia-builder-el-first  \" style='border-radius:0px; '><div  class='avia-image-container  av-styling-    avia-builder-el-1  avia-builder-el-no-sibling  avia-align-center '  itemprop=\"image\" itemscope=\"itemscope\" itemtype=\"https:\/\/schema.org\/ImageObject\"  ><div class='avia-image-container-inner'><div class='avia-image-overlay-wrap'><img decoding=\"async\" class='wp-image-4128 avia-img-lazy-loading-not-4128 avia_image' src=\"https:\/\/radiorevelacionfm.cl\/wp-content\/uploads\/2021\/05\/Escuela_1-1-1.jpg\" alt='' title='Escuela_1 (1) (1)' height=\"600\" width=\"1299\"  itemprop=\"thumbnailUrl\" srcset=\"https:\/\/radiorevelacionfm.cl\/wp-content\/uploads\/2021\/05\/Escuela_1-1-1.jpg 1299w, https:\/\/radiorevelacionfm.cl\/wp-content\/uploads\/2021\/05\/Escuela_1-1-1-300x139.jpg 300w, https:\/\/radiorevelacionfm.cl\/wp-content\/uploads\/2021\/05\/Escuela_1-1-1-1030x476.jpg 1030w, https:\/\/radiorevelacionfm.cl\/wp-content\/uploads\/2021\/05\/Escuela_1-1-1-768x355.jpg 768w, https:\/\/radiorevelacionfm.cl\/wp-content\/uploads\/2021\/05\/Escuela_1-1-1-705x326.jpg 705w, https:\/\/radiorevelacionfm.cl\/wp-content\/uploads\/2021\/05\/Escuela_1-1-1-600x277.jpg 600w\" sizes=\"(max-width: 1299px) 100vw, 1299px\" \/><\/div><\/div><\/div><\/div><div class=\"flex_column av_one_full  flex_column_div av-zero-column-padding first  avia-builder-el-2  el_after_av_one_full  el_before_av_one_full  column-top-margin\" style='border-radius:0px; '><section class=\"av_textblock_section \"  itemscope=\"itemscope\" itemtype=\"https:\/\/schema.org\/BlogPosting\" itemprop=\"blogPost\" ><div class='avia_textblock  '   itemprop=\"text\" ><p style=\"text-align: center;\"><strong><span style=\"font-size: 18pt;\">Aprueban recursos para iniciativa \u00abMejoramiento fachada escuela Litoral Austral\u00bb en Puerto Ays\u00e9n<\/span><\/strong><\/p>\n<div id=\"gtx-trans\" style=\"position: absolute; left: -50px; top: 4.31534px;\">\n<div class=\"gtx-trans-icon\"><\/div>\n<\/div>\n<\/div><\/section><\/div><div class=\"flex_column av_one_full  flex_column_div av-zero-column-padding first  avia-builder-el-4  el_after_av_one_full  el_before_av_hr  column-top-margin\" style='border-radius:0px; '><section class=\"av_textblock_section \"  itemscope=\"itemscope\" itemtype=\"https:\/\/schema.org\/BlogPosting\" itemprop=\"blogPost\" ><div class='avia_textblock  '   itemprop=\"text\" ><p style=\"text-align: justify;\">A ello se suma el proyecto de conservaci\u00f3n en esta escuela, el cual se encuentra en proceso de contrataci\u00f3n y que en total significa alrededor de 100 millones de pesos de inversi\u00f3n en este establecimiento educacional aysenino.<\/p>\n<p style=\"text-align: justify;\">Como saldar una deuda pendiente para con la comunidad educativa de la escuela Litoral Austral calific\u00f3 el director de Educaci\u00f3n Municipal de Ays\u00e9n, Gonzalo Vargas, la reciente aprobaci\u00f3n de recursos para el Mejoramiento de Fachada de este establecimiento educacional en Puerto Ays\u00e9n.<\/p>\n<p style=\"text-align: justify;\">Instancia que fue dada a conocer por el encargado de la unidad regional de la Subsecretar\u00eda de Desarrollo Regional, SUBDERE, Sebasti\u00e1n Ponce quien, acompa\u00f1ado por la alcaldesa (s), Felisa Ojeda, arrib\u00f3 hasta el recinto estudiantil donde sorprendi\u00f3 a la comunidad educativa, encabezada por su director, Carlos Alarc\u00f3n.<\/p>\n<p style=\"text-align: justify;\">\u201cHace mucho tiempo que est\u00e1bamos anhelando este proyecto porque nuestra fachada no est\u00e1 en las condiciones m\u00e1s adecuadas, y era el sentir de todos en la escuela. De los ni\u00f1os, los funcionarios, siempre est\u00e1bamos pensando y conversando respecto al tema. Los d\u00edas anteriores grabamos un baile de los funcionarios desde el frontis y se ve\u00eda la escuelita bien fea, la verdad. El baile espectacular para saludar a los ni\u00f1os, pero no se ve\u00eda bien nuestro establecimiento, as\u00ed que muy contento con esta noticia\u201d, se\u00f1al\u00f3 el directivo agregando que \u201cquiero agradecer a nuestra direcci\u00f3n de educaci\u00f3n municipal, nuestro acalde, la se\u00f1ora Felisa y a SUBDERE porque hacen posible esta aprobaci\u00f3n que nos permitir\u00e1 concluir aquello que tanto anhel\u00e1bamos\u201d.<\/p>\n<p style=\"text-align: justify;\">La iniciativa presentada por el equipo de profesionales de la unidad de Proyectos de la Direcci\u00f3n de Educaci\u00f3n, por un monto de $60 millones, pretende conservar el revestimiento exterior del establecimiento mediante la instalaci\u00f3n de planchas de acero prepintado, as\u00ed como el refuerzo de la estructura de muros para incorporar aislaci\u00f3n t\u00e9rmica en salas de clases. Ello incluye, adem\u00e1s, cambio de aleros, tapacanes, canaletas, bajadas de agua lluvia y hojalater\u00eda en general. Intervenci\u00f3n que permitir\u00e1 mejorar las condiciones de infraestructura y habitabilidad en pos de generar espacios adecuados para los estudiantes.<\/p>\n<p style=\"text-align: justify;\"><strong>Conservaci\u00f3n Escuela Litoral Austral, Ays\u00e9n<\/strong><\/p>\n<p style=\"text-align: justify;\">\u201cA esto se suma un proyecto por m\u00e1s de 30 millones de pesos que va a permitir reparar los ba\u00f1os existentes en el establecimiento a trav\u00e9s de fondos COVID, por lo cual, son casi 100 millones de pesos en total los que se van a estar invirtiendo en los pr\u00f3ximos meses en esto que es una realidad. Con esta resoluci\u00f3n podemos comenzar el proceso licitatorio as\u00ed que ahora est\u00e1 en nosotros sacar lo m\u00e1s r\u00e1pido posible la obra en gesti\u00f3n\u201d, indic\u00f3 el director DEM, Gonzalo Vargas.<\/p>\n<p style=\"text-align: justify;\">Al respecto, dicha instancia -denominada \u00abConservaci\u00f3n Escuela Litoral Austral, Ays\u00e9n\u00bb-, se encuentra en proceso de contrataci\u00f3n y permitir\u00e1 la adquisici\u00f3n de\u00a0equipamiento y la adecuaci\u00f3n de espacios necesarios en el proceso progresivo del retorno a clases. De esta manera la iniciativa, desarrollada por la Unidad T\u00e9cnica de la Direcci\u00f3n de Educaci\u00f3n Municipal, considera el mejoramiento total de servicios higi\u00e9nicos de estudiantes, en primer y segundo piso, adem\u00e1s de la habilitaci\u00f3n de ba\u00f1os de uso universal, la implementaci\u00f3n de purificadores de aire en salas de clases, y la instalaci\u00f3n de lavamanos port\u00e1tiles para cada nivel, permitiendo entregar un espacio con las condiciones sanitarias adecuadas para enfrentar la crisis sanitaria.<\/p>\n<\/div><\/section><\/div><div  style='height:50px' class='hr hr-invisible   avia-builder-el-6  el_after_av_one_full  el_before_av_social_share '><span class='hr-inner ' ><span class='hr-inner-style'><\/span><\/span><\/div><\/p>\n<div  class='av-social-sharing-box  avia-builder-el-7  el_after_av_hr  el_before_av_hr  '><div class='av-share-box'><h5 class='av-share-link-description av-no-toc '>Compartir esta noticia<\/h5><ul class='av-share-box-list noLightbox'><li class='av-share-link av-social-link-facebook' ><a target=\"_blank\" aria-label=\"Compartir en Facebook\" href='https:\/\/www.facebook.com\/sharer.php?u=https:\/\/radiorevelacionfm.cl\/?p=4127&#038;t=Aprueban%20recursos%20para%20iniciativa%20%C2%ABMejoramiento%20fachada%20escuela%20Litoral%20Austral%C2%BB%20en%20Puerto%20Ays%C3%A9n' aria-hidden='false' data-av_icon='\ue8f3' data-av_iconfont='entypo-fontello' title='' data-avia-related-tooltip='Compartir en Facebook' rel=\"noopener\"><span class='avia_hidden_link_text'>Compartir en Facebook<\/span><\/a><\/li><li class='av-share-link av-social-link-twitter' ><a target=\"_blank\" aria-label=\"Compartir en Twitter\" href='https:\/\/twitter.com\/share?text=Aprueban%20recursos%20para%20iniciativa%20%C2%ABMejoramiento%20fachada%20escuela%20Litoral%20Austral%C2%BB%20en%20Puerto%20Ays%C3%A9n&#038;url=https:\/\/radiorevelacionfm.cl\/?p=4127' aria-hidden='false' data-av_icon='\ue8f1' data-av_iconfont='entypo-fontello' title='' data-avia-related-tooltip='Compartir en Twitter' rel=\"noopener\"><span class='avia_hidden_link_text'>Compartir en Twitter<\/span><\/a><\/li><li class='av-share-link av-social-link-whatsapp' ><a target=\"_blank\" aria-label=\"Compartir en Whatsapp\" href='https:\/\/api.whatsapp.com\/send?text=https:\/\/radiorevelacionfm.cl\/?p=4127' aria-hidden='false' data-av_icon='\uf232' data-av_iconfont='entypo-fontello' title='' data-avia-related-tooltip='Compartir en Whatsapp' rel=\"noopener\"><span class='avia_hidden_link_text'>Compartir en Whatsapp<\/span><\/a><\/li><li class='av-share-link av-social-link-linkedin' ><a target=\"_blank\" aria-label=\"Compartir en LinkedIn\" href='https:\/\/linkedin.com\/shareArticle?mini=true&#038;title=Aprueban%20recursos%20para%20iniciativa%20%C2%ABMejoramiento%20fachada%20escuela%20Litoral%20Austral%C2%BB%20en%20Puerto%20Ays%C3%A9n&#038;url=https:\/\/radiorevelacionfm.cl\/?p=4127' aria-hidden='false' data-av_icon='\ue8fc' data-av_iconfont='entypo-fontello' title='' data-avia-related-tooltip='Compartir en LinkedIn' rel=\"noopener\"><span class='avia_hidden_link_text'>Compartir en LinkedIn<\/span><\/a><\/li><li class='av-share-link av-social-link-mail' ><a  aria-label=\"Compartir por correo\" href='mailto:?subject=Aprueban%20recursos%20para%20iniciativa%20%C2%ABMejoramiento%20fachada%20escuela%20Litoral%20Austral%C2%BB%20en%20Puerto%20Ays%C3%A9n&#038;body=https:\/\/radiorevelacionfm.cl\/?p=4127' aria-hidden='false' data-av_icon='\ue805' data-av_iconfont='entypo-fontello' title='' data-avia-related-tooltip='Compartir por correo'><span class='avia_hidden_link_text'>Compartir por correo<\/span><\/a><\/li><\/ul><\/div><\/div>\n<div  style='height:50px' class='hr hr-invisible   avia-builder-el-8  el_after_av_social_share  el_before_av_comments_list '><span class='hr-inner ' ><span class='hr-inner-style'><\/span><\/span><\/div>\n<div  class='av-buildercomment  av-blog-meta-html-info-disabled av-blog-meta-tag-disabled  '><\/div>\n","protected":false},"excerpt":{"rendered":"","protected":false},"author":1,"featured_media":4128,"comment_status":"open","ping_status":"open","sticky":false,"template":"","format":"standard","meta":{"footnotes":""},"categories":[49],"tags":[],"class_list":["post-4127","post","type-post","status-publish","format-standard","has-post-thumbnail","hentry","category-educacion"],"jetpack_featured_media_url":"https:\/\/radiorevelacionfm.cl\/wp-content\/uploads\/2021\/05\/Escuela_1-1-1.jpg","_links":{"self":[{"href":"https:\/\/radiorevelacionfm.cl\/index.php?rest_route=\/wp\/v2\/posts\/4127","targetHints":{"allow":["GET"]}}],"collection":[{"href":"https:\/\/radiorevelacionfm.cl\/index.php?rest_route=\/wp\/v2\/posts"}],"about":[{"href":"https:\/\/radiorevelacionfm.cl\/index.php?rest_route=\/wp\/v2\/types\/post"}],"author":[{"embeddable":true,"href":"https:\/\/radiorevelacionfm.cl\/index.php?rest_route=\/wp\/v2\/users\/1"}],"replies":[{"embeddable":true,"href":"https:\/\/radiorevelacionfm.cl\/index.php?rest_route=%2Fwp%2Fv2%2Fcomments&post=4127"}],"version-history":[{"count":1,"href":"https:\/\/radiorevelacionfm.cl\/index.php?rest_route=\/wp\/v2\/posts\/4127\/revisions"}],"predecessor-version":[{"id":4129,"href":"https:\/\/radiorevelacionfm.cl\/index.php?rest_route=\/wp\/v2\/posts\/4127\/revisions\/4129"}],"wp:featuredmedia":[{"embeddable":true,"href":"https:\/\/radiorevelacionfm.cl\/index.php?rest_route=\/wp\/v2\/media\/4128"}],"wp:attachment":[{"href":"https:\/\/radiorevelacionfm.cl\/index.php?rest_route=%2Fwp%2Fv2%2Fmedia&parent=4127"}],"wp:term":[{"taxonomy":"category","embeddable":true,"href":"https:\/\/radiorevelacionfm.cl\/index.php?rest_route=%2Fwp%2Fv2%2Fcategories&post=4127"},{"taxonomy":"post_tag","embeddable":true,"href":"https:\/\/radiorevelacionfm.cl\/index.php?rest_route=%2Fwp%2Fv2%2Ftags&post=4127"}],"curies":[{"name":"wp","href":"https:\/\/api.w.org\/{rel}","templated":true}]}}