{"id":41267,"date":"2024-04-14T22:36:49","date_gmt":"2024-04-15T01:36:49","guid":{"rendered":"https:\/\/radiorevelacionfm.cl\/?p=41267"},"modified":"2024-04-14T22:36:49","modified_gmt":"2024-04-15T01:36:49","slug":"gobernadora-macias-hace-llamado-a-mejorar-dialogo-politico-he-sido-testigo-de-que-se-puede-avanzar-de-manera-colaborativa","status":"publish","type":"post","link":"https:\/\/radiorevelacionfm.cl\/?p=41267","title":{"rendered":"Gobernadora Mac\u00edas hace llamado a mejorar di\u00e1logo pol\u00edtico: \u00abHe sido testigo de que se puede avanzar de manera colaborativa\u00bb"},"content":{"rendered":"<div class=\"flex_column av_one_full  flex_column_div av-zero-column-padding first  avia-builder-el-0  el_before_av_one_full  avia-builder-el-first  \" style='border-radius:0px; '><div  class='avia-image-container  av-styling-    avia-builder-el-1  avia-builder-el-no-sibling  avia-align-center '  itemprop=\"image\" itemscope=\"itemscope\" itemtype=\"https:\/\/schema.org\/ImageObject\"  ><div class='avia-image-container-inner'><div class='avia-image-overlay-wrap'><img decoding=\"async\" class='wp-image-41268 avia-img-lazy-loading-not-41268 avia_image' src=\"https:\/\/radiorevelacionfm.cl\/wp-content\/uploads\/2024\/04\/WhatsApp-Image-2024-04-14-at-10.03.01-AM-1-1.jpeg\" alt='' title='WhatsApp Image 2024-04-14 at 10.03.01 AM (1) (1)' height=\"600\" width=\"1067\"  itemprop=\"thumbnailUrl\" srcset=\"https:\/\/radiorevelacionfm.cl\/wp-content\/uploads\/2024\/04\/WhatsApp-Image-2024-04-14-at-10.03.01-AM-1-1.jpeg 1067w, https:\/\/radiorevelacionfm.cl\/wp-content\/uploads\/2024\/04\/WhatsApp-Image-2024-04-14-at-10.03.01-AM-1-1-300x169.jpeg 300w, https:\/\/radiorevelacionfm.cl\/wp-content\/uploads\/2024\/04\/WhatsApp-Image-2024-04-14-at-10.03.01-AM-1-1-1030x579.jpeg 1030w, https:\/\/radiorevelacionfm.cl\/wp-content\/uploads\/2024\/04\/WhatsApp-Image-2024-04-14-at-10.03.01-AM-1-1-768x432.jpeg 768w, https:\/\/radiorevelacionfm.cl\/wp-content\/uploads\/2024\/04\/WhatsApp-Image-2024-04-14-at-10.03.01-AM-1-1-705x396.jpeg 705w, https:\/\/radiorevelacionfm.cl\/wp-content\/uploads\/2024\/04\/WhatsApp-Image-2024-04-14-at-10.03.01-AM-1-1-450x253.jpeg 450w, https:\/\/radiorevelacionfm.cl\/wp-content\/uploads\/2024\/04\/WhatsApp-Image-2024-04-14-at-10.03.01-AM-1-1-600x337.jpeg 600w\" sizes=\"(max-width: 1067px) 100vw, 1067px\" \/><\/div><\/div><\/div><\/div><div class=\"flex_column av_one_full  flex_column_div av-zero-column-padding first  avia-builder-el-2  el_after_av_one_full  el_before_av_one_full  column-top-margin\" style='border-radius:0px; '><section class=\"av_textblock_section \"  itemscope=\"itemscope\" itemtype=\"https:\/\/schema.org\/BlogPosting\" itemprop=\"blogPost\" ><div class='avia_textblock  '   itemprop=\"text\" ><p style=\"text-align: center;\"><strong><span style=\"font-size: 18pt;\">Gobernadora Mac\u00edas hace llamado a mejorar di\u00e1logo pol\u00edtico: \u00abHe sido testigo de que se puede avanzar de manera colaborativa\u00bb<\/span><\/strong><\/p>\n<div id=\"gtx-trans\" style=\"position: absolute; left: -50px; top: 4.31534px;\">\n<div class=\"gtx-trans-icon\"><\/div>\n<\/div>\n<\/div><\/section><\/div><div class=\"flex_column av_one_full  flex_column_div av-zero-column-padding first  avia-builder-el-4  el_after_av_one_full  el_before_av_hr  column-top-margin\" style='border-radius:0px; '><section class=\"av_textblock_section \"  itemscope=\"itemscope\" itemtype=\"https:\/\/schema.org\/BlogPosting\" itemprop=\"blogPost\" ><div class='avia_textblock  '   itemprop=\"text\" ><p dir=\"ltr\" style=\"text-align: justify;\">La Gobernadora Regional Andrea Mac\u00edas Palma hizo un sentido llamado a los distintos sectores pol\u00edticos a mejorar el di\u00e1logo y el trabajo en instituciones y cuerpos colegiados mediante la colaboraci\u00f3n y a no permitir que el clima de a\u00f1o electoral entrampe el desarrollo de la Regi\u00f3n de Ays\u00e9n.<\/p>\n<p dir=\"ltr\" style=\"text-align: justify;\">La primera autoridad pol\u00edtica de la Regi\u00f3n asegur\u00f3 percibir un \u00abambiente bastante hostil\u00bb al tratarse de este un a\u00f1o de campa\u00f1as pol\u00edticas en que diversos sectores disputar\u00e1n las alcald\u00edas, sus concejos, el Gobierno Regional y su Consejo.<\/p>\n<p dir=\"ltr\" style=\"text-align: justify;\">Ante esto \u00abes importante poder hacer un llamado a todos los sectores pol\u00edticos a poder seguir trabajando, a no perder el objetivo com\u00fan que tiene que ver con avanzar en el Desarrollo Regional con poder avanzar en resolver aquellos problemas, aquellas demandas que tiene la ciudadan\u00eda y para ello es fundamental que todos los sectores podamos dialogar de manera colaborativa\u00bb.<\/p>\n<p dir=\"ltr\" style=\"text-align: justify;\">La Gobernadora Mac\u00edas afirm\u00f3 que la administraci\u00f3n que dirige ha sorteado diversos obst\u00e1culos, como la propia instalaci\u00f3n del primer Ejecutivo regional democr\u00e1ticamente electo y el avance del proceso de descentralizaci\u00f3n, pero adem\u00e1s dificultades internacionales como lo fueron las consecuencias econ\u00f3micas de la pandemia y de los \u00faltimos conflictos armados.<\/p>\n<p dir=\"ltr\" style=\"text-align: justify;\">Para continuar enfrentando desaf\u00edos y adversidades que vengan desde afuera, la jefa del Ejecutivo Regional de Ays\u00e9n asegur\u00f3 que se deben priorizar los intereses comunes en todos los sectores pol\u00edticos.<\/p>\n<p dir=\"ltr\" style=\"text-align: justify;\">\u00abEn el Consejo Regional hemos enfrentado muchas veces una oposici\u00f3n que m\u00e1s bien obstruye el avance de iniciativas y la planificaci\u00f3n que tiene la administraci\u00f3n, pero tambi\u00e9n uno debe ser justo y decir que en lo personal he sido testigo de que se puede avanzar de manera colaborativa (&#8230;) hemos dado muestras de que cuando somos capaces de poner los intereses de la regi\u00f3n por delante nos va mucho mejor que cuando nos enfrascamos en intereses individuales, mezquinos, O que est\u00e9n entintados por cualquier otro tipo de sentimiento, de emoci\u00f3n, O de proceso que Est\u00e9 viviendo.<\/p>\n<p dir=\"ltr\" style=\"text-align: justify;\">Seg\u00fan Mac\u00edas, son muestra de aquello la aprobaci\u00f3n los programas de Fomento Productivo que han ido en apoyo a las peque\u00f1as y medianas empresas la regi\u00f3n o la aprobaci\u00f3n del marco FRIL, que se traduce en proyectos que no solo le cambian la cara a le cambian la cara a las ciudades y localidades, sino que adem\u00e1s mueven la econom\u00eda local.<\/p>\n<p dir=\"ltr\" style=\"text-align: justify;\">La Gobernadora Regional manifest\u00f3 que conf\u00eda en que su llamado no encontrar\u00e1 o\u00eddos sordos del otro lado y que tanto en la oposici\u00f3n como en el oficialismo hay \u00abquienes deseamos darle una mejor calidad de vida a todas las comunidades, a todas las personas en el litoral, en el campo y en la ciudad\u00bb.<\/p>\n<\/div><\/section><\/div><div  style='height:50px' class='hr hr-invisible   avia-builder-el-6  el_after_av_one_full  el_before_av_social_share '><span class='hr-inner ' ><span class='hr-inner-style'><\/span><\/span><\/div><\/p>\n<div  class='av-social-sharing-box  avia-builder-el-7  el_after_av_hr  el_before_av_hr  '><div class='av-share-box'><h5 class='av-share-link-description av-no-toc '>Compartir esta noticia<\/h5><ul class='av-share-box-list noLightbox'><li class='av-share-link av-social-link-facebook' ><a target=\"_blank\" aria-label=\"Compartir en Facebook\" href='https:\/\/www.facebook.com\/sharer.php?u=https:\/\/radiorevelacionfm.cl\/?p=41267&#038;t=Gobernadora%20Mac%C3%ADas%20hace%20llamado%20a%20mejorar%20di%C3%A1logo%20pol%C3%ADtico%3A%20%C2%ABHe%20sido%20testigo%20de%20que%20se%20puede%20avanzar%20de%20manera%20colaborativa%C2%BB' aria-hidden='false' data-av_icon='\ue8f3' data-av_iconfont='entypo-fontello' title='' data-avia-related-tooltip='Compartir en Facebook' rel=\"noopener\"><span class='avia_hidden_link_text'>Compartir en Facebook<\/span><\/a><\/li><li class='av-share-link av-social-link-twitter' ><a target=\"_blank\" aria-label=\"Compartir en Twitter\" href='https:\/\/twitter.com\/share?text=Gobernadora%20Mac%C3%ADas%20hace%20llamado%20a%20mejorar%20di%C3%A1logo%20pol%C3%ADtico%3A%20%C2%ABHe%20sido%20testigo%20de%20que%20se%20puede%20avanzar%20de%20manera%20colaborativa%C2%BB&#038;url=https:\/\/radiorevelacionfm.cl\/?p=41267' aria-hidden='false' data-av_icon='\ue8f1' data-av_iconfont='entypo-fontello' title='' data-avia-related-tooltip='Compartir en Twitter' rel=\"noopener\"><span class='avia_hidden_link_text'>Compartir en Twitter<\/span><\/a><\/li><li class='av-share-link av-social-link-whatsapp' ><a target=\"_blank\" aria-label=\"Compartir en Whatsapp\" href='https:\/\/api.whatsapp.com\/send?text=https:\/\/radiorevelacionfm.cl\/?p=41267' aria-hidden='false' data-av_icon='\uf232' data-av_iconfont='entypo-fontello' title='' data-avia-related-tooltip='Compartir en Whatsapp' rel=\"noopener\"><span class='avia_hidden_link_text'>Compartir en Whatsapp<\/span><\/a><\/li><li class='av-share-link av-social-link-linkedin' ><a target=\"_blank\" aria-label=\"Compartir en LinkedIn\" href='https:\/\/linkedin.com\/shareArticle?mini=true&#038;title=Gobernadora%20Mac%C3%ADas%20hace%20llamado%20a%20mejorar%20di%C3%A1logo%20pol%C3%ADtico%3A%20%C2%ABHe%20sido%20testigo%20de%20que%20se%20puede%20avanzar%20de%20manera%20colaborativa%C2%BB&#038;url=https:\/\/radiorevelacionfm.cl\/?p=41267' aria-hidden='false' data-av_icon='\ue8fc' data-av_iconfont='entypo-fontello' title='' data-avia-related-tooltip='Compartir en LinkedIn' rel=\"noopener\"><span class='avia_hidden_link_text'>Compartir en LinkedIn<\/span><\/a><\/li><li class='av-share-link av-social-link-mail' ><a  aria-label=\"Compartir por correo\" href='mailto:?subject=Gobernadora%20Mac%C3%ADas%20hace%20llamado%20a%20mejorar%20di%C3%A1logo%20pol%C3%ADtico%3A%20%C2%ABHe%20sido%20testigo%20de%20que%20se%20puede%20avanzar%20de%20manera%20colaborativa%C2%BB&#038;body=https:\/\/radiorevelacionfm.cl\/?p=41267' aria-hidden='false' data-av_icon='\ue805' data-av_iconfont='entypo-fontello' title='' data-avia-related-tooltip='Compartir por correo'><span class='avia_hidden_link_text'>Compartir por correo<\/span><\/a><\/li><\/ul><\/div><\/div>\n<div  style='height:50px' class='hr hr-invisible   avia-builder-el-8  el_after_av_social_share  el_before_av_comments_list '><span class='hr-inner ' ><span class='hr-inner-style'><\/span><\/span><\/div>\n<div  class='av-buildercomment  av-blog-meta-html-info-disabled av-blog-meta-tag-disabled  '><\/div>\n","protected":false},"excerpt":{"rendered":"","protected":false},"author":1,"featured_media":41268,"comment_status":"open","ping_status":"open","sticky":false,"template":"","format":"standard","meta":{"footnotes":""},"categories":[38],"tags":[],"class_list":["post-41267","post","type-post","status-publish","format-standard","has-post-thumbnail","hentry","category-regional"],"jetpack_featured_media_url":"https:\/\/radiorevelacionfm.cl\/wp-content\/uploads\/2024\/04\/WhatsApp-Image-2024-04-14-at-10.03.01-AM-1-1.jpeg","_links":{"self":[{"href":"https:\/\/radiorevelacionfm.cl\/index.php?rest_route=\/wp\/v2\/posts\/41267","targetHints":{"allow":["GET"]}}],"collection":[{"href":"https:\/\/radiorevelacionfm.cl\/index.php?rest_route=\/wp\/v2\/posts"}],"about":[{"href":"https:\/\/radiorevelacionfm.cl\/index.php?rest_route=\/wp\/v2\/types\/post"}],"author":[{"embeddable":true,"href":"https:\/\/radiorevelacionfm.cl\/index.php?rest_route=\/wp\/v2\/users\/1"}],"replies":[{"embeddable":true,"href":"https:\/\/radiorevelacionfm.cl\/index.php?rest_route=%2Fwp%2Fv2%2Fcomments&post=41267"}],"version-history":[{"count":1,"href":"https:\/\/radiorevelacionfm.cl\/index.php?rest_route=\/wp\/v2\/posts\/41267\/revisions"}],"predecessor-version":[{"id":41269,"href":"https:\/\/radiorevelacionfm.cl\/index.php?rest_route=\/wp\/v2\/posts\/41267\/revisions\/41269"}],"wp:featuredmedia":[{"embeddable":true,"href":"https:\/\/radiorevelacionfm.cl\/index.php?rest_route=\/wp\/v2\/media\/41268"}],"wp:attachment":[{"href":"https:\/\/radiorevelacionfm.cl\/index.php?rest_route=%2Fwp%2Fv2%2Fmedia&parent=41267"}],"wp:term":[{"taxonomy":"category","embeddable":true,"href":"https:\/\/radiorevelacionfm.cl\/index.php?rest_route=%2Fwp%2Fv2%2Fcategories&post=41267"},{"taxonomy":"post_tag","embeddable":true,"href":"https:\/\/radiorevelacionfm.cl\/index.php?rest_route=%2Fwp%2Fv2%2Ftags&post=41267"}],"curies":[{"name":"wp","href":"https:\/\/api.w.org\/{rel}","templated":true}]}}