{"id":41265,"date":"2024-04-15T15:52:31","date_gmt":"2024-04-15T18:52:31","guid":{"rendered":"https:\/\/radiorevelacionfm.cl\/?p=41265"},"modified":"2024-04-15T15:52:31","modified_gmt":"2024-04-15T18:52:31","slug":"seremi-de-mineria-se-reune-con-diputados-para-darles-a-conocer-iniciativas-del-sector-minero-regional-y-nacional","status":"publish","type":"post","link":"https:\/\/radiorevelacionfm.cl\/?p=41265","title":{"rendered":"Seremi de Miner\u00eda se re\u00fane con diputados para darles a conocer iniciativas del sector minero regional y nacional"},"content":{"rendered":"<div class=\"flex_column av_one_full  flex_column_div av-zero-column-padding first  avia-builder-el-0  el_before_av_one_full  avia-builder-el-first  \" style='border-radius:0px; '><div  class='avia-image-container  av-styling-    avia-builder-el-1  avia-builder-el-no-sibling  avia-align-center '  itemprop=\"image\" itemscope=\"itemscope\" itemtype=\"https:\/\/schema.org\/ImageObject\"  ><div class='avia-image-container-inner'><div class='avia-image-overlay-wrap'><img decoding=\"async\" class='wp-image-41300 avia-img-lazy-loading-not-41300 avia_image' src=\"https:\/\/radiorevelacionfm.cl\/wp-content\/uploads\/2024\/04\/img_4482-1_optimized-1.jpg\" alt='' title='img_4482-(1)_optimized (1)' height=\"600\" width=\"1067\"  itemprop=\"thumbnailUrl\" srcset=\"https:\/\/radiorevelacionfm.cl\/wp-content\/uploads\/2024\/04\/img_4482-1_optimized-1.jpg 1067w, https:\/\/radiorevelacionfm.cl\/wp-content\/uploads\/2024\/04\/img_4482-1_optimized-1-300x169.jpg 300w, https:\/\/radiorevelacionfm.cl\/wp-content\/uploads\/2024\/04\/img_4482-1_optimized-1-1030x579.jpg 1030w, https:\/\/radiorevelacionfm.cl\/wp-content\/uploads\/2024\/04\/img_4482-1_optimized-1-768x432.jpg 768w, https:\/\/radiorevelacionfm.cl\/wp-content\/uploads\/2024\/04\/img_4482-1_optimized-1-705x396.jpg 705w, https:\/\/radiorevelacionfm.cl\/wp-content\/uploads\/2024\/04\/img_4482-1_optimized-1-450x253.jpg 450w, https:\/\/radiorevelacionfm.cl\/wp-content\/uploads\/2024\/04\/img_4482-1_optimized-1-600x337.jpg 600w\" sizes=\"(max-width: 1067px) 100vw, 1067px\" \/><\/div><\/div><\/div><\/div><div class=\"flex_column av_one_full  flex_column_div av-zero-column-padding first  avia-builder-el-2  el_after_av_one_full  el_before_av_one_full  column-top-margin\" style='border-radius:0px; '><section class=\"av_textblock_section \"  itemscope=\"itemscope\" itemtype=\"https:\/\/schema.org\/BlogPosting\" itemprop=\"blogPost\" ><div class='avia_textblock  '   itemprop=\"text\" ><p style=\"text-align: center;\"><strong><span style=\"font-size: 18pt;\">Seremi de Miner\u00eda se re\u00fane con diputados para darles a conocer iniciativas del sector minero regional y nacional<\/span><\/strong><\/p>\n<\/div><\/section><\/div><\/p>\n<div class=\"flex_column av_one_full  flex_column_div av-zero-column-padding first  avia-builder-el-4  el_after_av_one_full  el_before_av_hr  column-top-margin\" style='border-radius:0px; '><section class=\"av_textblock_section \"  itemscope=\"itemscope\" itemtype=\"https:\/\/schema.org\/BlogPosting\" itemprop=\"blogPost\" ><div class='avia_textblock  '   itemprop=\"text\" ><p dir=\"ltr\" style=\"text-align: justify;\">En el marco del desarrollo de acciones de vinculaci\u00f3n con los distintos actores regionales que se est\u00e1 impulsando desde la Secretar\u00eda Regional Ministerial de Miner\u00eda de Ays\u00e9n, durante estas \u00faltimas semanas se concretaron tres instancias de di\u00e1logo informativo con los tres representantes de la regi\u00f3n en la C\u00e1mara Baja, los Diputados Ren\u00e9 Alinco Bustos, Miguel \u00c1ngel Calisto \u00c1guila y la Diputada Marcia Raphael Mora.<\/p>\n<p dir=\"ltr\" style=\"text-align: justify;\">Seg\u00fan lo informado por el Seremi de Miner\u00eda Ays\u00e9n, Juan V\u00e1squez Alarc\u00f3n, agradeci\u00f3 la instancia realizada con los parlamentarios y manifest\u00f3 que el principal objetivo de las reuniones fue informar y dialogar con los Diputados y la Diputada sobre la realidad minera tanto regional como nacional, abordando tem\u00e1ticas como la Estrategia Nacional del Litio, Royalty Minero, el desarrollo del proyecto FNDR de Rocas Ornamentales que ejecuta la Seremi de Miner\u00eda y antecedentes de los tres proyectos mineros que se encuentran en la Regi\u00f3n de Ays\u00e9n entre otros t\u00f3picos. \u00abC\u00f3mo Seremi de Miner\u00eda quiero expresar nuestra gratitud por la participaci\u00f3n de nuestros parlamentarios por estas reuniones que realizamos. Fue un encuentro muy provechoso para nuestra cartera, donde se discutieron temas para el desarrollo de nuestra regi\u00f3n en el \u00e1mbito minero. Cada diputado comparti\u00f3 sus perspectivas, en la cita con el Diputado Alinco, nos invit\u00f3 a considerar obras en preparaci\u00f3n para el centenario de Coyhaique lo cual es una oportunidad para mejorar la identidad de la comuna. La diputada Raphael\u00a0 mostr\u00f3 su inter\u00e9s en el desarrollo de actividades artesanales y sostenibles en la regi\u00f3n, lo cual es crucial para promover la diversificaci\u00f3n econ\u00f3mica y el respeto por nuestro entorno natural. Por su parte, el Diputado Calisto resalt\u00f3 la importancia del trabajo con las acciones gremiales y la proyecci\u00f3n que nos brinda la geolog\u00eda en la regi\u00f3n\u00bb, se\u00f1al\u00f3 el Seremi.<\/p>\n<p dir=\"ltr\" style=\"text-align: justify;\">Juan V\u00e1squez valor\u00f3 el apoyo y colaboraci\u00f3n de los parlamentarios con el desarrollo de la miner\u00eda en Ays\u00e9n. \u00abAdem\u00e1s fue transversal y alentador contar con el respaldo de cada uno de los parlamentarios en proyectos regionales tan significativos como el de Rocas Ornamentales y el proyecto de Geoparque Chelenko desarrollado por nuestra cartera y otros colaboradores, pero as\u00ed tambi\u00e9n como la infraestructura habilitante que requieren las labores mineras. Estos proyectos no s\u00f3lo ofrecen oportunidades econ\u00f3micas, sino tambi\u00e9n son pilares fundamentales para fortalecer nuestra identidad regional, preservar nuestro patrimonio natural de manera sostenible. Apreciamos profundamente la disposici\u00f3n mostrada por los parlamentarios de nuestra regi\u00f3n para mantener una comunicaci\u00f3n continua y colaborar en iniciativas que impulsen el desarrollo minero con los mejores est\u00e1ndares para nuestra regi\u00f3n\u00bb, dijo el Seremi.<\/p>\n<p dir=\"ltr\" style=\"text-align: justify;\">En la oportunidad, el Diputado Ren\u00e9 Alinco Bustos, agradeci\u00f3 la invitaci\u00f3n del Seremi Juan V\u00e1squez y su equipo. \u00abConversamos hartos temas relacionados con esta actividad minera que a veces parece tan fr\u00eda y tan lejana de la gente Ays\u00e9n pero que sin duda tiene una parte de nuestra historia muy ligada a la Miner\u00eda, la que se puede reactivar con algunas aprehensiones de la protecci\u00f3n del medioambiente, como dec\u00eda el Seremi, y tambi\u00e9n la protecci\u00f3n y la seguridad de los trabajadores y que\u00a0 es importante y que tambi\u00e9n se aplique una un rol fiscalizador bastante efectivo\u00bb, se\u00f1al\u00f3 el Diputado Alinco, quien a su vez enfatiz\u00f3 en que \u00abnecesitamos actividades productivas, as\u00ed que\u00a0 en\u00a0 lo que pueda aportar de mi participaci\u00f3n en la C\u00e1mara, realizando gestiones y adem\u00e1s que con los planes del Geoparque Chelenko con el que se va a hacer un trabajo con la juventud, con las escuelas, con las organizaciones sociales, como juntas de vecinos y sindicatos. Eso es lo que quiere la gente, tener participaci\u00f3n, saber qu\u00e9 se pretende hacer en la Regi\u00f3n de Ays\u00e9n\u00bb, se\u00f1al\u00f3.<\/p>\n<p dir=\"ltr\" style=\"text-align: justify;\">Por su parte, la Diputada Marcia Raphael Mora, valor\u00f3 la reuni\u00f3n realizada con el Seremi de Miner\u00eda. \u00abLa verdad es que ha sido una reuni\u00f3n muy valiosa y muy importante para obtener mayor informaci\u00f3n y m\u00e1s detalles sobre los proyectos que est\u00e1 desarrollando esta cartera y que tiene que ver con el Geoparque Chelenko, que est\u00e1 reci\u00e9n naciendo y esperamos pueda tener muy buenos resultados a mediano y largo plazo, y\u00a0 tambi\u00e9n tenemos el proyecto FNDR de Rocas Ornamentales de la cuenca del Lago General Carrera m\u00e1s el Lago Pollux y finalmente tambi\u00e9n todo lo que tiene que ver con el concentrado de zinc y la producci\u00f3n de zinc as\u00ed que sin duda la informaci\u00f3n que nos ha entregado el Seremi es muy valiosa para poder ir viendo todos los pasos y el detalle de c\u00f3mo va avanzando\u00bb expres\u00f3 la Diputada.<\/p>\n<p dir=\"ltr\" style=\"text-align: justify;\">A su vez, la Diputada Raphael valor\u00f3 el trabajo realizado desde la Secretar\u00eda Regional Ministerial de Miner\u00eda de Ays\u00e9n. \u00abQuiero aprovechar de felicitar al Seremi, lo veo muy integrado con todos estos temas, muy apasionado y espero que logre sacar todo estos proyectos adelante, porque sin duda es muy importante, especialmente en aquellas zonas donde existen estas actividades productivas tan importantes para la Regi\u00f3n de Ays\u00e9n\u00bb, se\u00f1al\u00f3.<\/p>\n<p dir=\"ltr\" style=\"text-align: justify;\">El Diputado Miguel \u00c1ngel Calisto tambi\u00e9n manifest\u00f3 que encontr\u00f3 positiva y agradeci\u00f3 la instancia de di\u00e1logo en torno a la Miner\u00eda y su desarrollo como sector a nivel nacional y regional. \u00abAgradecer la exposici\u00f3n y la disposici\u00f3n de poder conversar sobre temas de miner\u00eda en la Regi\u00f3n de Ays\u00e9n, que sabemos es muy rica en miner\u00eda, lo hemos visto m\u00e1s con la presencia del sector privado ya que tenemos tres mineras funcionando Pero no solamente esa es una arista importante, que tiene que ver con la parte m\u00e1s econ\u00f3mica y productiva, sino que tambi\u00e9n desde el punto de vista de la riqueza de sitios importantes en nuestra regi\u00f3n donde se han descubierto importantes elementos, por ejemplo el\u00a0Chilesaurus diegosuarezi,\u00a0un descubrimiento que ha sido reconocido a nivel nacional y a nivel internacional, por lo que tenemos como regi\u00f3n que sacarle partido y destacar lo que se est\u00e1 haciendo en el lugar donde se descubri\u00f3, vale decir, donde se est\u00e1 trabajando en el proyecto de Geoparque Chelenko\u00bb, expres\u00f3.<\/p>\n<p dir=\"ltr\" style=\"text-align: justify;\">Finalmente, el Diputado Calisto tambi\u00e9n relev\u00f3 la importancia del desarrollo del proyecto FNDR de Rocas Ornamentales que est\u00e1 ejecutando la Seremi de Miner\u00eda Ays\u00e9n. \u00abTambi\u00e9n destacar el trabajo financiado por el Gobierno Regional presentado por la Seremi de Miner\u00eda respecto de las rocas ornamentales que tambi\u00e9n ha generado un trabajo muy importante asociativo con cuatro Asociaciones Gremiales en toda nuestra regi\u00f3n. Por lo tanto, muy contento del trabajo que se est\u00e1 realizando y creo que tenemos que darle especial atenci\u00f3n al tema de la miner\u00eda, de los Geositios y de toda la riqueza que tenemos nosotros en Ays\u00e9n en esta materia\u00bb, puntualiz\u00f3.<\/p>\n<\/div><\/section><\/div>\n<div  style='height:50px' class='hr hr-invisible   avia-builder-el-6  el_after_av_one_full  el_before_av_social_share '><span class='hr-inner ' ><span class='hr-inner-style'><\/span><\/span><\/div>\n<div  class='av-social-sharing-box  avia-builder-el-7  el_after_av_hr  el_before_av_hr  '><div class='av-share-box'><h5 class='av-share-link-description av-no-toc '>Compartir esta noticia<\/h5><ul class='av-share-box-list noLightbox'><li class='av-share-link av-social-link-facebook' ><a target=\"_blank\" aria-label=\"Compartir en Facebook\" href='https:\/\/www.facebook.com\/sharer.php?u=https:\/\/radiorevelacionfm.cl\/?p=41265&#038;t=Seremi%20de%20Miner%C3%ADa%20se%20re%C3%BAne%20con%20diputados%20para%20darles%20a%20conocer%20iniciativas%20del%20sector%20minero%20regional%20y%20nacional' aria-hidden='false' data-av_icon='\ue8f3' data-av_iconfont='entypo-fontello' title='' data-avia-related-tooltip='Compartir en Facebook' rel=\"noopener\"><span class='avia_hidden_link_text'>Compartir en Facebook<\/span><\/a><\/li><li class='av-share-link av-social-link-twitter' ><a target=\"_blank\" aria-label=\"Compartir en Twitter\" href='https:\/\/twitter.com\/share?text=Seremi%20de%20Miner%C3%ADa%20se%20re%C3%BAne%20con%20diputados%20para%20darles%20a%20conocer%20iniciativas%20del%20sector%20minero%20regional%20y%20nacional&#038;url=https:\/\/radiorevelacionfm.cl\/?p=41265' aria-hidden='false' data-av_icon='\ue8f1' data-av_iconfont='entypo-fontello' title='' data-avia-related-tooltip='Compartir en Twitter' rel=\"noopener\"><span class='avia_hidden_link_text'>Compartir en Twitter<\/span><\/a><\/li><li class='av-share-link av-social-link-whatsapp' ><a target=\"_blank\" aria-label=\"Compartir en Whatsapp\" href='https:\/\/api.whatsapp.com\/send?text=https:\/\/radiorevelacionfm.cl\/?p=41265' aria-hidden='false' data-av_icon='\uf232' data-av_iconfont='entypo-fontello' title='' data-avia-related-tooltip='Compartir en Whatsapp' rel=\"noopener\"><span class='avia_hidden_link_text'>Compartir en Whatsapp<\/span><\/a><\/li><li class='av-share-link av-social-link-linkedin' ><a target=\"_blank\" aria-label=\"Compartir en LinkedIn\" href='https:\/\/linkedin.com\/shareArticle?mini=true&#038;title=Seremi%20de%20Miner%C3%ADa%20se%20re%C3%BAne%20con%20diputados%20para%20darles%20a%20conocer%20iniciativas%20del%20sector%20minero%20regional%20y%20nacional&#038;url=https:\/\/radiorevelacionfm.cl\/?p=41265' aria-hidden='false' data-av_icon='\ue8fc' data-av_iconfont='entypo-fontello' title='' data-avia-related-tooltip='Compartir en LinkedIn' rel=\"noopener\"><span class='avia_hidden_link_text'>Compartir en LinkedIn<\/span><\/a><\/li><li class='av-share-link av-social-link-mail' ><a  aria-label=\"Compartir por correo\" href='mailto:?subject=Seremi%20de%20Miner%C3%ADa%20se%20re%C3%BAne%20con%20diputados%20para%20darles%20a%20conocer%20iniciativas%20del%20sector%20minero%20regional%20y%20nacional&#038;body=https:\/\/radiorevelacionfm.cl\/?p=41265' aria-hidden='false' data-av_icon='\ue805' data-av_iconfont='entypo-fontello' title='' data-avia-related-tooltip='Compartir por correo'><span class='avia_hidden_link_text'>Compartir por correo<\/span><\/a><\/li><\/ul><\/div><\/div>\n<div  style='height:50px' class='hr hr-invisible   avia-builder-el-8  el_after_av_social_share  el_before_av_comments_list '><span class='hr-inner ' ><span class='hr-inner-style'><\/span><\/span><\/div>\n<div  class='av-buildercomment  av-blog-meta-html-info-disabled av-blog-meta-tag-disabled  '><\/div>\n","protected":false},"excerpt":{"rendered":"","protected":false},"author":1,"featured_media":41300,"comment_status":"open","ping_status":"open","sticky":false,"template":"","format":"standard","meta":{"footnotes":""},"categories":[38],"tags":[],"class_list":["post-41265","post","type-post","status-publish","format-standard","has-post-thumbnail","hentry","category-regional"],"jetpack_featured_media_url":"https:\/\/radiorevelacionfm.cl\/wp-content\/uploads\/2024\/04\/img_4482-1_optimized-1.jpg","_links":{"self":[{"href":"https:\/\/radiorevelacionfm.cl\/index.php?rest_route=\/wp\/v2\/posts\/41265","targetHints":{"allow":["GET"]}}],"collection":[{"href":"https:\/\/radiorevelacionfm.cl\/index.php?rest_route=\/wp\/v2\/posts"}],"about":[{"href":"https:\/\/radiorevelacionfm.cl\/index.php?rest_route=\/wp\/v2\/types\/post"}],"author":[{"embeddable":true,"href":"https:\/\/radiorevelacionfm.cl\/index.php?rest_route=\/wp\/v2\/users\/1"}],"replies":[{"embeddable":true,"href":"https:\/\/radiorevelacionfm.cl\/index.php?rest_route=%2Fwp%2Fv2%2Fcomments&post=41265"}],"version-history":[{"count":2,"href":"https:\/\/radiorevelacionfm.cl\/index.php?rest_route=\/wp\/v2\/posts\/41265\/revisions"}],"predecessor-version":[{"id":41301,"href":"https:\/\/radiorevelacionfm.cl\/index.php?rest_route=\/wp\/v2\/posts\/41265\/revisions\/41301"}],"wp:featuredmedia":[{"embeddable":true,"href":"https:\/\/radiorevelacionfm.cl\/index.php?rest_route=\/wp\/v2\/media\/41300"}],"wp:attachment":[{"href":"https:\/\/radiorevelacionfm.cl\/index.php?rest_route=%2Fwp%2Fv2%2Fmedia&parent=41265"}],"wp:term":[{"taxonomy":"category","embeddable":true,"href":"https:\/\/radiorevelacionfm.cl\/index.php?rest_route=%2Fwp%2Fv2%2Fcategories&post=41265"},{"taxonomy":"post_tag","embeddable":true,"href":"https:\/\/radiorevelacionfm.cl\/index.php?rest_route=%2Fwp%2Fv2%2Ftags&post=41265"}],"curies":[{"name":"wp","href":"https:\/\/api.w.org\/{rel}","templated":true}]}}