{"id":41257,"date":"2024-04-12T21:31:44","date_gmt":"2024-04-13T00:31:44","guid":{"rendered":"https:\/\/radiorevelacionfm.cl\/?p=41257"},"modified":"2024-04-12T21:50:46","modified_gmt":"2024-04-13T00:50:46","slug":"vicepresidenta-ejecutiva-junji-visita-aysen-con-una-dinamica-agenda-que-destaca-el-trabajo-colaborativo","status":"publish","type":"post","link":"https:\/\/radiorevelacionfm.cl\/?p=41257","title":{"rendered":"Vicepresidenta ejecutiva de JUNJI visit\u00f3 la regi\u00f3n de Ays\u00e9n y sostuvo una provechosa agenda en terreno junto a la comunidad"},"content":{"rendered":"<div class=\"flex_column av_one_full  flex_column_div av-zero-column-padding first  avia-builder-el-0  el_before_av_one_full  avia-builder-el-first  \" style='border-radius:0px; '><div  class='avia-image-container  av-styling-    avia-builder-el-1  avia-builder-el-no-sibling  avia-align-center '  itemprop=\"image\" itemscope=\"itemscope\" itemtype=\"https:\/\/schema.org\/ImageObject\"  ><div class='avia-image-container-inner'><div class='avia-image-overlay-wrap'><img decoding=\"async\" class='wp-image-41258 avia-img-lazy-loading-not-41258 avia_image' src=\"https:\/\/radiorevelacionfm.cl\/wp-content\/uploads\/2024\/04\/img_e9044-1_optimized.jpg\" alt='' title='img_e9044-(1)_optimized' height=\"600\" width=\"1067\"  itemprop=\"thumbnailUrl\" srcset=\"https:\/\/radiorevelacionfm.cl\/wp-content\/uploads\/2024\/04\/img_e9044-1_optimized.jpg 1067w, https:\/\/radiorevelacionfm.cl\/wp-content\/uploads\/2024\/04\/img_e9044-1_optimized-300x169.jpg 300w, https:\/\/radiorevelacionfm.cl\/wp-content\/uploads\/2024\/04\/img_e9044-1_optimized-1030x579.jpg 1030w, https:\/\/radiorevelacionfm.cl\/wp-content\/uploads\/2024\/04\/img_e9044-1_optimized-768x432.jpg 768w, https:\/\/radiorevelacionfm.cl\/wp-content\/uploads\/2024\/04\/img_e9044-1_optimized-705x396.jpg 705w, https:\/\/radiorevelacionfm.cl\/wp-content\/uploads\/2024\/04\/img_e9044-1_optimized-450x253.jpg 450w, https:\/\/radiorevelacionfm.cl\/wp-content\/uploads\/2024\/04\/img_e9044-1_optimized-600x337.jpg 600w\" sizes=\"(max-width: 1067px) 100vw, 1067px\" \/><\/div><\/div><\/div><\/div>\n<div class=\"flex_column av_one_full  flex_column_div av-zero-column-padding first  avia-builder-el-2  el_after_av_one_full  el_before_av_one_full  column-top-margin\" style='border-radius:0px; '><section class=\"av_textblock_section \"  itemscope=\"itemscope\" itemtype=\"https:\/\/schema.org\/BlogPosting\" itemprop=\"blogPost\" ><div class='avia_textblock  '   itemprop=\"text\" ><p style=\"text-align: center;\"><span style=\"font-size: 18pt;\"><strong>Vicepresidenta ejecutiva de JUNJI visit\u00f3 la regi\u00f3n de Ays\u00e9n y sostuvo una provechosa agenda en terreno junto a la comunidad<\/strong><\/span><\/p>\n<div id=\"gtx-trans\" style=\"position: absolute; left: -50px; top: 4.31534px;\">\n<div class=\"gtx-trans-icon\"><\/div>\n<\/div>\n<\/div><\/section><\/div><div class=\"flex_column av_one_full  flex_column_div av-zero-column-padding first  avia-builder-el-4  el_after_av_one_full  el_before_av_hr  column-top-margin\" style='border-radius:0px; '><section class=\"av_textblock_section \"  itemscope=\"itemscope\" itemtype=\"https:\/\/schema.org\/BlogPosting\" itemprop=\"blogPost\" ><div class='avia_textblock  '   itemprop=\"text\" ><p style=\"text-align: justify;\"><em>En la oportunidad, tambi\u00e9n relev\u00f3 la importancia de la educaci\u00f3n parvularia y de una asistencia permanente al jard\u00edn infantil.<\/em><\/p>\n<p style=\"text-align: justify;\">Con una intensa agenda en terreno, y con el objetivo de relevar un trabajo colaborativo y con pertinencia en la regi\u00f3n, la vicepresidenta Daniela Trivi\u00f1o se reuni\u00f3 con la comunidad educativa, familias y autoridades. De esta forma, tras su arribo y en compa\u00f1\u00eda del director regional de JUNJI Ays\u00e9n, Juan Eduardo Lorca, la primera actividad en agenda contempl\u00f3 un fruct\u00edfero encuentro con las asociaciones gremiales Aprojunji y Ajunji respectivamente.<\/p>\n<p style=\"text-align: justify;\">Al d\u00eda siguiente, la vicepresidenta ejecutiva asisti\u00f3 a una jornada de retroalimentaci\u00f3n con directoras y encargadas de Jardines Infantiles de la regi\u00f3n; instancia en la que la autoridad abord\u00f3 los avances de la implementaci\u00f3n del Plan Estrat\u00e9gico institucional 2023 y relev\u00f3 su construcci\u00f3n colaborativa. \u201c<em>Esta visita es un espacio de reflexi\u00f3n y de trabajo. Estuvimos con todas las directoras de los jardines infantiles de la regi\u00f3n conversando y reflexionando sobre c\u00f3mo seguimos avanzando institucionalmente y esos son espacios provechosos que garantizan y visibilizan todo el trabajo que realizamos desde JUNJI\u201d<\/em><em>, <\/em>se\u00f1al\u00f3 la autoridad.<em> \u00a0<\/em><\/p>\n<p style=\"text-align: justify;\">Tras el encuentro con equipos educativos se traslad\u00f3 al Jard\u00edn Infantil Gabriela Mistral de Coyhaique para recorrer sus instalaciones y conocer a la comunidad del establecimiento. Un recorrido que le permiti\u00f3 conocer las distintas estrategias pedag\u00f3gicas que se desarrollan a diario en el aula, as\u00ed como la importancia que las familias le otorgan a la educaci\u00f3n inicial entregada por el jard\u00edn infantil.<\/p>\n<p style=\"text-align: justify;\"><em>\u201cEstamos en el jard\u00edn infantil revisando un proyecto de conservaci\u00f3n que es hermoso y que apunta a entregar Educaci\u00f3n Parvularia de calidad para 180 familias de Coyhaique. Eso nos llena de satisfacci\u00f3n y alegr\u00eda, porque seguimos avanzando en \u00e1mbitos de cobertura y de calidad educativa\u201d, <\/em><em>a\u00f1adi\u00f3 la vicepresidenta al referirse a este proyecto que cuenta con una<\/em> inversi\u00f3n de m\u00e1s de $400 millones de pesos y que contempla un mejoramiento del patio exterior, calefacci\u00f3n central, reubicaci\u00f3n del invernadero, nuevos juegos recreativos y creaci\u00f3n de senderos.<\/p>\n<p style=\"text-align: justify;\">Ya por la tarde, la vicepresidenta Daniela Trivi\u00f1o sostuvo una importante agenda de encuentros con autoridades regionales, con el objetivo de fortalecer el trabajo intersectorial por la educaci\u00f3n. De esta forma, se reuni\u00f3 con la seremi de Educaci\u00f3n, Isabel Garrido y el director ejecutivo del SLEP Ays\u00e9n, Sebasti\u00e1n Gonz\u00e1lez. Tambi\u00e9n, sostuvo reuniones con el alcalde de Coyhaique, Carlos Gatica y el jefe de gabinete de la senadora Ximena \u00d3rdenes, Horacio Vel\u00e1squez.<\/p>\n<p style=\"text-align: justify;\">Al finalizar su visita, que tambi\u00e9n incluy\u00f3 un encuentro con funcionarias y funcionarios de la direcci\u00f3n regional de JUNJI, Daniela Trivi\u00f1o invit\u00f3 a las familias de Ays\u00e9n a que \u201c<em>puedan confiar en la JUNJI. En nuestros jardines infantiles contamos con espacios pertinentes y equipos educativos que entregan todas las condiciones para que ni\u00f1as y ni\u00f1os aprendan, exploren, jueguen, crezcan y se desarrollen. Asistir\u00e1n felices y se desarrollar\u00e1n en plenitud. Para ello, es fundamental que asistan permanentemente al jard\u00edn infantil y vivan la importancia de la educaci\u00f3n inicial\u201d. <\/em><\/p>\n<\/div><\/section><\/div><div  style='height:50px' class='hr hr-invisible   avia-builder-el-6  el_after_av_one_full  el_before_av_social_share '><span class='hr-inner ' ><span class='hr-inner-style'><\/span><\/span><\/div><\/p>\n<div  class='av-social-sharing-box  avia-builder-el-7  el_after_av_hr  el_before_av_hr  '><div class='av-share-box'><h5 class='av-share-link-description av-no-toc '>Compartir esta noticia<\/h5><ul class='av-share-box-list noLightbox'><li class='av-share-link av-social-link-facebook' ><a target=\"_blank\" aria-label=\"Compartir en Facebook\" href='https:\/\/www.facebook.com\/sharer.php?u=https:\/\/radiorevelacionfm.cl\/?p=41257&#038;t=Vicepresidenta%20ejecutiva%20de%20JUNJI%20visit%C3%B3%20la%20regi%C3%B3n%20de%20Ays%C3%A9n%20y%20sostuvo%20una%20provechosa%20agenda%20en%20terreno%20junto%20a%20la%20comunidad' aria-hidden='false' data-av_icon='\ue8f3' data-av_iconfont='entypo-fontello' title='' data-avia-related-tooltip='Compartir en Facebook' rel=\"noopener\"><span class='avia_hidden_link_text'>Compartir en Facebook<\/span><\/a><\/li><li class='av-share-link av-social-link-twitter' ><a target=\"_blank\" aria-label=\"Compartir en Twitter\" href='https:\/\/twitter.com\/share?text=Vicepresidenta%20ejecutiva%20de%20JUNJI%20visit%C3%B3%20la%20regi%C3%B3n%20de%20Ays%C3%A9n%20y%20sostuvo%20una%20provechosa%20agenda%20en%20terreno%20junto%20a%20la%20comunidad&#038;url=https:\/\/radiorevelacionfm.cl\/?p=41257' aria-hidden='false' data-av_icon='\ue8f1' data-av_iconfont='entypo-fontello' title='' data-avia-related-tooltip='Compartir en Twitter' rel=\"noopener\"><span class='avia_hidden_link_text'>Compartir en Twitter<\/span><\/a><\/li><li class='av-share-link av-social-link-whatsapp' ><a target=\"_blank\" aria-label=\"Compartir en Whatsapp\" href='https:\/\/api.whatsapp.com\/send?text=https:\/\/radiorevelacionfm.cl\/?p=41257' aria-hidden='false' data-av_icon='\uf232' data-av_iconfont='entypo-fontello' title='' data-avia-related-tooltip='Compartir en Whatsapp' rel=\"noopener\"><span class='avia_hidden_link_text'>Compartir en Whatsapp<\/span><\/a><\/li><li class='av-share-link av-social-link-linkedin' ><a target=\"_blank\" aria-label=\"Compartir en LinkedIn\" href='https:\/\/linkedin.com\/shareArticle?mini=true&#038;title=Vicepresidenta%20ejecutiva%20de%20JUNJI%20visit%C3%B3%20la%20regi%C3%B3n%20de%20Ays%C3%A9n%20y%20sostuvo%20una%20provechosa%20agenda%20en%20terreno%20junto%20a%20la%20comunidad&#038;url=https:\/\/radiorevelacionfm.cl\/?p=41257' aria-hidden='false' data-av_icon='\ue8fc' data-av_iconfont='entypo-fontello' title='' data-avia-related-tooltip='Compartir en LinkedIn' rel=\"noopener\"><span class='avia_hidden_link_text'>Compartir en LinkedIn<\/span><\/a><\/li><li class='av-share-link av-social-link-mail' ><a  aria-label=\"Compartir por correo\" href='mailto:?subject=Vicepresidenta%20ejecutiva%20de%20JUNJI%20visit%C3%B3%20la%20regi%C3%B3n%20de%20Ays%C3%A9n%20y%20sostuvo%20una%20provechosa%20agenda%20en%20terreno%20junto%20a%20la%20comunidad&#038;body=https:\/\/radiorevelacionfm.cl\/?p=41257' aria-hidden='false' data-av_icon='\ue805' data-av_iconfont='entypo-fontello' title='' data-avia-related-tooltip='Compartir por correo'><span class='avia_hidden_link_text'>Compartir por correo<\/span><\/a><\/li><\/ul><\/div><\/div>\n<div  style='height:50px' class='hr hr-invisible   avia-builder-el-8  el_after_av_social_share  el_before_av_comments_list '><span class='hr-inner ' ><span class='hr-inner-style'><\/span><\/span><\/div>\n<div  class='av-buildercomment  av-blog-meta-html-info-disabled av-blog-meta-tag-disabled  '><\/div>\n","protected":false},"excerpt":{"rendered":"","protected":false},"author":1,"featured_media":41258,"comment_status":"open","ping_status":"open","sticky":false,"template":"","format":"standard","meta":{"footnotes":""},"categories":[49],"tags":[],"class_list":["post-41257","post","type-post","status-publish","format-standard","has-post-thumbnail","hentry","category-educacion"],"jetpack_featured_media_url":"https:\/\/radiorevelacionfm.cl\/wp-content\/uploads\/2024\/04\/img_e9044-1_optimized.jpg","_links":{"self":[{"href":"https:\/\/radiorevelacionfm.cl\/index.php?rest_route=\/wp\/v2\/posts\/41257","targetHints":{"allow":["GET"]}}],"collection":[{"href":"https:\/\/radiorevelacionfm.cl\/index.php?rest_route=\/wp\/v2\/posts"}],"about":[{"href":"https:\/\/radiorevelacionfm.cl\/index.php?rest_route=\/wp\/v2\/types\/post"}],"author":[{"embeddable":true,"href":"https:\/\/radiorevelacionfm.cl\/index.php?rest_route=\/wp\/v2\/users\/1"}],"replies":[{"embeddable":true,"href":"https:\/\/radiorevelacionfm.cl\/index.php?rest_route=%2Fwp%2Fv2%2Fcomments&post=41257"}],"version-history":[{"count":3,"href":"https:\/\/radiorevelacionfm.cl\/index.php?rest_route=\/wp\/v2\/posts\/41257\/revisions"}],"predecessor-version":[{"id":41264,"href":"https:\/\/radiorevelacionfm.cl\/index.php?rest_route=\/wp\/v2\/posts\/41257\/revisions\/41264"}],"wp:featuredmedia":[{"embeddable":true,"href":"https:\/\/radiorevelacionfm.cl\/index.php?rest_route=\/wp\/v2\/media\/41258"}],"wp:attachment":[{"href":"https:\/\/radiorevelacionfm.cl\/index.php?rest_route=%2Fwp%2Fv2%2Fmedia&parent=41257"}],"wp:term":[{"taxonomy":"category","embeddable":true,"href":"https:\/\/radiorevelacionfm.cl\/index.php?rest_route=%2Fwp%2Fv2%2Fcategories&post=41257"},{"taxonomy":"post_tag","embeddable":true,"href":"https:\/\/radiorevelacionfm.cl\/index.php?rest_route=%2Fwp%2Fv2%2Ftags&post=41257"}],"curies":[{"name":"wp","href":"https:\/\/api.w.org\/{rel}","templated":true}]}}