{"id":41245,"date":"2024-04-12T16:02:52","date_gmt":"2024-04-12T19:02:52","guid":{"rendered":"https:\/\/radiorevelacionfm.cl\/?p=41245"},"modified":"2024-04-12T16:02:52","modified_gmt":"2024-04-12T19:02:52","slug":"comienza-el-levantamiento-de-la-encuesta-socioeconomica-para-pescadores-artesanales-de-aysen","status":"publish","type":"post","link":"https:\/\/radiorevelacionfm.cl\/?p=41245","title":{"rendered":"Comienza el levantamiento de la Encuesta Socioecon\u00f3mica para Pescadores Artesanales de Ays\u00e9n"},"content":{"rendered":"<div class=\"flex_column av_one_full  flex_column_div av-zero-column-padding first  avia-builder-el-0  el_before_av_one_full  avia-builder-el-first  \" style='border-radius:0px; '><div  class='avia-image-container  av-styling-    avia-builder-el-1  avia-builder-el-no-sibling  avia-align-center '  itemprop=\"image\" itemscope=\"itemscope\" itemtype=\"https:\/\/schema.org\/ImageObject\"  ><div class='avia-image-container-inner'><div class='avia-image-overlay-wrap'><img decoding=\"async\" class='wp-image-41246 avia-img-lazy-loading-not-41246 avia_image' src=\"https:\/\/radiorevelacionfm.cl\/wp-content\/uploads\/2024\/04\/img_2027-1_optimized.jpg\" alt='' title='img_2027-(1)_optimized' height=\"600\" width=\"900\"  itemprop=\"thumbnailUrl\" srcset=\"https:\/\/radiorevelacionfm.cl\/wp-content\/uploads\/2024\/04\/img_2027-1_optimized.jpg 900w, https:\/\/radiorevelacionfm.cl\/wp-content\/uploads\/2024\/04\/img_2027-1_optimized-300x200.jpg 300w, https:\/\/radiorevelacionfm.cl\/wp-content\/uploads\/2024\/04\/img_2027-1_optimized-768x512.jpg 768w, https:\/\/radiorevelacionfm.cl\/wp-content\/uploads\/2024\/04\/img_2027-1_optimized-705x470.jpg 705w, https:\/\/radiorevelacionfm.cl\/wp-content\/uploads\/2024\/04\/img_2027-1_optimized-450x300.jpg 450w, https:\/\/radiorevelacionfm.cl\/wp-content\/uploads\/2024\/04\/img_2027-1_optimized-600x400.jpg 600w\" sizes=\"(max-width: 900px) 100vw, 900px\" \/><\/div><\/div><\/div><\/div><div class=\"flex_column av_one_full  flex_column_div av-zero-column-padding first  avia-builder-el-2  el_after_av_one_full  el_before_av_one_full  column-top-margin\" style='border-radius:0px; '><section class=\"av_textblock_section \"  itemscope=\"itemscope\" itemtype=\"https:\/\/schema.org\/BlogPosting\" itemprop=\"blogPost\" ><div class='avia_textblock  '   itemprop=\"text\" ><p style=\"text-align: center;\"><strong><span style=\"font-size: 18pt;\">Comienza el levantamiento de la Encuesta Socioecon\u00f3mica para Pescadores Artesanales de Ays\u00e9n<\/span><\/strong><\/p>\n<div id=\"gtx-trans\" style=\"position: absolute; left: -50px; top: 4.31534px;\">\n<div class=\"gtx-trans-icon\"><\/div>\n<\/div>\n<\/div><\/section><\/div><div class=\"flex_column av_one_full  flex_column_div av-zero-column-padding first  avia-builder-el-4  el_after_av_one_full  el_before_av_hr  column-top-margin\" style='border-radius:0px; '><section class=\"av_textblock_section \"  itemscope=\"itemscope\" itemtype=\"https:\/\/schema.org\/BlogPosting\" itemprop=\"blogPost\" ><div class='avia_textblock  '   itemprop=\"text\" ><p style=\"text-align: justify;\">El Programa de Fomento y Diversificaci\u00f3n de la Pesca Artesanal de Ays\u00e9n contin\u00faa avanzando en su compromiso de fortalecer las condiciones de las mujeres y hombres de mar del litoral, aportando en el mejoramiento en \u00e1reas cruciales como seguridad mar\u00edtima, mejoras de condiciones laborales de los pescadores, eficiencia y la productividad. Este programa demuestra su capacidad para beneficiar a grupos vulnerables dentro de la comunidad pesquera en la regi\u00f3n de Ays\u00e9n y generar un impacto positivo en los beneficiarios del mismo.<\/p>\n<p style=\"text-align: justify;\">En el mismo contexto de colaboraci\u00f3n y orientado hacia la generaci\u00f3n del conocimiento, se ha iniciado la ejecuci\u00f3n del levantamiento de la Encuesta de Caracterizaci\u00f3n Socioecon\u00f3mica de Pescadores Artesanales de la Regi\u00f3n de Ays\u00e9n. Este esfuerzo, realizado en colaboraci\u00f3n con la Fundaci\u00f3n de Superaci\u00f3n de la Pobreza y gracias a los recursos proporcionados por el Gobierno Regional de Ays\u00e9n y su consejo, forma parte integral del Programa.<\/p>\n<p style=\"text-align: justify;\">El objetivo principal de este levantamiento de datos es proporcionar una descripci\u00f3n socioecon\u00f3mica de las personas inscritas en el Registro de Pescadores Artesanales (RPA) y sus respectivas familias. Adem\u00e1s, el estudio proveer\u00e1 informaci\u00f3n crucial para la evaluaci\u00f3n de pol\u00edticas relacionadas con la pesca artesanal en la Regi\u00f3n de Ays\u00e9n.<\/p>\n<p style=\"text-align: justify;\">Para realizar esta tarea en terreno, se contar\u00e1 con la experiencia del Centro de Microdatos de la Universidad de Chile. Como primer paso, ya se han seleccionado aleatoriamente a aproximadamente 1.000 personas inscritas en el Registro de Pescadores Artesanales de la Regi\u00f3n (RPA) para participar en el estudio.<\/p>\n<p style=\"text-align: justify;\">Para obtener m\u00e1s detalles sobre los plazos de ejecuci\u00f3n, tiempos entre otros puntos, Nicol\u00e1s Gonzales, coordinador asignado desde el Centro de Microdatos de la Universidad de Chile, indica: \u201cLa encuesta tiene objetivos similares a la encuesta de caracterizaci\u00f3n socioecon\u00f3mica nacional (Casen), lo que permite medir y caracterizar principalmente niveles de estudios acad\u00e9micos de los encuestados, acceso a la educaci\u00f3n, condiciones de vivienda, efectos y condiciones de trabajo, asociaci\u00f3n, gremialismo, para as\u00ed lograr obtener una mirada m\u00e1s multidimensional a la pobreza\u201d.<\/p>\n<p style=\"text-align: justify;\">Ante la pregunta sobre la formaci\u00f3n del equipo asignado, cantidad de participantes y tiempo que tomar\u00e1 la encuesta, Gonz\u00e1lez se\u00f1ala: \u201cEs bien variado el perfil de los profesionales, algunos se trasladar\u00e1n desde la ciudad de Santiago, tambi\u00e9n tenemos encuestadores de la regi\u00f3n con vasta experiencia. Somos un equipo de once personas, y la encuesta tiene una duraci\u00f3n de entre 40 a 60 minutos, dependiendo de la cantidad de integrantes en el hogar. Esperamos llegar a 650 hogares de un total de 1300 viviendas en todo el litoral de Ays\u00e9n\u201d.<\/p>\n<p style=\"text-align: justify;\">Gonz\u00e1lez tambi\u00e9n comenta la forma de la aplicaci\u00f3n, complementando: \u201cNuestros encuestadores van a entregar una carta de presentaci\u00f3n a todas las personas que fueron seleccionadas, as\u00ed que los invitamos a participar de este estudio y brindar la informaci\u00f3n, con la intenci\u00f3n de mejorar las pol\u00edticas p\u00fablicas asociadas a la pesca artesanal de la regi\u00f3n\u201d, finaliz\u00f3 el profesional.<\/p>\n<p style=\"text-align: justify;\">Cabe destacar \u00a0y para seguridad de los encuestados, \u00a0toda la informaci\u00f3n recopilada a trav\u00e9s de esta encuesta ser\u00e1 utilizada \u00fanicamente para los fines de estudio, y est\u00e1 resguardada por el Secreto Estad\u00edstico, procedimiento que asegura Garant\u00eda de Confidencialidad, seg\u00fan lo establecido en la Ley N\u00b0 19.628.<\/p>\n<\/div><\/section><\/div><div  style='height:50px' class='hr hr-invisible   avia-builder-el-6  el_after_av_one_full  el_before_av_social_share '><span class='hr-inner ' ><span class='hr-inner-style'><\/span><\/span><\/div><\/p>\n<div  class='av-social-sharing-box  avia-builder-el-7  el_after_av_hr  el_before_av_hr  '><div class='av-share-box'><h5 class='av-share-link-description av-no-toc '>Compartir esta noticia<\/h5><ul class='av-share-box-list noLightbox'><li class='av-share-link av-social-link-facebook' ><a target=\"_blank\" aria-label=\"Compartir en Facebook\" href='https:\/\/www.facebook.com\/sharer.php?u=https:\/\/radiorevelacionfm.cl\/?p=41245&#038;t=Comienza%20el%20levantamiento%20de%20la%20Encuesta%20Socioecon%C3%B3mica%20para%20Pescadores%20Artesanales%20de%20Ays%C3%A9n' aria-hidden='false' data-av_icon='\ue8f3' data-av_iconfont='entypo-fontello' title='' data-avia-related-tooltip='Compartir en Facebook' rel=\"noopener\"><span class='avia_hidden_link_text'>Compartir en Facebook<\/span><\/a><\/li><li class='av-share-link av-social-link-twitter' ><a target=\"_blank\" aria-label=\"Compartir en Twitter\" href='https:\/\/twitter.com\/share?text=Comienza%20el%20levantamiento%20de%20la%20Encuesta%20Socioecon%C3%B3mica%20para%20Pescadores%20Artesanales%20de%20Ays%C3%A9n&#038;url=https:\/\/radiorevelacionfm.cl\/?p=41245' aria-hidden='false' data-av_icon='\ue8f1' data-av_iconfont='entypo-fontello' title='' data-avia-related-tooltip='Compartir en Twitter' rel=\"noopener\"><span class='avia_hidden_link_text'>Compartir en Twitter<\/span><\/a><\/li><li class='av-share-link av-social-link-whatsapp' ><a target=\"_blank\" aria-label=\"Compartir en Whatsapp\" href='https:\/\/api.whatsapp.com\/send?text=https:\/\/radiorevelacionfm.cl\/?p=41245' aria-hidden='false' data-av_icon='\uf232' data-av_iconfont='entypo-fontello' title='' data-avia-related-tooltip='Compartir en Whatsapp' rel=\"noopener\"><span class='avia_hidden_link_text'>Compartir en Whatsapp<\/span><\/a><\/li><li class='av-share-link av-social-link-linkedin' ><a target=\"_blank\" aria-label=\"Compartir en LinkedIn\" href='https:\/\/linkedin.com\/shareArticle?mini=true&#038;title=Comienza%20el%20levantamiento%20de%20la%20Encuesta%20Socioecon%C3%B3mica%20para%20Pescadores%20Artesanales%20de%20Ays%C3%A9n&#038;url=https:\/\/radiorevelacionfm.cl\/?p=41245' aria-hidden='false' data-av_icon='\ue8fc' data-av_iconfont='entypo-fontello' title='' data-avia-related-tooltip='Compartir en LinkedIn' rel=\"noopener\"><span class='avia_hidden_link_text'>Compartir en LinkedIn<\/span><\/a><\/li><li class='av-share-link av-social-link-mail' ><a  aria-label=\"Compartir por correo\" href='mailto:?subject=Comienza%20el%20levantamiento%20de%20la%20Encuesta%20Socioecon%C3%B3mica%20para%20Pescadores%20Artesanales%20de%20Ays%C3%A9n&#038;body=https:\/\/radiorevelacionfm.cl\/?p=41245' aria-hidden='false' data-av_icon='\ue805' data-av_iconfont='entypo-fontello' title='' data-avia-related-tooltip='Compartir por correo'><span class='avia_hidden_link_text'>Compartir por correo<\/span><\/a><\/li><\/ul><\/div><\/div>\n<div  style='height:50px' class='hr hr-invisible   avia-builder-el-8  el_after_av_social_share  el_before_av_comments_list '><span class='hr-inner ' ><span class='hr-inner-style'><\/span><\/span><\/div>\n<div  class='av-buildercomment  av-blog-meta-html-info-disabled av-blog-meta-tag-disabled  '><\/div>\n","protected":false},"excerpt":{"rendered":"","protected":false},"author":1,"featured_media":41246,"comment_status":"open","ping_status":"open","sticky":false,"template":"","format":"standard","meta":{"footnotes":""},"categories":[60],"tags":[],"class_list":["post-41245","post","type-post","status-publish","format-standard","has-post-thumbnail","hentry","category-pesca"],"jetpack_featured_media_url":"https:\/\/radiorevelacionfm.cl\/wp-content\/uploads\/2024\/04\/img_2027-1_optimized.jpg","_links":{"self":[{"href":"https:\/\/radiorevelacionfm.cl\/index.php?rest_route=\/wp\/v2\/posts\/41245","targetHints":{"allow":["GET"]}}],"collection":[{"href":"https:\/\/radiorevelacionfm.cl\/index.php?rest_route=\/wp\/v2\/posts"}],"about":[{"href":"https:\/\/radiorevelacionfm.cl\/index.php?rest_route=\/wp\/v2\/types\/post"}],"author":[{"embeddable":true,"href":"https:\/\/radiorevelacionfm.cl\/index.php?rest_route=\/wp\/v2\/users\/1"}],"replies":[{"embeddable":true,"href":"https:\/\/radiorevelacionfm.cl\/index.php?rest_route=%2Fwp%2Fv2%2Fcomments&post=41245"}],"version-history":[{"count":1,"href":"https:\/\/radiorevelacionfm.cl\/index.php?rest_route=\/wp\/v2\/posts\/41245\/revisions"}],"predecessor-version":[{"id":41247,"href":"https:\/\/radiorevelacionfm.cl\/index.php?rest_route=\/wp\/v2\/posts\/41245\/revisions\/41247"}],"wp:featuredmedia":[{"embeddable":true,"href":"https:\/\/radiorevelacionfm.cl\/index.php?rest_route=\/wp\/v2\/media\/41246"}],"wp:attachment":[{"href":"https:\/\/radiorevelacionfm.cl\/index.php?rest_route=%2Fwp%2Fv2%2Fmedia&parent=41245"}],"wp:term":[{"taxonomy":"category","embeddable":true,"href":"https:\/\/radiorevelacionfm.cl\/index.php?rest_route=%2Fwp%2Fv2%2Fcategories&post=41245"},{"taxonomy":"post_tag","embeddable":true,"href":"https:\/\/radiorevelacionfm.cl\/index.php?rest_route=%2Fwp%2Fv2%2Ftags&post=41245"}],"curies":[{"name":"wp","href":"https:\/\/api.w.org\/{rel}","templated":true}]}}