{"id":4124,"date":"2021-05-13T14:25:20","date_gmt":"2021-05-13T17:25:20","guid":{"rendered":"https:\/\/radiorevelacionfm.cl\/?p=4124"},"modified":"2021-05-13T14:25:20","modified_gmt":"2021-05-13T17:25:20","slug":"la-region-de-aysen-lidera-a-nivel-nacional-compras-publicas-a-mipymes-este-trimestre","status":"publish","type":"post","link":"https:\/\/radiorevelacionfm.cl\/?p=4124","title":{"rendered":"La Regi\u00f3n de Ays\u00e9n lidera a nivel nacional compras p\u00fablicas a MiPymes este trimestre"},"content":{"rendered":"<div class=\"flex_column av_one_full  flex_column_div av-zero-column-padding first  avia-builder-el-0  el_before_av_one_full  avia-builder-el-first  \" style='border-radius:0px; '><div  class='avia-image-container  av-styling-    avia-builder-el-1  avia-builder-el-no-sibling  avia-align-center '  itemprop=\"image\" itemscope=\"itemscope\" itemtype=\"https:\/\/schema.org\/ImageObject\"  ><div class='avia-image-container-inner'><div class='avia-image-overlay-wrap'><img decoding=\"async\" class='wp-image-0 avia-img-lazy-loading-not-0 avia_image' src=\"https:\/\/radiorevelacionfm.cl\/wp-content\/uploads\/2021\/05\/SEREMI-DE-ECONOMIA-Y-ASESOR-DE-HACIENDA-1.jpeg\" alt='' title=''   itemprop=\"thumbnailUrl\"  \/><\/div><\/div><\/div><\/div><div class=\"flex_column av_one_full  flex_column_div av-zero-column-padding first  avia-builder-el-2  el_after_av_one_full  el_before_av_one_full  column-top-margin\" style='border-radius:0px; '><section class=\"av_textblock_section \"  itemscope=\"itemscope\" itemtype=\"https:\/\/schema.org\/BlogPosting\" itemprop=\"blogPost\" ><div class='avia_textblock  '   itemprop=\"text\" ><p style=\"text-align: center;\"><strong><span style=\"font-size: 18pt;\">La Regi\u00f3n de Ays\u00e9n lidera a nivel nacional compras p\u00fablicas a MiPymes este trimestre <\/span><\/strong><\/p>\n<div id=\"gtx-trans\" style=\"position: absolute; left: -50px; top: 4.31534px;\">\n<div class=\"gtx-trans-icon\"><\/div>\n<\/div>\n<\/div><\/section><\/div><div class=\"flex_column av_one_full  flex_column_div av-zero-column-padding first  avia-builder-el-4  el_after_av_one_full  el_before_av_hr  column-top-margin\" style='border-radius:0px; '><section class=\"av_textblock_section \"  itemscope=\"itemscope\" itemtype=\"https:\/\/schema.org\/BlogPosting\" itemprop=\"blogPost\" ><div class='avia_textblock  '   itemprop=\"text\" ><p style=\"text-align: justify;\">La informaci\u00f3n se dio a conocer de manera conjunta entre el Seremi de Econom\u00eda y el Asesor de Hacienda, quienes destacaron las m\u00faltiples compras que realizaron las reparticiones p\u00fablicas durante este periodo y que beneficia a las micros, peque\u00f1as y medianas empresas de Ays\u00e9n.<\/p>\n<p style=\"text-align: justify;\">Son 2.394 millones de pesos en ventas que se registraron durante los primeros tres meses de este a\u00f1o a trav\u00e9s del portal de Mercado P\u00fablico y que fueron adquisiciones que se desarrollaron desde los diversos servicios p\u00fablicos a las Mipymes, situaci\u00f3n que convierte a la regi\u00f3n de Ays\u00e9n en la primera a nivel nacional con 4390 \u00f3rdenes de compra, lo que equivale a un 75% del monto total.<\/p>\n<p style=\"text-align: justify;\">\u201cEsto es un nuevo empuje para nuestras Mipymes que se han visto tan afectadas por esta prolongada pandemia y que han podido utilizar la nueva modalidad de mercado p\u00fablico denominado\u00a0Compra \u00e1gil, la cual les permite entregar productos y servicios a organismos p\u00fablicos de manera expedita por montos igual o inferior a $1.530.000 (30UTM), lo que se transforma en muy atractivo para ventas en este segmento. Adem\u00e1s, demuestra el compromiso de seguir apoyando por medio de esta modalidad y a preferir las micro, peque\u00f1as y medianas empresas de nuestra regi\u00f3n\u201d, explic\u00f3 el Seremi de Econom\u00eda Carlos Pacheco.<\/p>\n<p style=\"text-align: justify;\">Por su parte el Asesor de la cartera de Hacienda en la regi\u00f3n Fernando Camiruaga, se\u00f1al\u00f3 que \u201cEstamos muy satisfechos por este anuncio ya que podemos ver que en el contexto de pandemia a nivel regional ha existido una muy buena reacci\u00f3n por parte de las MiPymes, quienes se han ido adaptando r\u00e1pidamente no s\u00f3lo por medio de las ventas por redes sociales, online o delivery, sino que tambi\u00e9n est\u00e1n aprovechando de entregar sus productos y servicios ocupando la nueva plataforma de compra \u00e1gil. Lo que sin duda mejora y ayuda a la econom\u00eda local en una \u00e9poca dif\u00edcil para nuestro pa\u00eds. A su vez, hacemos un llamado a todas aquellas Mipymes que no han conocido esta nueva modalidad a informarse y ofrecer sus productos al estado por medio del portal\u00a0<a href=\"http:\/\/xn--mercadopblico-bob.cl\/\" data-saferedirecturl=\"https:\/\/www.google.com\/url?q=http:\/\/xn--mercadopblico-bob.cl&amp;source=gmail&amp;ust=1621008085185000&amp;usg=AFQjCNGFOG6x1f9B7pTLaeTtNOErbi1MzQ\">mercadop\u00fablico.cl<\/a>\u201d.<\/p>\n<p style=\"text-align: justify;\"><strong>Cotizaciones m\u00e1s expeditas<\/strong><\/p>\n<p style=\"text-align: justify;\">La nueva herramienta\u00a0Compra \u00e1gil\u00a0disponible desde abril del a\u00f1o 2020 permite a los proveedores acceder a nuevas oportunidades de negocio, facilita a los organismos p\u00fablicos su gesti\u00f3n para las adquisiciones de estos montos menores por otra parte, otorga mayor transparencia y competitividad a estos procesos.<\/p>\n<p style=\"text-align: justify;\">De esta forma ChileCompra da cumplimiento al compromiso adoptado en el marco del Plan Econ\u00f3mico de Emergencia por Coronavirus anunciado por el Ministro de Haciendo en apoyo a las empresas y particularmente a las pymes.<\/p>\n<\/div><\/section><\/div><div  style='height:50px' class='hr hr-invisible   avia-builder-el-6  el_after_av_one_full  el_before_av_social_share '><span class='hr-inner ' ><span class='hr-inner-style'><\/span><\/span><\/div><\/p>\n<div  class='av-social-sharing-box  avia-builder-el-7  el_after_av_hr  el_before_av_hr  '><div class='av-share-box'><h5 class='av-share-link-description av-no-toc '>Compartir esta noticia<\/h5><ul class='av-share-box-list noLightbox'><li class='av-share-link av-social-link-facebook' ><a target=\"_blank\" aria-label=\"Compartir en Facebook\" href='https:\/\/www.facebook.com\/sharer.php?u=https:\/\/radiorevelacionfm.cl\/?p=4124&#038;t=La%20Regi%C3%B3n%20de%20Ays%C3%A9n%20lidera%20a%20nivel%20nacional%20compras%20p%C3%BAblicas%20a%20MiPymes%20este%20trimestre' aria-hidden='false' data-av_icon='\ue8f3' data-av_iconfont='entypo-fontello' title='' data-avia-related-tooltip='Compartir en Facebook' rel=\"noopener\"><span class='avia_hidden_link_text'>Compartir en Facebook<\/span><\/a><\/li><li class='av-share-link av-social-link-twitter' ><a target=\"_blank\" aria-label=\"Compartir en Twitter\" href='https:\/\/twitter.com\/share?text=La%20Regi%C3%B3n%20de%20Ays%C3%A9n%20lidera%20a%20nivel%20nacional%20compras%20p%C3%BAblicas%20a%20MiPymes%20este%20trimestre&#038;url=https:\/\/radiorevelacionfm.cl\/?p=4124' aria-hidden='false' data-av_icon='\ue8f1' data-av_iconfont='entypo-fontello' title='' data-avia-related-tooltip='Compartir en Twitter' rel=\"noopener\"><span class='avia_hidden_link_text'>Compartir en Twitter<\/span><\/a><\/li><li class='av-share-link av-social-link-whatsapp' ><a target=\"_blank\" aria-label=\"Compartir en Whatsapp\" href='https:\/\/api.whatsapp.com\/send?text=https:\/\/radiorevelacionfm.cl\/?p=4124' aria-hidden='false' data-av_icon='\uf232' data-av_iconfont='entypo-fontello' title='' data-avia-related-tooltip='Compartir en Whatsapp' rel=\"noopener\"><span class='avia_hidden_link_text'>Compartir en Whatsapp<\/span><\/a><\/li><li class='av-share-link av-social-link-linkedin' ><a target=\"_blank\" aria-label=\"Compartir en LinkedIn\" href='https:\/\/linkedin.com\/shareArticle?mini=true&#038;title=La%20Regi%C3%B3n%20de%20Ays%C3%A9n%20lidera%20a%20nivel%20nacional%20compras%20p%C3%BAblicas%20a%20MiPymes%20este%20trimestre&#038;url=https:\/\/radiorevelacionfm.cl\/?p=4124' aria-hidden='false' data-av_icon='\ue8fc' data-av_iconfont='entypo-fontello' title='' data-avia-related-tooltip='Compartir en LinkedIn' rel=\"noopener\"><span class='avia_hidden_link_text'>Compartir en LinkedIn<\/span><\/a><\/li><li class='av-share-link av-social-link-mail' ><a  aria-label=\"Compartir por correo\" href='mailto:?subject=La%20Regi%C3%B3n%20de%20Ays%C3%A9n%20lidera%20a%20nivel%20nacional%20compras%20p%C3%BAblicas%20a%20MiPymes%20este%20trimestre&#038;body=https:\/\/radiorevelacionfm.cl\/?p=4124' aria-hidden='false' data-av_icon='\ue805' data-av_iconfont='entypo-fontello' title='' data-avia-related-tooltip='Compartir por correo'><span class='avia_hidden_link_text'>Compartir por correo<\/span><\/a><\/li><\/ul><\/div><\/div>\n<div  style='height:50px' class='hr hr-invisible   avia-builder-el-8  el_after_av_social_share  el_before_av_comments_list '><span class='hr-inner ' ><span class='hr-inner-style'><\/span><\/span><\/div>\n<div  class='av-buildercomment  av-blog-meta-html-info-disabled av-blog-meta-tag-disabled  '><\/div>\n","protected":false},"excerpt":{"rendered":"","protected":false},"author":1,"featured_media":0,"comment_status":"open","ping_status":"open","sticky":false,"template":"","format":"standard","meta":{"footnotes":""},"categories":[37],"tags":[],"class_list":["post-4124","post","type-post","status-publish","format-standard","hentry","category-economia"],"jetpack_featured_media_url":"","_links":{"self":[{"href":"https:\/\/radiorevelacionfm.cl\/index.php?rest_route=\/wp\/v2\/posts\/4124","targetHints":{"allow":["GET"]}}],"collection":[{"href":"https:\/\/radiorevelacionfm.cl\/index.php?rest_route=\/wp\/v2\/posts"}],"about":[{"href":"https:\/\/radiorevelacionfm.cl\/index.php?rest_route=\/wp\/v2\/types\/post"}],"author":[{"embeddable":true,"href":"https:\/\/radiorevelacionfm.cl\/index.php?rest_route=\/wp\/v2\/users\/1"}],"replies":[{"embeddable":true,"href":"https:\/\/radiorevelacionfm.cl\/index.php?rest_route=%2Fwp%2Fv2%2Fcomments&post=4124"}],"version-history":[{"count":1,"href":"https:\/\/radiorevelacionfm.cl\/index.php?rest_route=\/wp\/v2\/posts\/4124\/revisions"}],"predecessor-version":[{"id":4126,"href":"https:\/\/radiorevelacionfm.cl\/index.php?rest_route=\/wp\/v2\/posts\/4124\/revisions\/4126"}],"wp:attachment":[{"href":"https:\/\/radiorevelacionfm.cl\/index.php?rest_route=%2Fwp%2Fv2%2Fmedia&parent=4124"}],"wp:term":[{"taxonomy":"category","embeddable":true,"href":"https:\/\/radiorevelacionfm.cl\/index.php?rest_route=%2Fwp%2Fv2%2Fcategories&post=4124"},{"taxonomy":"post_tag","embeddable":true,"href":"https:\/\/radiorevelacionfm.cl\/index.php?rest_route=%2Fwp%2Fv2%2Ftags&post=4124"}],"curies":[{"name":"wp","href":"https:\/\/api.w.org\/{rel}","templated":true}]}}