{"id":41239,"date":"2024-04-12T20:25:46","date_gmt":"2024-04-12T23:25:46","guid":{"rendered":"https:\/\/radiorevelacionfm.cl\/?p=41239"},"modified":"2024-04-12T20:25:46","modified_gmt":"2024-04-12T23:25:46","slug":"invitan-a-participar-del-concurso-a-cantar-con-energia","status":"publish","type":"post","link":"https:\/\/radiorevelacionfm.cl\/?p=41239","title":{"rendered":"Invitan a participar del concurso \u00abA Cantar con Energ\u00eda\u00bb"},"content":{"rendered":"<div class=\"flex_column av_one_full  flex_column_div av-zero-column-padding first  avia-builder-el-0  el_before_av_one_full  avia-builder-el-first  \" style='border-radius:0px; '><div  class='avia-image-container  av-styling-    avia-builder-el-1  avia-builder-el-no-sibling  avia-align-center '  itemprop=\"image\" itemscope=\"itemscope\" itemtype=\"https:\/\/schema.org\/ImageObject\"  ><div class='avia-image-container-inner'><div class='avia-image-overlay-wrap'><img decoding=\"async\" class='wp-image-41240 avia-img-lazy-loading-not-41240 avia_image' src=\"https:\/\/radiorevelacionfm.cl\/wp-content\/uploads\/2024\/04\/educa-sostenible-3-1_optimized.jpeg\" alt='' title='educa-sostenible-(3)-(1)_optimized' height=\"600\" width=\"900\"  itemprop=\"thumbnailUrl\" srcset=\"https:\/\/radiorevelacionfm.cl\/wp-content\/uploads\/2024\/04\/educa-sostenible-3-1_optimized.jpeg 900w, https:\/\/radiorevelacionfm.cl\/wp-content\/uploads\/2024\/04\/educa-sostenible-3-1_optimized-300x200.jpeg 300w, https:\/\/radiorevelacionfm.cl\/wp-content\/uploads\/2024\/04\/educa-sostenible-3-1_optimized-768x512.jpeg 768w, https:\/\/radiorevelacionfm.cl\/wp-content\/uploads\/2024\/04\/educa-sostenible-3-1_optimized-705x470.jpeg 705w, https:\/\/radiorevelacionfm.cl\/wp-content\/uploads\/2024\/04\/educa-sostenible-3-1_optimized-450x300.jpeg 450w, https:\/\/radiorevelacionfm.cl\/wp-content\/uploads\/2024\/04\/educa-sostenible-3-1_optimized-600x400.jpeg 600w\" sizes=\"(max-width: 900px) 100vw, 900px\" \/><\/div><\/div><\/div><\/div><div class=\"flex_column av_one_full  flex_column_div av-zero-column-padding first  avia-builder-el-2  el_after_av_one_full  el_before_av_one_full  column-top-margin\" style='border-radius:0px; '><section class=\"av_textblock_section \"  itemscope=\"itemscope\" itemtype=\"https:\/\/schema.org\/BlogPosting\" itemprop=\"blogPost\" ><div class='avia_textblock  '   itemprop=\"text\" ><p class=\"v1MsoNormal\" style=\"text-align: center;\" align=\"center\"><strong><span style=\"font-size: 18pt;\">invitan a participar del concurso \u00abA Cantar con Energ\u00eda\u00bb<\/span><\/strong><\/p>\n<p class=\"v1MsoNormal\"><b><i>\u00a0<\/i><\/b><\/p>\n<div id=\"gtx-trans\" style=\"position: absolute; left: -50px; top: 4.31534px;\">\n<div class=\"gtx-trans-icon\"><\/div>\n<\/div>\n<\/div><\/section><\/div><div class=\"flex_column av_one_full  flex_column_div av-zero-column-padding first  avia-builder-el-4  el_after_av_one_full  el_before_av_hr  column-top-margin\" style='border-radius:0px; '><section class=\"av_textblock_section \"  itemscope=\"itemscope\" itemtype=\"https:\/\/schema.org\/BlogPosting\" itemprop=\"blogPost\" ><div class='avia_textblock  '   itemprop=\"text\" ><p class=\"v1MsoNormal\" style=\"text-align: justify;\"><i>La iniciativa del Ministerio de Energ\u00eda, implementada por la Agencia de Sostenibilidad Energ\u00e9tica y apoyada t\u00e9cnicamente por la Subsecretar\u00eda de Educaci\u00f3n Parvularia, extendi\u00f3 hasta el 31 de mayo de 2024 el plazo de postulaciones.<\/i><b><i><\/i><\/b><\/p>\n<p class=\"v1MsoNormal\" style=\"text-align: justify;\">Se estren\u00f3 una nueva versi\u00f3n del programa \u00abSuma tu Energ\u00eda\u00bb, a trav\u00e9s del canal de YouTube de la Agencia de Sostenibilidad Energ\u00e9tica (AgenciaSE). En su secci\u00f3n infantil, contar\u00e1 con el concurso \u00abA Cantar con Energ\u00eda\u00bb, que invita a participar a equipos pedag\u00f3gicos de salas cuna y\/o jardines infantiles mediante la creaci\u00f3n de una parte de la canci\u00f3n de los \u00abSuperh\u00e9roes Energ\u00e9ticos\u00bb de Educa Sostenible.<\/p>\n<p class=\"v1MsoNormal\" style=\"text-align: justify;\">Educa Sostenible es una iniciativa que promueve la educaci\u00f3n energ\u00e9tica para comunidades educativas a nivel nacional y es implementada por la Agencia de Sostenibilidad Energ\u00e9tica (AgenciaSE). Con esta iniciativa y sus distintos servicios se busca aportar al desarrollo de procesos educativos e informativos con enfoque de g\u00e9nero e intercultural para que las personas y las comunidades educativas promuevan la sostenibilidad energ\u00e9tica desde una mirada global, nacional y local.<\/p>\n<p class=\"v1MsoNormal\" style=\"text-align: justify;\">El Ministerio de Energ\u00eda en conjunto con la AgenciaSE vienen desarrollando desde el 2023 diversas acciones educativas sobre sostenibilidad energ\u00e9tica con foco en Educaci\u00f3n Parvularia, en el marco del programa Educa Sostenible. Para la Subsecretar\u00eda de Educaci\u00f3n Parvularia, es importante promover este tipo de iniciativas, pues para ambos ministerios, resulta imprescindible resguardar que las iniciativas y actividades dirigidas a ni\u00f1os y ni\u00f1as referidas a tem\u00e1ticas tan importantes como esta, dialoguen con los referentes curriculares y con las caracter\u00edsticas propias de las comunidades educativas del nivel.<\/p>\n<p class=\"v1MsoNormal\" style=\"text-align: justify;\">En este concurso pueden participar educadoras, educadores y t\u00e9cnicos\/as en educaci\u00f3n parvularia que se encuentren trabajando en alg\u00fan jard\u00edn infantil y\/o sala cuna de todo el territorio nacional, la relevancia de estas experiencias para que \u00ablas comunidades educativas en su conjunto reflexionen, dise\u00f1en y planifiquen experiencias educativas sensibles con ni\u00f1os, ni\u00f1as, sus familias y sus entornos\u00bb.<\/p>\n<p class=\"v1MsoNormal\" style=\"text-align: justify;\">La propuesta ganadora ser\u00e1 grabada por los \u00abSuperh\u00e9roes Energ\u00e9ticos\u00bb en el marco del programa \u00abSuma Tu Energ\u00eda\u00bb. Se destacar\u00e1 a la sala cuna y\/o jard\u00edn infantil en los cr\u00e9ditos de la canci\u00f3n y adem\u00e1s se entregar\u00e1n premios para las tres mejores propuestas.<\/p>\n<p class=\"v1MsoNormal\" style=\"text-align: justify;\">Las\u00a0<a href=\"https:\/\/drive.google.com\/drive\/folders\/11LF3UaSak8xbsIiW8vPSqArdLmsNL9_i\" target=\"_blank\" rel=\"noopener noreferrer\">bases del concurso<\/a>\u00a0y toda la informaci\u00f3n sobre c\u00f3mo participar se encuentran disponible en el sitio web:\u00a0<a href=\"http:\/\/www.educasosteniblechile.cl\/\" target=\"_blank\" rel=\"noopener noreferrer\">www.educasosteniblechile.cl<\/a><\/p>\n<\/div><\/section><\/div><div  style='height:50px' class='hr hr-invisible   avia-builder-el-6  el_after_av_one_full  el_before_av_social_share '><span class='hr-inner ' ><span class='hr-inner-style'><\/span><\/span><\/div><\/p>\n<div  class='av-social-sharing-box  avia-builder-el-7  el_after_av_hr  el_before_av_hr  '><div class='av-share-box'><h5 class='av-share-link-description av-no-toc '>Compartir esta noticia<\/h5><ul class='av-share-box-list noLightbox'><li class='av-share-link av-social-link-facebook' ><a target=\"_blank\" aria-label=\"Compartir en Facebook\" href='https:\/\/www.facebook.com\/sharer.php?u=https:\/\/radiorevelacionfm.cl\/?p=41239&#038;t=Invitan%20a%20participar%20del%20concurso%20%C2%ABA%20Cantar%20con%20Energ%C3%ADa%C2%BB' aria-hidden='false' data-av_icon='\ue8f3' data-av_iconfont='entypo-fontello' title='' data-avia-related-tooltip='Compartir en Facebook' rel=\"noopener\"><span class='avia_hidden_link_text'>Compartir en Facebook<\/span><\/a><\/li><li class='av-share-link av-social-link-twitter' ><a target=\"_blank\" aria-label=\"Compartir en Twitter\" href='https:\/\/twitter.com\/share?text=Invitan%20a%20participar%20del%20concurso%20%C2%ABA%20Cantar%20con%20Energ%C3%ADa%C2%BB&#038;url=https:\/\/radiorevelacionfm.cl\/?p=41239' aria-hidden='false' data-av_icon='\ue8f1' data-av_iconfont='entypo-fontello' title='' data-avia-related-tooltip='Compartir en Twitter' rel=\"noopener\"><span class='avia_hidden_link_text'>Compartir en Twitter<\/span><\/a><\/li><li class='av-share-link av-social-link-whatsapp' ><a target=\"_blank\" aria-label=\"Compartir en Whatsapp\" href='https:\/\/api.whatsapp.com\/send?text=https:\/\/radiorevelacionfm.cl\/?p=41239' aria-hidden='false' data-av_icon='\uf232' data-av_iconfont='entypo-fontello' title='' data-avia-related-tooltip='Compartir en Whatsapp' rel=\"noopener\"><span class='avia_hidden_link_text'>Compartir en Whatsapp<\/span><\/a><\/li><li class='av-share-link av-social-link-linkedin' ><a target=\"_blank\" aria-label=\"Compartir en LinkedIn\" href='https:\/\/linkedin.com\/shareArticle?mini=true&#038;title=Invitan%20a%20participar%20del%20concurso%20%C2%ABA%20Cantar%20con%20Energ%C3%ADa%C2%BB&#038;url=https:\/\/radiorevelacionfm.cl\/?p=41239' aria-hidden='false' data-av_icon='\ue8fc' data-av_iconfont='entypo-fontello' title='' data-avia-related-tooltip='Compartir en LinkedIn' rel=\"noopener\"><span class='avia_hidden_link_text'>Compartir en LinkedIn<\/span><\/a><\/li><li class='av-share-link av-social-link-mail' ><a  aria-label=\"Compartir por correo\" href='mailto:?subject=Invitan%20a%20participar%20del%20concurso%20%C2%ABA%20Cantar%20con%20Energ%C3%ADa%C2%BB&#038;body=https:\/\/radiorevelacionfm.cl\/?p=41239' aria-hidden='false' data-av_icon='\ue805' data-av_iconfont='entypo-fontello' title='' data-avia-related-tooltip='Compartir por correo'><span class='avia_hidden_link_text'>Compartir por correo<\/span><\/a><\/li><\/ul><\/div><\/div>\n<div  style='height:50px' class='hr hr-invisible   avia-builder-el-8  el_after_av_social_share  el_before_av_comments_list '><span class='hr-inner ' ><span class='hr-inner-style'><\/span><\/span><\/div>\n<div  class='av-buildercomment  av-blog-meta-html-info-disabled av-blog-meta-tag-disabled  '><\/div>\n","protected":false},"excerpt":{"rendered":"","protected":false},"author":1,"featured_media":41240,"comment_status":"open","ping_status":"open","sticky":false,"template":"","format":"standard","meta":{"footnotes":""},"categories":[61],"tags":[],"class_list":["post-41239","post","type-post","status-publish","format-standard","has-post-thumbnail","hentry","category-nacional"],"jetpack_featured_media_url":"https:\/\/radiorevelacionfm.cl\/wp-content\/uploads\/2024\/04\/educa-sostenible-3-1_optimized.jpeg","_links":{"self":[{"href":"https:\/\/radiorevelacionfm.cl\/index.php?rest_route=\/wp\/v2\/posts\/41239","targetHints":{"allow":["GET"]}}],"collection":[{"href":"https:\/\/radiorevelacionfm.cl\/index.php?rest_route=\/wp\/v2\/posts"}],"about":[{"href":"https:\/\/radiorevelacionfm.cl\/index.php?rest_route=\/wp\/v2\/types\/post"}],"author":[{"embeddable":true,"href":"https:\/\/radiorevelacionfm.cl\/index.php?rest_route=\/wp\/v2\/users\/1"}],"replies":[{"embeddable":true,"href":"https:\/\/radiorevelacionfm.cl\/index.php?rest_route=%2Fwp%2Fv2%2Fcomments&post=41239"}],"version-history":[{"count":1,"href":"https:\/\/radiorevelacionfm.cl\/index.php?rest_route=\/wp\/v2\/posts\/41239\/revisions"}],"predecessor-version":[{"id":41241,"href":"https:\/\/radiorevelacionfm.cl\/index.php?rest_route=\/wp\/v2\/posts\/41239\/revisions\/41241"}],"wp:featuredmedia":[{"embeddable":true,"href":"https:\/\/radiorevelacionfm.cl\/index.php?rest_route=\/wp\/v2\/media\/41240"}],"wp:attachment":[{"href":"https:\/\/radiorevelacionfm.cl\/index.php?rest_route=%2Fwp%2Fv2%2Fmedia&parent=41239"}],"wp:term":[{"taxonomy":"category","embeddable":true,"href":"https:\/\/radiorevelacionfm.cl\/index.php?rest_route=%2Fwp%2Fv2%2Fcategories&post=41239"},{"taxonomy":"post_tag","embeddable":true,"href":"https:\/\/radiorevelacionfm.cl\/index.php?rest_route=%2Fwp%2Fv2%2Ftags&post=41239"}],"curies":[{"name":"wp","href":"https:\/\/api.w.org\/{rel}","templated":true}]}}