{"id":41236,"date":"2024-04-12T15:51:17","date_gmt":"2024-04-12T18:51:17","guid":{"rendered":"https:\/\/radiorevelacionfm.cl\/?p=41236"},"modified":"2024-04-12T15:51:17","modified_gmt":"2024-04-12T18:51:17","slug":"237-familias-de-coyhaique-recibieron-su-subsidio-habitacional-y-despues-de-15-anos-podran-iniciar-obras-en-la-chacra-g","status":"publish","type":"post","link":"https:\/\/radiorevelacionfm.cl\/?p=41236","title":{"rendered":"237 familias de Coyhaique recibieron su subsidio habitacional y despu\u00e9s de 15 a\u00f1os podr\u00e1n iniciar obras en la Chacra G"},"content":{"rendered":"<div class=\"flex_column av_one_full  flex_column_div av-zero-column-padding first  avia-builder-el-0  el_before_av_one_full  avia-builder-el-first  \" style='border-radius:0px; '><div  class='avia-image-container  av-styling-    avia-builder-el-1  avia-builder-el-no-sibling  avia-align-center '  itemprop=\"image\" itemscope=\"itemscope\" itemtype=\"https:\/\/schema.org\/ImageObject\"  ><div class='avia-image-container-inner'><div class='avia-image-overlay-wrap'><img decoding=\"async\" class='wp-image-41237 avia-img-lazy-loading-not-41237 avia_image' src=\"https:\/\/radiorevelacionfm.cl\/wp-content\/uploads\/2024\/04\/IMG_2226-1-1.jpg\" alt='' title='IMG_2226 (1) (1)' height=\"600\" width=\"900\"  itemprop=\"thumbnailUrl\" srcset=\"https:\/\/radiorevelacionfm.cl\/wp-content\/uploads\/2024\/04\/IMG_2226-1-1.jpg 900w, https:\/\/radiorevelacionfm.cl\/wp-content\/uploads\/2024\/04\/IMG_2226-1-1-300x200.jpg 300w, https:\/\/radiorevelacionfm.cl\/wp-content\/uploads\/2024\/04\/IMG_2226-1-1-768x512.jpg 768w, https:\/\/radiorevelacionfm.cl\/wp-content\/uploads\/2024\/04\/IMG_2226-1-1-705x470.jpg 705w, https:\/\/radiorevelacionfm.cl\/wp-content\/uploads\/2024\/04\/IMG_2226-1-1-450x300.jpg 450w, https:\/\/radiorevelacionfm.cl\/wp-content\/uploads\/2024\/04\/IMG_2226-1-1-600x400.jpg 600w\" sizes=\"(max-width: 900px) 100vw, 900px\" \/><\/div><\/div><\/div><\/div><div class=\"flex_column av_one_full  flex_column_div av-zero-column-padding first  avia-builder-el-2  el_after_av_one_full  el_before_av_one_full  column-top-margin\" style='border-radius:0px; '><section class=\"av_textblock_section \"  itemscope=\"itemscope\" itemtype=\"https:\/\/schema.org\/BlogPosting\" itemprop=\"blogPost\" ><div class='avia_textblock  '   itemprop=\"text\" ><p style=\"text-align: center;\"><span style=\"font-size: 18pt;\"><strong>237 familias de Coyhaique recibieron su subsidio habitacional y despu\u00e9s de 15 a\u00f1os podr\u00e1n iniciar obras en la Chacra G<\/strong><\/span><\/p>\n<div id=\"gtx-trans\" style=\"position: absolute; left: -50px; top: 4.31534px;\">\n<div class=\"gtx-trans-icon\"><\/div>\n<\/div>\n<\/div><\/section><\/div><div class=\"flex_column av_one_full  flex_column_div av-zero-column-padding first  avia-builder-el-4  el_after_av_one_full  el_before_av_hr  column-top-margin\" style='border-radius:0px; '><section class=\"av_textblock_section \"  itemscope=\"itemscope\" itemtype=\"https:\/\/schema.org\/BlogPosting\" itemprop=\"blogPost\" ><div class='avia_textblock  '   itemprop=\"text\" ><p style=\"text-align: justify;\">En un ambiente de gran alegr\u00eda y emoci\u00f3n, 237 familias de Coyhaique recibieron en la tarde de este jueves los certificados de subsidio que les permitir\u00e1n iniciar las obras de construcci\u00f3n de sus anheladas viviendas en terrenos de la denominada \u201cChacra G\u201d, emblem\u00e1tico proyecto que viene trabajando el Ministerio de Vivienda desde hace m\u00e1s de una d\u00e9cada con apoyo de las autoridades regionales, entidades patrocinantes, dirigentes y beneficiarios.<\/p>\n<p style=\"text-align: justify;\">Los integrantes de los comit\u00e9s \u201cCaminando por Coyhaique\u201d, \u201cVentisqueros\u201d, \u201cAdonay\u201d y \u201cChilcos de la Patagonia\u201d coincidieron en destacar que este acto no solo representa la entrega de subsidios para las familias que han trabajado por m\u00e1s de 15 a\u00f1os por su casa propia, sino que se trata, adem\u00e1s, un hito hist\u00f3rico al dar la luz verde a la ejecuci\u00f3n del mayor proyecto habitacional en la historia de la regi\u00f3n. Cabe consignar que all\u00ed se proyectan m\u00e1s de dos mil soluciones habitacionales en el mediano y largo plazo, considerando los grupos asociados a los terrenos de la Chacra G 1 y posteriormente los de la Chacra G 2, los que forman parte del Plan Urbano Habitacional que impulsa el Ministerio de Vivienda como \u00e1rea de expansi\u00f3n para la capital regional.<\/p>\n<p style=\"text-align: justify;\">En ese contexto la Seremi de Vivienda, Paulina Ruz, felicit\u00f3 a las familias y destac\u00f3 el avance en las metas asumidas por el Gobierno. \u201cEn este caso asumimos un compromiso con las m\u00e1s de mil 200 familias de la Chacra G, donde iniciar\u00edamos las obras, adelantar\u00edamos los procesos y para ello es que se otorgan estos 237 primeros certificados de subsidio que nos va a permitir adem\u00e1s iniciar obras para generar las conexiones para el resto de las familias. Es un proyecto emblem\u00e1tico en materia habitacional en la regi\u00f3n, el cual es parte de nuestro Plan de Emergencia Habitacional como una pol\u00edtica de Estado impulsada por el presidente Gabriel Boric, y nuestro ministro de vivienda Carlos Montes. Nuestro trabajo no se puede concebir sin las comunidades y nuestro compromiso con las familias de la regi\u00f3n de Ays\u00e9n est\u00e1 m\u00e1s firme que nunca\u201d, afirm\u00f3.<\/p>\n<p style=\"text-align: justify;\">De igual forma el Delegado Presidencial Regional, Rodrigo Araya, indic\u00f3 que estos avances concretos reafirman el compromiso del Gobierno con las familias de todas las comunas de la regi\u00f3n. \u201cEl trabajo que ha hecho aqu\u00ed la Seremi de Vivienda con el apoyo del ministro Montes, ha sido relevante. Este hito de 237 familias donde le entregamos los certificados de subsidio, vienen a resolver un problema de 15 a\u00f1os de arrastre y lo espectacular es que nuestro Gobierno, con su Plan de Emergencia, pudo gestionar este subsidio para que sumando el apoyo del Gobierno Regional se construya tambi\u00e9n la macro infraestructura en conjunto con las viviendas. Eso es algo pocas veces visto y nos va a permitir continuar despu\u00e9s construyendo las otras viviendas en secuencia\u201d, precis\u00f3.<\/p>\n<p style=\"text-align: justify;\"><strong>Las Familias<\/strong><\/p>\n<p style=\"text-align: justify;\">La alegr\u00eda de las familias qued\u00f3 reflejada en las palabras de la dirigenta Mar\u00eda C\u00e1rcamo, secretaria del comit\u00e9 Adonay. \u201cEstamos muy felices, la verdad que esta es la punta del iceberg de muchos proyectos y en realidad estamos muy contentos porque lo logramos. Tenemos que agradecer a la Seremi porque hizo un trabajo espectacular, se movi\u00f3 a nivel central y estamos muy agradecidos de todo lo que se ha hecho en este \u00faltimo tiempo. Avanzamos lo que no hab\u00edamos avanzado en 14 a\u00f1os, lo avanzamos en un a\u00f1o y medio o dos, entonces la verdad es que solamente tenemos agradecimiento por un avance incre\u00edble. Tenemos el terreno, tenemos los subsidios y adem\u00e1s, como dijo el Alcalde, los permisos de obras preliminares, as\u00ed que felicitaciones para nosotros y para todos\u201d, manifest\u00f3.<\/p>\n<p style=\"text-align: justify;\">Similares palabras tuvo Juan Carvajal, Secretario del Comit\u00e9 Ventisqueros, quien dijo que los subsidios son una muestra de que el trabajo y la perseverancia van rindiendo sus frutos. \u201cS\u00ed, mucho tiempo esperando, ya casi 18 a\u00f1os, para el gran anhelo de la casa propia y tambi\u00e9n como representante del comit\u00e9, de las familias que tenemos, as\u00ed que orgulloso por todos ellos tambi\u00e9n que tienen ya su certificado en mano y ahora vamos con el pie derecho a seguir con lo que se viene, que ya es la futura construcci\u00f3n de las casas\u201d, indic\u00f3.<\/p>\n<p style=\"text-align: justify;\">La construcci\u00f3n de las primeras 237 viviendas de la Chacra G ser\u00e1 posible tambi\u00e9n con el apoyo de las entidades patrocinantes Xinta y Aes Consultores, en base a una inversi\u00f3n del Ministerio de Vivienda a la que se debe sumar el ahorro de las familias y un aporte de 2 mil millones de pesos del Gobierno Regional de Ays\u00e9n.<\/p>\n<p style=\"text-align: justify;\">Seg\u00fan lo proyectado, en los pr\u00f3ximos meses se espera iniciar la construcci\u00f3n de las v\u00edas principales del lote G1, incluyendo las matrices de agua potable, los colectores de alcantarillado, electrificaci\u00f3n y alumbrado p\u00fablico, la pavimentaci\u00f3n y habilitaci\u00f3n de terrenos para conformar las manzanas donde se emplazar\u00e1n los loteos de los comit\u00e9s de vivienda.<\/p>\n<\/div><\/section><\/div><div  style='height:50px' class='hr hr-invisible   avia-builder-el-6  el_after_av_one_full  el_before_av_social_share '><span class='hr-inner ' ><span class='hr-inner-style'><\/span><\/span><\/div><\/p>\n<div  class='av-social-sharing-box  avia-builder-el-7  el_after_av_hr  el_before_av_hr  '><div class='av-share-box'><h5 class='av-share-link-description av-no-toc '>Compartir esta noticia<\/h5><ul class='av-share-box-list noLightbox'><li class='av-share-link av-social-link-facebook' ><a target=\"_blank\" aria-label=\"Compartir en Facebook\" href='https:\/\/www.facebook.com\/sharer.php?u=https:\/\/radiorevelacionfm.cl\/?p=41236&#038;t=237%20familias%20de%20Coyhaique%20recibieron%20su%20subsidio%20habitacional%20y%20despu%C3%A9s%20de%2015%20a%C3%B1os%20podr%C3%A1n%20iniciar%20obras%20en%20la%20Chacra%20G' aria-hidden='false' data-av_icon='\ue8f3' data-av_iconfont='entypo-fontello' title='' data-avia-related-tooltip='Compartir en Facebook' rel=\"noopener\"><span class='avia_hidden_link_text'>Compartir en Facebook<\/span><\/a><\/li><li class='av-share-link av-social-link-twitter' ><a target=\"_blank\" aria-label=\"Compartir en Twitter\" href='https:\/\/twitter.com\/share?text=237%20familias%20de%20Coyhaique%20recibieron%20su%20subsidio%20habitacional%20y%20despu%C3%A9s%20de%2015%20a%C3%B1os%20podr%C3%A1n%20iniciar%20obras%20en%20la%20Chacra%20G&#038;url=https:\/\/radiorevelacionfm.cl\/?p=41236' aria-hidden='false' data-av_icon='\ue8f1' data-av_iconfont='entypo-fontello' title='' data-avia-related-tooltip='Compartir en Twitter' rel=\"noopener\"><span class='avia_hidden_link_text'>Compartir en Twitter<\/span><\/a><\/li><li class='av-share-link av-social-link-whatsapp' ><a target=\"_blank\" aria-label=\"Compartir en Whatsapp\" href='https:\/\/api.whatsapp.com\/send?text=https:\/\/radiorevelacionfm.cl\/?p=41236' aria-hidden='false' data-av_icon='\uf232' data-av_iconfont='entypo-fontello' title='' data-avia-related-tooltip='Compartir en Whatsapp' rel=\"noopener\"><span class='avia_hidden_link_text'>Compartir en Whatsapp<\/span><\/a><\/li><li class='av-share-link av-social-link-linkedin' ><a target=\"_blank\" aria-label=\"Compartir en LinkedIn\" href='https:\/\/linkedin.com\/shareArticle?mini=true&#038;title=237%20familias%20de%20Coyhaique%20recibieron%20su%20subsidio%20habitacional%20y%20despu%C3%A9s%20de%2015%20a%C3%B1os%20podr%C3%A1n%20iniciar%20obras%20en%20la%20Chacra%20G&#038;url=https:\/\/radiorevelacionfm.cl\/?p=41236' aria-hidden='false' data-av_icon='\ue8fc' data-av_iconfont='entypo-fontello' title='' data-avia-related-tooltip='Compartir en LinkedIn' rel=\"noopener\"><span class='avia_hidden_link_text'>Compartir en LinkedIn<\/span><\/a><\/li><li class='av-share-link av-social-link-mail' ><a  aria-label=\"Compartir por correo\" href='mailto:?subject=237%20familias%20de%20Coyhaique%20recibieron%20su%20subsidio%20habitacional%20y%20despu%C3%A9s%20de%2015%20a%C3%B1os%20podr%C3%A1n%20iniciar%20obras%20en%20la%20Chacra%20G&#038;body=https:\/\/radiorevelacionfm.cl\/?p=41236' aria-hidden='false' data-av_icon='\ue805' data-av_iconfont='entypo-fontello' title='' data-avia-related-tooltip='Compartir por correo'><span class='avia_hidden_link_text'>Compartir por correo<\/span><\/a><\/li><\/ul><\/div><\/div>\n<div  style='height:50px' class='hr hr-invisible   avia-builder-el-8  el_after_av_social_share  el_before_av_comments_list '><span class='hr-inner ' ><span class='hr-inner-style'><\/span><\/span><\/div>\n<div  class='av-buildercomment  av-blog-meta-html-info-disabled av-blog-meta-tag-disabled  '><\/div>\n","protected":false},"excerpt":{"rendered":"","protected":false},"author":1,"featured_media":41237,"comment_status":"open","ping_status":"open","sticky":false,"template":"","format":"standard","meta":{"footnotes":""},"categories":[57],"tags":[],"class_list":["post-41236","post","type-post","status-publish","format-standard","has-post-thumbnail","hentry","category-vivienda"],"jetpack_featured_media_url":"https:\/\/radiorevelacionfm.cl\/wp-content\/uploads\/2024\/04\/IMG_2226-1-1.jpg","_links":{"self":[{"href":"https:\/\/radiorevelacionfm.cl\/index.php?rest_route=\/wp\/v2\/posts\/41236","targetHints":{"allow":["GET"]}}],"collection":[{"href":"https:\/\/radiorevelacionfm.cl\/index.php?rest_route=\/wp\/v2\/posts"}],"about":[{"href":"https:\/\/radiorevelacionfm.cl\/index.php?rest_route=\/wp\/v2\/types\/post"}],"author":[{"embeddable":true,"href":"https:\/\/radiorevelacionfm.cl\/index.php?rest_route=\/wp\/v2\/users\/1"}],"replies":[{"embeddable":true,"href":"https:\/\/radiorevelacionfm.cl\/index.php?rest_route=%2Fwp%2Fv2%2Fcomments&post=41236"}],"version-history":[{"count":1,"href":"https:\/\/radiorevelacionfm.cl\/index.php?rest_route=\/wp\/v2\/posts\/41236\/revisions"}],"predecessor-version":[{"id":41238,"href":"https:\/\/radiorevelacionfm.cl\/index.php?rest_route=\/wp\/v2\/posts\/41236\/revisions\/41238"}],"wp:featuredmedia":[{"embeddable":true,"href":"https:\/\/radiorevelacionfm.cl\/index.php?rest_route=\/wp\/v2\/media\/41237"}],"wp:attachment":[{"href":"https:\/\/radiorevelacionfm.cl\/index.php?rest_route=%2Fwp%2Fv2%2Fmedia&parent=41236"}],"wp:term":[{"taxonomy":"category","embeddable":true,"href":"https:\/\/radiorevelacionfm.cl\/index.php?rest_route=%2Fwp%2Fv2%2Fcategories&post=41236"},{"taxonomy":"post_tag","embeddable":true,"href":"https:\/\/radiorevelacionfm.cl\/index.php?rest_route=%2Fwp%2Fv2%2Ftags&post=41236"}],"curies":[{"name":"wp","href":"https:\/\/api.w.org\/{rel}","templated":true}]}}