{"id":41227,"date":"2024-04-12T11:57:47","date_gmt":"2024-04-12T14:57:47","guid":{"rendered":"https:\/\/radiorevelacionfm.cl\/?p=41227"},"modified":"2024-04-12T11:57:47","modified_gmt":"2024-04-12T14:57:47","slug":"por-cachorro-abandonado-en-una-letrina-del-parque-nacional-cerro-castillo-conaf-reitera-llamado-a-tenencia-responsable-de-animales","status":"publish","type":"post","link":"https:\/\/radiorevelacionfm.cl\/?p=41227","title":{"rendered":"Por cachorro abandonado en una letrina del Parque Nacional Cerro Castillo: CONAF reitera llamado a tenencia responsable de animales"},"content":{"rendered":"<div class=\"flex_column av_one_full  flex_column_div av-zero-column-padding first  avia-builder-el-0  el_before_av_one_full  avia-builder-el-first  \" style='border-radius:0px; '><div  class='avia-image-container  av-styling-    avia-builder-el-1  avia-builder-el-no-sibling  avia-align-center '  itemprop=\"image\" itemscope=\"itemscope\" itemtype=\"https:\/\/schema.org\/ImageObject\"  ><div class='avia-image-container-inner'><div class='avia-image-overlay-wrap'><img decoding=\"async\" class='wp-image-41228 avia-img-lazy-loading-not-41228 avia_image' src=\"https:\/\/radiorevelacionfm.cl\/wp-content\/uploads\/2024\/04\/Foto-2-37-1-1.jpg\" alt='' title='Foto 2 (37) (1) (1)' height=\"600\" width=\"829\"  itemprop=\"thumbnailUrl\" srcset=\"https:\/\/radiorevelacionfm.cl\/wp-content\/uploads\/2024\/04\/Foto-2-37-1-1.jpg 829w, https:\/\/radiorevelacionfm.cl\/wp-content\/uploads\/2024\/04\/Foto-2-37-1-1-300x217.jpg 300w, https:\/\/radiorevelacionfm.cl\/wp-content\/uploads\/2024\/04\/Foto-2-37-1-1-768x556.jpg 768w, https:\/\/radiorevelacionfm.cl\/wp-content\/uploads\/2024\/04\/Foto-2-37-1-1-705x510.jpg 705w, https:\/\/radiorevelacionfm.cl\/wp-content\/uploads\/2024\/04\/Foto-2-37-1-1-450x326.jpg 450w, https:\/\/radiorevelacionfm.cl\/wp-content\/uploads\/2024\/04\/Foto-2-37-1-1-600x434.jpg 600w\" sizes=\"(max-width: 829px) 100vw, 829px\" \/><\/div><\/div><\/div><\/div><div class=\"flex_column av_one_full  flex_column_div av-zero-column-padding first  avia-builder-el-2  el_after_av_one_full  el_before_av_one_full  column-top-margin\" style='border-radius:0px; '><section class=\"av_textblock_section \"  itemscope=\"itemscope\" itemtype=\"https:\/\/schema.org\/BlogPosting\" itemprop=\"blogPost\" ><div class='avia_textblock  '   itemprop=\"text\" ><p style=\"text-align: center;\"><strong><span style=\"font-size: 18pt;\">Por cachorro abandonado en una letrina del Parque Nacional Cerro Castillo: CONAF reitera llamado a tenencia responsable de animales<\/span><\/strong><\/p>\n<div id=\"gtx-trans\" style=\"position: absolute; left: -50px; top: 4.31534px;\">\n<div class=\"gtx-trans-icon\"><\/div>\n<\/div>\n<\/div><\/section><\/div><div class=\"flex_column av_one_full  flex_column_div av-zero-column-padding first  avia-builder-el-4  el_after_av_one_full  el_before_av_hr  column-top-margin\" style='border-radius:0px; '><section class=\"av_textblock_section \"  itemscope=\"itemscope\" itemtype=\"https:\/\/schema.org\/BlogPosting\" itemprop=\"blogPost\" ><div class='avia_textblock  '   itemprop=\"text\" ><ul>\n<li style=\"text-align: justify;\"><em>La presencia de mascotas y animales dom\u00e9sticos en las \u00c1reas Protegidas, adem\u00e1s de los incendios forestales, son las principales amenazas a los que se enfrenta la fauna silvestre del pa\u00eds y de la regi\u00f3n de Ays\u00e9n.<\/em><\/li>\n<\/ul>\n<ul style=\"text-align: justify;\">\n<li><em>En tal sentido, cabe recordar que no est\u00e1 permitido el ingreso ni la circulaci\u00f3n de perros, gatos y otras mascotas en las \u00c1reas Protegidas administradas por la Corporaci\u00f3n Nacional Forestal.<\/em><\/li>\n<\/ul>\n<p style=\"text-align: justify;\">El pasado mi\u00e9rcoles 10 de abril, cerca de las 13:00, la direcci\u00f3n regional de CONAF recibi\u00f3 un llamado del jefe provincial de Coyhaique, Jos\u00e9 Luis P\u00e9rez, quien inform\u00f3 que uno de los visitantes del Parque Nacional Cerro Castillo hab\u00eda notado la presencia de un animal al interior del pozo de una letrina del campamento Estero El Bosque de dicha unidad.<\/p>\n<p style=\"text-align: justify;\">Conocida la situaci\u00f3n, se solicit\u00f3 al m\u00e9dico veterinario Diego Cabeza y al guardaparque Tom\u00e1s Orme\u00f1o, realizar un patrullaje de urgencia para constatar el hecho, determinar si se trataba de un perro u otro animal, y evaluar su extracci\u00f3n.<\/p>\n<p style=\"text-align: justify;\">Finalmente, se trataba de un perro de entre 6 a 10 meses de vida, el cual se encontraba\u00a0 levemente deshidratado, muy d\u00e9bil y con restos fecales en su cuerpo. Tras regresar a la base de operaciones, el equipo de guardaparques del Parque Nacional Cerro Castillo le dio refugio, agua y alimento.<\/p>\n<p style=\"text-align: justify;\">Al respecto, la Jefa del Departamento de \u00c1reas Silvestres Protegidas de la Corporaci\u00f3n Nacional Forestal Ays\u00e9n, Andrea Bahamonde Valenzuela, recalc\u00f3 que est\u00e1 prohibido el ingreso de perros, gatos, mascotas y ganado a parques y reservas nacionales, monumentos naturales y santuarios de la naturaleza debido a los diversos impactos que generan hacia la fauna silvestre, tales como competencia, desplazamiento, predaci\u00f3n y trasmisi\u00f3n de enfermedades, entre otros efectos.<\/p>\n<p style=\"text-align: justify;\">\u201cLas \u00c1reas Protegidas son reservorios de vida silvestre que debemos cuidar entre todos. Por eso insistimos en el llamado a la tenencia responsable de mascotas, ya que es responsabilidad de cada uno mantener a sus animales de compa\u00f1\u00eda resguardados\u201d, remarc\u00f3 la profesional, quien adem\u00e1s se refiri\u00f3 a la importancia de las leyes N\u00b0 21.020 sobre Tenencia Responsable de Mascotas y Animales de Compa\u00f1\u00eda y N\u00b0 20.380 sobre Sobre Protecci\u00f3n de Animales, las cuales establecen el marco regulatorio del respeto y protecci\u00f3n de los animales.<\/p>\n<p style=\"text-align: justify;\">En este sentido, Mario Alegr\u00eda, administrador del Parque Nacional Cerro Castillo cuenta que hace dos a\u00f1os, una jaur\u00eda de perros atac\u00f3 a una hembra de huemul que estaba pre\u00f1ada.<\/p>\n<p style=\"text-align: justify;\">\u201cLamentablemente la huemula no sobrevivi\u00f3 debido a las graves lesiones que le provocaron. Por esa raz\u00f3n, y porque que el ingreso de perros que acompa\u00f1an a los visitantes se ha vuelto algo habitual en los distintos puntos de la red senderos del parque, es fundamental que los animales dom\u00e9sticos est\u00e9n bajo la supervisi\u00f3n y cuidado de sus due\u00f1os\u201d, precisa.<\/p>\n<p style=\"text-align: justify;\">El funcionario agrega que seg\u00fan los resultados del sistema de monitoreo de objetos de conservaci\u00f3n y sus amenazas, que se lleva a cabo desde el a\u00f1o 2020 en el Parque Nacional Cerro Castillo, los perros han mantenido una ocupaci\u00f3n de sitio de 8%, donde convergen en al menos 3 puntos de monitoreo con los huemules que viven en esta \u00e1rea protegida.<\/p>\n<p style=\"text-align: justify;\">\u201cLas comunidades aleda\u00f1as juegan un papel crucial en la preservaci\u00f3n de las especies nativas, siendo vital su participaci\u00f3n activa y su apoyo en la prohibici\u00f3n del ingreso de mascotas al parque nacional. Por eso hacemos un llamado a la comunidad y a quienes visitan estas unidades a cuidar a los animales en todas sus categor\u00edas; a la fauna silvestre que est\u00e1 a resguardo en el interior de las \u00c1reas Protegidas y a los animales dom\u00e9sticos que deben estar bajo la tuici\u00f3n y cuidados de sus due\u00f1os\u201d, puntualiza.<\/p>\n<p style=\"text-align: justify;\">Cabe precisar que ante la presencia de animales dom\u00e9sticos, las especies nativas se ven disminuidas y amenazadas, por afectaci\u00f3n directa (depredaci\u00f3n) como indirecta (competencia; transmisi\u00f3n de enfermedades). As\u00ed tambi\u00e9n, hay que tener presente que los perros sin supervisi\u00f3n del ser humano no solo afectan a la biodiversidad, tambi\u00e9n a la salud p\u00fablica y seguridad de las personas.<\/p>\n<p style=\"text-align: justify;\">Finalmente, cabe destacar que tanto a nivel regional como nacional, CONAF realiza constantemente un trabajo de educaci\u00f3n para la conservaci\u00f3n hacia la comunidad, establecimientos educacionales y distintos organismos p\u00fablicos y privados, donde se se\u00f1ala la importancia de la tenencia responsable de mascotas, y se explica el efecto que \u00e9stas pueden tener sobre la fauna nativa, especialmente en el caso de los perros, principal amenaza de nuestra especie her\u00e1ldica huemul (<em>Hippocamelus bisulcus<\/em>).<\/p>\n<\/div><\/section><\/div><div  style='height:50px' class='hr hr-invisible   avia-builder-el-6  el_after_av_one_full  el_before_av_social_share '><span class='hr-inner ' ><span class='hr-inner-style'><\/span><\/span><\/div><\/p>\n<div  class='av-social-sharing-box  avia-builder-el-7  el_after_av_hr  el_before_av_hr  '><div class='av-share-box'><h5 class='av-share-link-description av-no-toc '>Compartir esta noticia<\/h5><ul class='av-share-box-list noLightbox'><li class='av-share-link av-social-link-facebook' ><a target=\"_blank\" aria-label=\"Compartir en Facebook\" href='https:\/\/www.facebook.com\/sharer.php?u=https:\/\/radiorevelacionfm.cl\/?p=41227&#038;t=Por%20cachorro%20abandonado%20en%20una%20letrina%20del%20Parque%20Nacional%20Cerro%20Castillo%3A%20CONAF%20reitera%20llamado%20a%20tenencia%20responsable%20de%20animales' aria-hidden='false' data-av_icon='\ue8f3' data-av_iconfont='entypo-fontello' title='' data-avia-related-tooltip='Compartir en Facebook' rel=\"noopener\"><span class='avia_hidden_link_text'>Compartir en Facebook<\/span><\/a><\/li><li class='av-share-link av-social-link-twitter' ><a target=\"_blank\" aria-label=\"Compartir en Twitter\" href='https:\/\/twitter.com\/share?text=Por%20cachorro%20abandonado%20en%20una%20letrina%20del%20Parque%20Nacional%20Cerro%20Castillo%3A%20CONAF%20reitera%20llamado%20a%20tenencia%20responsable%20de%20animales&#038;url=https:\/\/radiorevelacionfm.cl\/?p=41227' aria-hidden='false' data-av_icon='\ue8f1' data-av_iconfont='entypo-fontello' title='' data-avia-related-tooltip='Compartir en Twitter' rel=\"noopener\"><span class='avia_hidden_link_text'>Compartir en Twitter<\/span><\/a><\/li><li class='av-share-link av-social-link-whatsapp' ><a target=\"_blank\" aria-label=\"Compartir en Whatsapp\" href='https:\/\/api.whatsapp.com\/send?text=https:\/\/radiorevelacionfm.cl\/?p=41227' aria-hidden='false' data-av_icon='\uf232' data-av_iconfont='entypo-fontello' title='' data-avia-related-tooltip='Compartir en Whatsapp' rel=\"noopener\"><span class='avia_hidden_link_text'>Compartir en Whatsapp<\/span><\/a><\/li><li class='av-share-link av-social-link-linkedin' ><a target=\"_blank\" aria-label=\"Compartir en LinkedIn\" href='https:\/\/linkedin.com\/shareArticle?mini=true&#038;title=Por%20cachorro%20abandonado%20en%20una%20letrina%20del%20Parque%20Nacional%20Cerro%20Castillo%3A%20CONAF%20reitera%20llamado%20a%20tenencia%20responsable%20de%20animales&#038;url=https:\/\/radiorevelacionfm.cl\/?p=41227' aria-hidden='false' data-av_icon='\ue8fc' data-av_iconfont='entypo-fontello' title='' data-avia-related-tooltip='Compartir en LinkedIn' rel=\"noopener\"><span class='avia_hidden_link_text'>Compartir en LinkedIn<\/span><\/a><\/li><li class='av-share-link av-social-link-mail' ><a  aria-label=\"Compartir por correo\" href='mailto:?subject=Por%20cachorro%20abandonado%20en%20una%20letrina%20del%20Parque%20Nacional%20Cerro%20Castillo%3A%20CONAF%20reitera%20llamado%20a%20tenencia%20responsable%20de%20animales&#038;body=https:\/\/radiorevelacionfm.cl\/?p=41227' aria-hidden='false' data-av_icon='\ue805' data-av_iconfont='entypo-fontello' title='' data-avia-related-tooltip='Compartir por correo'><span class='avia_hidden_link_text'>Compartir por correo<\/span><\/a><\/li><\/ul><\/div><\/div>\n<div  style='height:50px' class='hr hr-invisible   avia-builder-el-8  el_after_av_social_share  el_before_av_comments_list '><span class='hr-inner ' ><span class='hr-inner-style'><\/span><\/span><\/div>\n<div  class='av-buildercomment  av-blog-meta-html-info-disabled av-blog-meta-tag-disabled  '><\/div>\n","protected":false},"excerpt":{"rendered":"","protected":false},"author":1,"featured_media":41228,"comment_status":"open","ping_status":"open","sticky":false,"template":"","format":"standard","meta":{"footnotes":""},"categories":[38],"tags":[],"class_list":["post-41227","post","type-post","status-publish","format-standard","has-post-thumbnail","hentry","category-regional"],"jetpack_featured_media_url":"https:\/\/radiorevelacionfm.cl\/wp-content\/uploads\/2024\/04\/Foto-2-37-1-1.jpg","_links":{"self":[{"href":"https:\/\/radiorevelacionfm.cl\/index.php?rest_route=\/wp\/v2\/posts\/41227","targetHints":{"allow":["GET"]}}],"collection":[{"href":"https:\/\/radiorevelacionfm.cl\/index.php?rest_route=\/wp\/v2\/posts"}],"about":[{"href":"https:\/\/radiorevelacionfm.cl\/index.php?rest_route=\/wp\/v2\/types\/post"}],"author":[{"embeddable":true,"href":"https:\/\/radiorevelacionfm.cl\/index.php?rest_route=\/wp\/v2\/users\/1"}],"replies":[{"embeddable":true,"href":"https:\/\/radiorevelacionfm.cl\/index.php?rest_route=%2Fwp%2Fv2%2Fcomments&post=41227"}],"version-history":[{"count":1,"href":"https:\/\/radiorevelacionfm.cl\/index.php?rest_route=\/wp\/v2\/posts\/41227\/revisions"}],"predecessor-version":[{"id":41229,"href":"https:\/\/radiorevelacionfm.cl\/index.php?rest_route=\/wp\/v2\/posts\/41227\/revisions\/41229"}],"wp:featuredmedia":[{"embeddable":true,"href":"https:\/\/radiorevelacionfm.cl\/index.php?rest_route=\/wp\/v2\/media\/41228"}],"wp:attachment":[{"href":"https:\/\/radiorevelacionfm.cl\/index.php?rest_route=%2Fwp%2Fv2%2Fmedia&parent=41227"}],"wp:term":[{"taxonomy":"category","embeddable":true,"href":"https:\/\/radiorevelacionfm.cl\/index.php?rest_route=%2Fwp%2Fv2%2Fcategories&post=41227"},{"taxonomy":"post_tag","embeddable":true,"href":"https:\/\/radiorevelacionfm.cl\/index.php?rest_route=%2Fwp%2Fv2%2Ftags&post=41227"}],"curies":[{"name":"wp","href":"https:\/\/api.w.org\/{rel}","templated":true}]}}