{"id":41224,"date":"2024-04-12T11:37:41","date_gmt":"2024-04-12T14:37:41","guid":{"rendered":"https:\/\/radiorevelacionfm.cl\/?p=41224"},"modified":"2024-04-12T11:37:41","modified_gmt":"2024-04-12T14:37:41","slug":"programa-fndr-de-mineria-aysen-realizo-talleres-de-rocas-ornamentales-en-puerto-guadal-y-rio-tranquilo","status":"publish","type":"post","link":"https:\/\/radiorevelacionfm.cl\/?p=41224","title":{"rendered":"Programa FNDR de Miner\u00eda Ays\u00e9n realiz\u00f3 talleres de Rocas Ornamentales en Puerto Guadal y R\u00edo Tranquilo"},"content":{"rendered":"<div class=\"flex_column av_one_full  flex_column_div av-zero-column-padding first  avia-builder-el-0  el_before_av_one_full  avia-builder-el-first  \" style='border-radius:0px; '><div  class='avia-image-container  av-styling-    avia-builder-el-1  avia-builder-el-no-sibling  avia-align-center '  itemprop=\"image\" itemscope=\"itemscope\" itemtype=\"https:\/\/schema.org\/ImageObject\"  ><div class='avia-image-container-inner'><div class='avia-image-overlay-wrap'><img decoding=\"async\" class='wp-image-41225 avia-img-lazy-loading-not-41225 avia_image' src=\"https:\/\/radiorevelacionfm.cl\/wp-content\/uploads\/2024\/04\/RocasOrnamentales1-1-1.jpeg\" alt='' title='RocasOrnamentales1 (1) (1)' height=\"600\" width=\"1466\"  itemprop=\"thumbnailUrl\" srcset=\"https:\/\/radiorevelacionfm.cl\/wp-content\/uploads\/2024\/04\/RocasOrnamentales1-1-1.jpeg 1466w, https:\/\/radiorevelacionfm.cl\/wp-content\/uploads\/2024\/04\/RocasOrnamentales1-1-1-300x123.jpeg 300w, https:\/\/radiorevelacionfm.cl\/wp-content\/uploads\/2024\/04\/RocasOrnamentales1-1-1-1030x422.jpeg 1030w, https:\/\/radiorevelacionfm.cl\/wp-content\/uploads\/2024\/04\/RocasOrnamentales1-1-1-768x314.jpeg 768w, https:\/\/radiorevelacionfm.cl\/wp-content\/uploads\/2024\/04\/RocasOrnamentales1-1-1-705x289.jpeg 705w, https:\/\/radiorevelacionfm.cl\/wp-content\/uploads\/2024\/04\/RocasOrnamentales1-1-1-450x184.jpeg 450w, https:\/\/radiorevelacionfm.cl\/wp-content\/uploads\/2024\/04\/RocasOrnamentales1-1-1-600x246.jpeg 600w\" sizes=\"(max-width: 1466px) 100vw, 1466px\" \/><\/div><\/div><\/div><\/div><div class=\"flex_column av_one_full  flex_column_div av-zero-column-padding first  avia-builder-el-2  el_after_av_one_full  el_before_av_one_full  column-top-margin\" style='border-radius:0px; '><section class=\"av_textblock_section \"  itemscope=\"itemscope\" itemtype=\"https:\/\/schema.org\/BlogPosting\" itemprop=\"blogPost\" ><div class='avia_textblock  '   itemprop=\"text\" ><p style=\"text-align: center;\"><strong><span style=\"font-size: 18pt;\">Programa FNDR de Miner\u00eda Ays\u00e9n realiz\u00f3 talleres de Rocas Ornamentales en Puerto Guadal y R\u00edo Tranquilo<\/span><\/strong><\/p>\n<div id=\"gtx-trans\" style=\"position: absolute; left: -50px; top: 4.31534px;\">\n<div class=\"gtx-trans-icon\"><\/div>\n<\/div>\n<\/div><\/section><\/div><div class=\"flex_column av_one_full  flex_column_div av-zero-column-padding first  avia-builder-el-4  el_after_av_one_full  el_before_av_hr  column-top-margin\" style='border-radius:0px; '><section class=\"av_textblock_section \"  itemscope=\"itemscope\" itemtype=\"https:\/\/schema.org\/BlogPosting\" itemprop=\"blogPost\" ><div class='avia_textblock  '   itemprop=\"text\" ><p dir=\"ltr\" style=\"text-align: justify;\"><em>23 miembros de la comunidad y de las Asociaciones Gremiales de Mineros Artesanales y Pirquineros de Puerto Guadal y de Mineros Artesanales en M\u00e1rmol del Lago General Carrera participaron de jornadas enfocadas en la identidad local por medio de las rocas ornamentales.<\/em><\/p>\n<p dir=\"ltr\" style=\"text-align: justify;\">Con la finalidad de realizar un di\u00e1logo y capacitar a las comunidades de Puerto Guadal y Puerto R\u00edo Tranquilo en el desarrollo de una identificaci\u00f3n local a trav\u00e9s de las rocas ornamentales, el equipo del programa FNDR ejecutado por la Secretar\u00eda Regional Ministerial de Miner\u00eda de la regi\u00f3n, \u00abTransferencia Fortalecimiento Productivo Minero Artesanal de Rocas Ornamentales\u00bb, realiz\u00f3 dos jornadas de capacitaci\u00f3n y conversatorio llamadas \u00abIdentidad local a trav\u00e9s de la geolog\u00eda de las Rocas Ornamentales\u00bb.<\/p>\n<p dir=\"ltr\" style=\"text-align: justify;\">La mencionada actividad fue liderada por Nicol\u00e1s L\u00f3pez, coordinador y ge\u00f3logo del equipo del proyecto FNDR de Rocas Ornamentales, quien detall\u00f3 los objetivos y antecedentes de las actividades realizadas. \u00abPara ambas localidades hubo varios objetivos, el primero fue capacitar en el desarrollo de una identidad local a trav\u00e9s de las rocas ornamentales, para esto se realiz\u00f3 un taller en cuanto a la geolog\u00eda de las rocas que ellos extraen y podr\u00edan tambi\u00e9n extraer. Se revisaron algunos conceptos b\u00e1sicos de geolog\u00eda y se describieron las caracter\u00edsticas principales de cada uno de estos tipos litol\u00f3gicos y los usos posibles que estos tienen. Esto puede generar en que las asociaciones gremiales adopten una o m\u00e1s l\u00edneas de trabajo de acuerdo a los recursos disponibles, y los dem\u00e1s objetivos fueron el coordinar las acciones futuras con las asociaciones gremiales y tambi\u00e9n la postulaci\u00f3n a fondos externos del programa que vienen a complementar el trabajo que se est\u00e1 llevando a cabo con este programa FNDR de Rocas Ornamentales\u00bb, puntualiz\u00f3.<\/p>\n<p dir=\"ltr\" style=\"text-align: justify;\">Al respecto, Juan V\u00e1squez Alarc\u00f3n, Seremi de Miner\u00eda Ays\u00e9n, expres\u00f3 que como Ministerio de Miner\u00eda se encuentran muy satisfechos con los avances que ha presentado el proyecto FNDR de Transferencia Fortalecimiento y Fomento Productivo de la Miner\u00eda Artesanal con Rocas Ornamentales y a su vez, destac\u00f3 las actividades realizadas en la cuenca del General Carrera realizadas por el equipo junto a autoridades. \u00abEstuvimos en Chile Chico, acompa\u00f1ados por el Delegado Regional, Rodrigo Araya, y el Delegado Provincial, Crist\u00f3bal Barcel\u00f3, quienes pudieron ver los avances en el trabajo que presentaron las ceramistas de la comuna, fuimos a su taller y tuvimos una reuni\u00f3n con la Asociaci\u00f3n Gremial, lo que nos permiti\u00f3 ir construyendo las actividades que tenemos planificadas durante el a\u00f1o 2024\u00bb, manifest\u00f3.<\/p>\n<p dir=\"ltr\" style=\"text-align: justify;\">A su vez, Juan V\u00e1squez agreg\u00f3 que \u00abadem\u00e1s en Puerto Guadal y en Puerto Rico Tranquilo tuvimos charlas geol\u00f3gicas con gran convocatoria, las que fueron abiertas a la comunidad. En la oportunidad tambi\u00e9n estuvieron las directivas de ambas asociaciones gremiales quienes est\u00e1n en un proceso de definir con qu\u00e9 recursos propios de la localidad van a desarrollar y van a especificar y van a comprometerse con el desarrollo de sus productos con identidad local. Finalmente, para nosotros es importante este trabajo que nos permite como Ministerio ir fomentando lo que es el trabajo con la peque\u00f1a miner\u00eda artesanal de la Regi\u00f3n de Ays\u00e9n\u00bb, enfatiz\u00f3.<\/p>\n<p dir=\"ltr\" style=\"text-align: justify;\">Conjuntamente, Nicol\u00e1s L\u00f3pez destac\u00f3 la positiva evaluaci\u00f3n de los talleres y\u00a0 actividades realizadas. \u00abHubo una muy buena convocatoria, la gente se mostr\u00f3 muy interesada y la presencia de Eduardo Fuentes, el piedrero que realiz\u00f3 los trabajos de revestimiento y senderos en el Parque Patagonia aterriz\u00f3 los conceptos que ellos necesitan comprender para poder despu\u00e9s ejercer sus actividades, vale decir, ellos conocieron las t\u00e9cnicas de trabajo desde las palabras del piedrero y desde su experiencia. Por lo tanto, lograron visualizar de mejor manera c\u00f3mo hacer el trabajo con las Rocas Ornamentales que queremos implementar\u00bb, explic\u00f3.<\/p>\n<p dir=\"ltr\" style=\"text-align: justify;\">Cabe se\u00f1alar que el experto piedrero Eduardo Fuentes que realiz\u00f3 parte de los talleres, tiene una trayectoria con m\u00e1s de 55 a\u00f1os de experiencia y ha trabajado en todo el pa\u00eds en las diversas \u00e1reas de las rocas ornamentales como revestimiento, implementaci\u00f3n de pisos, construcci\u00f3n con bloques, tallado, elaboraci\u00f3n de objetos utilitarios como vanitorios, morteros, entre otros, adem\u00e1s de trabajos tanto en bruto, como acabado. Por lo tanto, \u00e9l representa una muy buena oportunidad para que los socios sean capacitados en estas t\u00e9cnicas y desde la misma experiencia<\/p>\n<p dir=\"ltr\" style=\"text-align: justify;\">Finalmente, es importante tener en cuenta que la ejecuci\u00f3n del programa de FNDR Rocas Ornamentales permite entregar los conocimientos y competencias t\u00e9cnicas a las Asociaciones Gremiales para que puedan emprender en este rubro y dentro de estas capacitaciones se encuentran por ejemplo, el desarrollo de un modelo de negocio, el trabajo de la piedra en este desarrollo de identidad a trav\u00e9s de sus rocas ornamentales y el uso de herramientas, entre otras.<\/p>\n<\/div><\/section><\/div><div  style='height:50px' class='hr hr-invisible   avia-builder-el-6  el_after_av_one_full  el_before_av_social_share '><span class='hr-inner ' ><span class='hr-inner-style'><\/span><\/span><\/div><\/p>\n<div  class='av-social-sharing-box  avia-builder-el-7  el_after_av_hr  el_before_av_hr  '><div class='av-share-box'><h5 class='av-share-link-description av-no-toc '>Compartir esta noticia<\/h5><ul class='av-share-box-list noLightbox'><li class='av-share-link av-social-link-facebook' ><a target=\"_blank\" aria-label=\"Compartir en Facebook\" href='https:\/\/www.facebook.com\/sharer.php?u=https:\/\/radiorevelacionfm.cl\/?p=41224&#038;t=Programa%20FNDR%20de%20Miner%C3%ADa%20Ays%C3%A9n%20realiz%C3%B3%20talleres%20de%20Rocas%20Ornamentales%20en%20Puerto%20Guadal%20y%20R%C3%ADo%20Tranquilo' aria-hidden='false' data-av_icon='\ue8f3' data-av_iconfont='entypo-fontello' title='' data-avia-related-tooltip='Compartir en Facebook' rel=\"noopener\"><span class='avia_hidden_link_text'>Compartir en Facebook<\/span><\/a><\/li><li class='av-share-link av-social-link-twitter' ><a target=\"_blank\" aria-label=\"Compartir en Twitter\" href='https:\/\/twitter.com\/share?text=Programa%20FNDR%20de%20Miner%C3%ADa%20Ays%C3%A9n%20realiz%C3%B3%20talleres%20de%20Rocas%20Ornamentales%20en%20Puerto%20Guadal%20y%20R%C3%ADo%20Tranquilo&#038;url=https:\/\/radiorevelacionfm.cl\/?p=41224' aria-hidden='false' data-av_icon='\ue8f1' data-av_iconfont='entypo-fontello' title='' data-avia-related-tooltip='Compartir en Twitter' rel=\"noopener\"><span class='avia_hidden_link_text'>Compartir en Twitter<\/span><\/a><\/li><li class='av-share-link av-social-link-whatsapp' ><a target=\"_blank\" aria-label=\"Compartir en Whatsapp\" href='https:\/\/api.whatsapp.com\/send?text=https:\/\/radiorevelacionfm.cl\/?p=41224' aria-hidden='false' data-av_icon='\uf232' data-av_iconfont='entypo-fontello' title='' data-avia-related-tooltip='Compartir en Whatsapp' rel=\"noopener\"><span class='avia_hidden_link_text'>Compartir en Whatsapp<\/span><\/a><\/li><li class='av-share-link av-social-link-linkedin' ><a target=\"_blank\" aria-label=\"Compartir en LinkedIn\" href='https:\/\/linkedin.com\/shareArticle?mini=true&#038;title=Programa%20FNDR%20de%20Miner%C3%ADa%20Ays%C3%A9n%20realiz%C3%B3%20talleres%20de%20Rocas%20Ornamentales%20en%20Puerto%20Guadal%20y%20R%C3%ADo%20Tranquilo&#038;url=https:\/\/radiorevelacionfm.cl\/?p=41224' aria-hidden='false' data-av_icon='\ue8fc' data-av_iconfont='entypo-fontello' title='' data-avia-related-tooltip='Compartir en LinkedIn' rel=\"noopener\"><span class='avia_hidden_link_text'>Compartir en LinkedIn<\/span><\/a><\/li><li class='av-share-link av-social-link-mail' ><a  aria-label=\"Compartir por correo\" href='mailto:?subject=Programa%20FNDR%20de%20Miner%C3%ADa%20Ays%C3%A9n%20realiz%C3%B3%20talleres%20de%20Rocas%20Ornamentales%20en%20Puerto%20Guadal%20y%20R%C3%ADo%20Tranquilo&#038;body=https:\/\/radiorevelacionfm.cl\/?p=41224' aria-hidden='false' data-av_icon='\ue805' data-av_iconfont='entypo-fontello' title='' data-avia-related-tooltip='Compartir por correo'><span class='avia_hidden_link_text'>Compartir por correo<\/span><\/a><\/li><\/ul><\/div><\/div>\n<div  style='height:50px' class='hr hr-invisible   avia-builder-el-8  el_after_av_social_share  el_before_av_comments_list '><span class='hr-inner ' ><span class='hr-inner-style'><\/span><\/span><\/div>\n<div  class='av-buildercomment  av-blog-meta-html-info-disabled av-blog-meta-tag-disabled  '><\/div>\n","protected":false},"excerpt":{"rendered":"","protected":false},"author":1,"featured_media":41225,"comment_status":"open","ping_status":"open","sticky":false,"template":"","format":"standard","meta":{"footnotes":""},"categories":[38],"tags":[],"class_list":["post-41224","post","type-post","status-publish","format-standard","has-post-thumbnail","hentry","category-regional"],"jetpack_featured_media_url":"https:\/\/radiorevelacionfm.cl\/wp-content\/uploads\/2024\/04\/RocasOrnamentales1-1-1.jpeg","_links":{"self":[{"href":"https:\/\/radiorevelacionfm.cl\/index.php?rest_route=\/wp\/v2\/posts\/41224","targetHints":{"allow":["GET"]}}],"collection":[{"href":"https:\/\/radiorevelacionfm.cl\/index.php?rest_route=\/wp\/v2\/posts"}],"about":[{"href":"https:\/\/radiorevelacionfm.cl\/index.php?rest_route=\/wp\/v2\/types\/post"}],"author":[{"embeddable":true,"href":"https:\/\/radiorevelacionfm.cl\/index.php?rest_route=\/wp\/v2\/users\/1"}],"replies":[{"embeddable":true,"href":"https:\/\/radiorevelacionfm.cl\/index.php?rest_route=%2Fwp%2Fv2%2Fcomments&post=41224"}],"version-history":[{"count":1,"href":"https:\/\/radiorevelacionfm.cl\/index.php?rest_route=\/wp\/v2\/posts\/41224\/revisions"}],"predecessor-version":[{"id":41226,"href":"https:\/\/radiorevelacionfm.cl\/index.php?rest_route=\/wp\/v2\/posts\/41224\/revisions\/41226"}],"wp:featuredmedia":[{"embeddable":true,"href":"https:\/\/radiorevelacionfm.cl\/index.php?rest_route=\/wp\/v2\/media\/41225"}],"wp:attachment":[{"href":"https:\/\/radiorevelacionfm.cl\/index.php?rest_route=%2Fwp%2Fv2%2Fmedia&parent=41224"}],"wp:term":[{"taxonomy":"category","embeddable":true,"href":"https:\/\/radiorevelacionfm.cl\/index.php?rest_route=%2Fwp%2Fv2%2Fcategories&post=41224"},{"taxonomy":"post_tag","embeddable":true,"href":"https:\/\/radiorevelacionfm.cl\/index.php?rest_route=%2Fwp%2Fv2%2Ftags&post=41224"}],"curies":[{"name":"wp","href":"https:\/\/api.w.org\/{rel}","templated":true}]}}