{"id":41217,"date":"2024-04-12T11:05:28","date_gmt":"2024-04-12T14:05:28","guid":{"rendered":"https:\/\/radiorevelacionfm.cl\/?p=41217"},"modified":"2024-04-12T11:05:28","modified_gmt":"2024-04-12T14:05:28","slug":"lanzan-convocatoria-2024-del-concurso-historias-de-nuestra-tierra","status":"publish","type":"post","link":"https:\/\/radiorevelacionfm.cl\/?p=41217","title":{"rendered":"Lanzan convocatoria 2024 del concurso Historias de Nuestra Tierra"},"content":{"rendered":"<div class=\"flex_column av_one_full  flex_column_div av-zero-column-padding first  avia-builder-el-0  el_before_av_one_full  avia-builder-el-first  \" style='border-radius:0px; '><div  class='avia-image-container  av-styling-    avia-builder-el-1  avia-builder-el-no-sibling  avia-align-center '  itemprop=\"image\" itemscope=\"itemscope\" itemtype=\"https:\/\/schema.org\/ImageObject\"  ><div class='avia-image-container-inner'><div class='avia-image-overlay-wrap'><img decoding=\"async\" class='wp-image-41218 avia-img-lazy-loading-not-41218 avia_image' src=\"https:\/\/radiorevelacionfm.cl\/wp-content\/uploads\/2024\/04\/afiche_hnt2024-1_optimized.jpg\" alt='' title='afiche_hnt2024-(1)_optimized' height=\"600\" width=\"411\"  itemprop=\"thumbnailUrl\" srcset=\"https:\/\/radiorevelacionfm.cl\/wp-content\/uploads\/2024\/04\/afiche_hnt2024-1_optimized.jpg 411w, https:\/\/radiorevelacionfm.cl\/wp-content\/uploads\/2024\/04\/afiche_hnt2024-1_optimized-206x300.jpg 206w\" sizes=\"(max-width: 411px) 100vw, 411px\" \/><\/div><\/div><\/div><\/div><div class=\"flex_column av_one_full  flex_column_div av-zero-column-padding first  avia-builder-el-2  el_after_av_one_full  el_before_av_one_full  column-top-margin\" style='border-radius:0px; '><section class=\"av_textblock_section \"  itemscope=\"itemscope\" itemtype=\"https:\/\/schema.org\/BlogPosting\" itemprop=\"blogPost\" ><div class='avia_textblock  '   itemprop=\"text\" ><p style=\"text-align: center;\"><strong><span style=\"font-size: 18pt;\">Lanzan convocatoria 2024 del concurso Historias de Nuestra Tierra<\/span><\/strong><\/p>\n<div id=\"gtx-trans\" style=\"position: absolute; left: -50px; top: 4.31534px;\">\n<div class=\"gtx-trans-icon\"><\/div>\n<\/div>\n<\/div><\/section><\/div><div class=\"flex_column av_one_full  flex_column_div av-zero-column-padding first  avia-builder-el-4  el_after_av_one_full  el_before_av_hr  column-top-margin\" style='border-radius:0px; '><section class=\"av_textblock_section \"  itemscope=\"itemscope\" itemtype=\"https:\/\/schema.org\/BlogPosting\" itemprop=\"blogPost\" ><div class='avia_textblock  '   itemprop=\"text\" ><p style=\"text-align: justify;\" align=\"center\"><i>El ministro Esteban Valenzuela dio el vamos a la 32\u00aa versi\u00f3n de este tradicional certamen, que releva y difunde las historias, mitos y tradiciones del mundo rural de Chile. Ni\u00f1as, ni\u00f1os, j\u00f3venes y adultos de todo el pa\u00eds pueden participar enviando sus cuentos, poemas y dibujos a trav\u00e9s del sitio web\u00a0<\/i><i><a id=\"v1OWA2a636c7b-0bf4-5367-f2fe-caac4fafff18\" class=\"v1OWAAutoLink\" href=\"http:\/\/www.historiasdenuestratierra.cl\/\" target=\"_blank\" rel=\"noopener noreferrer\">www.historiasdenuestratierra.cl<\/a><\/i><\/p>\n<p style=\"text-align: justify;\">\u00abEn toda naci\u00f3n, la cultura se funda en el campo. Hay una idea de que el campo no tiene desgarro, no tiene reflexi\u00f3n, no tiene complejidad. Y cuando uno revisa los dibujos, las historias de los ni\u00f1os, de las mujeres, de los hombres, de los campesinos, est\u00e1n los claroscuros todav\u00eda de todos los territorios\u00bb. Con estas palabras, el ministro de Agricultura, Esteban Valenzuela, dio inicio al concurso Historias de Nuestra Tierra 2024, certamen \u00fanico en su tipo y de convocatoria nacional organizado por el Ministerio de Agricultura a trav\u00e9s de la Fundaci\u00f3n de Comunicaciones, Capacitaci\u00f3n y Cultura del Agro (FUCOA), que busca relevar y difundir los relatos, mitos y leyendas propias del mundo rural de Chile, a trav\u00e9s de sus categor\u00edas de Cuento, Poes\u00eda y Dibujo.<\/p>\n<p style=\"text-align: justify;\">\u00abEsta es la trig\u00e9sima segunda versi\u00f3n del concurso Historias de Nuestra Tierra, que es tambi\u00e9n dibujo, poes\u00eda, relatos de los abuelos, de la tierra, de los rincones y tambi\u00e9n este a\u00f1o se agrega gastronom\u00eda donde puede ganar mucho el concurso (&#8230;) vamos, por favor concursen hasta fines de junio y vean la p\u00e1gina de FUCOA, donde all\u00ed se ha construido las mejores historias y canciones de nuestro ser nacional\u00bb,\u00a0agreg\u00f3 el ministro Valenzuela.<\/p>\n<p style=\"text-align: justify;\">En palabras del seremi de Agricultura de Ays\u00e9n, Eugenio Ruiz, \u00aben la Patagonia tuvimos a 9 personas ganadoras del concurso Historias de Nuestra Tierra, entre 9 y 78 a\u00f1os, de acuerdo con la versi\u00f3n del 2023. Estamos muy contentos de contar con una participaci\u00f3n transversal donde los relatos de cuentos y poes\u00eda nos permiten visibilizar memorias genuinas del campo y el universo rural que rodea nuestra regi\u00f3n de Ays\u00e9n. Esperamos contar con el mismo entusiasmo en esta nueva versi\u00f3n del concurso, dando cuenta que la Patagonia es un lugar de inspiraci\u00f3n para ayseninas y ayseninos\u00bb.<\/p>\n<p style=\"text-align: justify;\">Por su parte, el director ejecutivo de FUCOA, Claudio Urtubia, destac\u00f3 la realizaci\u00f3n del lanzamiento en Valpara\u00edso e invit\u00f3 a ni\u00f1as, ni\u00f1os, j\u00f3venes y adultos de todo el pa\u00eds a participar en la convocatoria 2024. \u00abDesde FUCOA estamos contentos de realizar el lanzamiento del concurso en la regi\u00f3n de Valpara\u00edso junto a las y los ganadores del a\u00f1o pasado y junto a la ciudadan\u00eda. El llamado es a que participen en esta iniciativa, que busquen inspiraci\u00f3n en sus ra\u00edces, paisaje, tradiciones y lo reflejen en su cuento, poes\u00eda o dibujo\u00bb, se\u00f1al\u00f3.<\/p>\n<p style=\"text-align: justify;\">Cada a\u00f1o, el concurso Historias de Nuestra Tierra recibe alrededor de 4 mil obras desde todo Chile, las que son evaluadas por un jurado compuesto por destacadas figuras del mundo cultural, como Sonia Montecino, Premio Nacional de Humanidades y Ciencias Sociales (2013); Elicura Chihuailaf, escritor y poeta mapuche, Premio Nacional de Literatura (2020); Osvaldo C\u00e1diz, profesor, investigador y especialista en folclor, director acad\u00e9mico de la Academia Nacional de Cultura Tradicional Margot Loyola Palacios; y H\u00e9ctor Velis-Meza, periodista, escritor y docente, entre otros.<\/p>\n<p style=\"text-align: justify;\"><b>Convocatoria 2024<\/b><\/p>\n<p style=\"text-align: justify;\">En esta 32<sup>a<\/sup>\u00a0versi\u00f3n del\u00a0concurso, entre los premios para ni\u00f1os, ni\u00f1as y j\u00f3venes habr\u00e1 notebooks, tablets, bicicletas y sets de escritura, mientras que las y los adultos ganadores recibir\u00e1n hasta medio mill\u00f3n de pesos.<\/p>\n<p style=\"text-align: justify;\">Asimismo, a trav\u00e9s del premio especial \u00abPueblos Originarios\u00bb se entregar\u00e1 una distinci\u00f3n al cuento que mejor represente a los pueblos originarios de Chile, mientras que \u00abMujer Rural\u00bb reconocer\u00e1 al cuento que releve la participaci\u00f3n femenina, el premio especial \u00abCocina Tradicional\u00bb destacar\u00e1 al cuento que se inspire en alimentos o recetas t\u00edpicas chilenas, y el premio especial a la \u00abTrayectoria\u00bb premiar\u00e1 la poes\u00eda seleccionada entre los y las participantes de m\u00e1s de 70 a\u00f1os.<\/p>\n<p style=\"text-align: justify;\">Adem\u00e1s, se entregar\u00e1n premios especiales a aquellos docentes que promuevan la participaci\u00f3n de estudiantes en cualquier categor\u00eda, as\u00ed como a los establecimientos educacionales con mayor participaci\u00f3n de sus estudiantes.<\/p>\n<p style=\"text-align: justify;\">Todas las ganadoras y ganadores tendr\u00e1n la posibilidad de ver publicada su obra en el libro recopilatorio \u00abAntolog\u00eda\u00bb, que\u00a0FUCOA\u00a0edita y publica a\u00f1o a a\u00f1o. Las obras recepcionadas tambi\u00e9n son resguardadas en el Archivo de Literatura Oral y Tradiciones Populares de la Biblioteca Nacional, donde son consultados por investigadores y p\u00fablico general.<\/p>\n<p style=\"text-align: justify;\">Las obras pueden ser enviadas hasta el 27 de junio de 2024 a trav\u00e9s del sitio web\u00a0<a id=\"v1OWA4fb52b2b-b3dd-c5ff-90b4-c1713a70d249\" class=\"v1OWAAutoLink\" href=\"http:\/\/www.historiasdenuestratierra.cl\/\" target=\"_blank\" rel=\"noopener noreferrer\">www.historiasdenuestratierra.cl<\/a>, donde ya est\u00e1n disponibles las bases del\u00a0concurso, resultados anteriores, galer\u00eda de ganadores, material educativo y m\u00e1s informaci\u00f3n sobre el certamen<b>.\u00a0<\/b><\/p>\n<\/div><\/section><\/div><div  style='height:50px' class='hr hr-invisible   avia-builder-el-6  el_after_av_one_full  el_before_av_social_share '><span class='hr-inner ' ><span class='hr-inner-style'><\/span><\/span><\/div><\/p>\n<div  class='av-social-sharing-box  avia-builder-el-7  el_after_av_hr  el_before_av_hr  '><div class='av-share-box'><h5 class='av-share-link-description av-no-toc '>Compartir esta noticia<\/h5><ul class='av-share-box-list noLightbox'><li class='av-share-link av-social-link-facebook' ><a target=\"_blank\" aria-label=\"Compartir en Facebook\" href='https:\/\/www.facebook.com\/sharer.php?u=https:\/\/radiorevelacionfm.cl\/?p=41217&#038;t=Lanzan%20convocatoria%202024%20del%20concurso%20Historias%20de%20Nuestra%20Tierra' aria-hidden='false' data-av_icon='\ue8f3' data-av_iconfont='entypo-fontello' title='' data-avia-related-tooltip='Compartir en Facebook' rel=\"noopener\"><span class='avia_hidden_link_text'>Compartir en Facebook<\/span><\/a><\/li><li class='av-share-link av-social-link-twitter' ><a target=\"_blank\" aria-label=\"Compartir en Twitter\" href='https:\/\/twitter.com\/share?text=Lanzan%20convocatoria%202024%20del%20concurso%20Historias%20de%20Nuestra%20Tierra&#038;url=https:\/\/radiorevelacionfm.cl\/?p=41217' aria-hidden='false' data-av_icon='\ue8f1' data-av_iconfont='entypo-fontello' title='' data-avia-related-tooltip='Compartir en Twitter' rel=\"noopener\"><span class='avia_hidden_link_text'>Compartir en Twitter<\/span><\/a><\/li><li class='av-share-link av-social-link-whatsapp' ><a target=\"_blank\" aria-label=\"Compartir en Whatsapp\" href='https:\/\/api.whatsapp.com\/send?text=https:\/\/radiorevelacionfm.cl\/?p=41217' aria-hidden='false' data-av_icon='\uf232' data-av_iconfont='entypo-fontello' title='' data-avia-related-tooltip='Compartir en Whatsapp' rel=\"noopener\"><span class='avia_hidden_link_text'>Compartir en Whatsapp<\/span><\/a><\/li><li class='av-share-link av-social-link-linkedin' ><a target=\"_blank\" aria-label=\"Compartir en LinkedIn\" href='https:\/\/linkedin.com\/shareArticle?mini=true&#038;title=Lanzan%20convocatoria%202024%20del%20concurso%20Historias%20de%20Nuestra%20Tierra&#038;url=https:\/\/radiorevelacionfm.cl\/?p=41217' aria-hidden='false' data-av_icon='\ue8fc' data-av_iconfont='entypo-fontello' title='' data-avia-related-tooltip='Compartir en LinkedIn' rel=\"noopener\"><span class='avia_hidden_link_text'>Compartir en LinkedIn<\/span><\/a><\/li><li class='av-share-link av-social-link-mail' ><a  aria-label=\"Compartir por correo\" href='mailto:?subject=Lanzan%20convocatoria%202024%20del%20concurso%20Historias%20de%20Nuestra%20Tierra&#038;body=https:\/\/radiorevelacionfm.cl\/?p=41217' aria-hidden='false' data-av_icon='\ue805' data-av_iconfont='entypo-fontello' title='' data-avia-related-tooltip='Compartir por correo'><span class='avia_hidden_link_text'>Compartir por correo<\/span><\/a><\/li><\/ul><\/div><\/div>\n<div  style='height:50px' class='hr hr-invisible   avia-builder-el-8  el_after_av_social_share  el_before_av_comments_list '><span class='hr-inner ' ><span class='hr-inner-style'><\/span><\/span><\/div>\n<div  class='av-buildercomment  av-blog-meta-html-info-disabled av-blog-meta-tag-disabled  '><\/div>\n","protected":false},"excerpt":{"rendered":"","protected":false},"author":1,"featured_media":41219,"comment_status":"open","ping_status":"open","sticky":false,"template":"","format":"standard","meta":{"footnotes":""},"categories":[58],"tags":[],"class_list":["post-41217","post","type-post","status-publish","format-standard","has-post-thumbnail","hentry","category-agricultura"],"jetpack_featured_media_url":"https:\/\/radiorevelacionfm.cl\/wp-content\/uploads\/2024\/04\/afiche_hnt2024-2_optimized-1.jpg","_links":{"self":[{"href":"https:\/\/radiorevelacionfm.cl\/index.php?rest_route=\/wp\/v2\/posts\/41217","targetHints":{"allow":["GET"]}}],"collection":[{"href":"https:\/\/radiorevelacionfm.cl\/index.php?rest_route=\/wp\/v2\/posts"}],"about":[{"href":"https:\/\/radiorevelacionfm.cl\/index.php?rest_route=\/wp\/v2\/types\/post"}],"author":[{"embeddable":true,"href":"https:\/\/radiorevelacionfm.cl\/index.php?rest_route=\/wp\/v2\/users\/1"}],"replies":[{"embeddable":true,"href":"https:\/\/radiorevelacionfm.cl\/index.php?rest_route=%2Fwp%2Fv2%2Fcomments&post=41217"}],"version-history":[{"count":1,"href":"https:\/\/radiorevelacionfm.cl\/index.php?rest_route=\/wp\/v2\/posts\/41217\/revisions"}],"predecessor-version":[{"id":41220,"href":"https:\/\/radiorevelacionfm.cl\/index.php?rest_route=\/wp\/v2\/posts\/41217\/revisions\/41220"}],"wp:featuredmedia":[{"embeddable":true,"href":"https:\/\/radiorevelacionfm.cl\/index.php?rest_route=\/wp\/v2\/media\/41219"}],"wp:attachment":[{"href":"https:\/\/radiorevelacionfm.cl\/index.php?rest_route=%2Fwp%2Fv2%2Fmedia&parent=41217"}],"wp:term":[{"taxonomy":"category","embeddable":true,"href":"https:\/\/radiorevelacionfm.cl\/index.php?rest_route=%2Fwp%2Fv2%2Fcategories&post=41217"},{"taxonomy":"post_tag","embeddable":true,"href":"https:\/\/radiorevelacionfm.cl\/index.php?rest_route=%2Fwp%2Fv2%2Ftags&post=41217"}],"curies":[{"name":"wp","href":"https:\/\/api.w.org\/{rel}","templated":true}]}}