{"id":41214,"date":"2024-04-11T21:25:39","date_gmt":"2024-04-12T00:25:39","guid":{"rendered":"https:\/\/radiorevelacionfm.cl\/?p=41214"},"modified":"2024-04-11T21:25:39","modified_gmt":"2024-04-12T00:25:39","slug":"lanzan-concurso-cuenta-tu-cuento-matematico-en-la-patagonia-para-estudiantes-de-educacion-basica","status":"publish","type":"post","link":"https:\/\/radiorevelacionfm.cl\/?p=41214","title":{"rendered":"Lanzan concurso \u201cCuenta tu cuento matem\u00e1tico en la Patagonia\u201d para estudiantes de educaci\u00f3n b\u00e1sica"},"content":{"rendered":"<div class=\"flex_column av_one_full  flex_column_div av-zero-column-padding first  avia-builder-el-0  el_before_av_one_full  avia-builder-el-first  \" style='border-radius:0px; '><div  class='avia-image-container  av-styling-    avia-builder-el-1  avia-builder-el-no-sibling  avia-align-center '  itemprop=\"image\" itemscope=\"itemscope\" itemtype=\"https:\/\/schema.org\/ImageObject\"  ><div class='avia-image-container-inner'><div class='avia-image-overlay-wrap'><img decoding=\"async\" class='wp-image-41215 avia-img-lazy-loading-not-41215 avia_image' src=\"https:\/\/radiorevelacionfm.cl\/wp-content\/uploads\/2024\/04\/img_4584-1_optimized-e1712880735214.jpeg\" alt='' title='img_4584-(1)_optimized' height=\"600\" width=\"800\"  itemprop=\"thumbnailUrl\" srcset=\"https:\/\/radiorevelacionfm.cl\/wp-content\/uploads\/2024\/04\/img_4584-1_optimized-e1712880735214.jpeg 800w, https:\/\/radiorevelacionfm.cl\/wp-content\/uploads\/2024\/04\/img_4584-1_optimized-e1712880735214-300x225.jpeg 300w, https:\/\/radiorevelacionfm.cl\/wp-content\/uploads\/2024\/04\/img_4584-1_optimized-e1712880735214-768x576.jpeg 768w, https:\/\/radiorevelacionfm.cl\/wp-content\/uploads\/2024\/04\/img_4584-1_optimized-e1712880735214-705x529.jpeg 705w, https:\/\/radiorevelacionfm.cl\/wp-content\/uploads\/2024\/04\/img_4584-1_optimized-e1712880735214-450x338.jpeg 450w, https:\/\/radiorevelacionfm.cl\/wp-content\/uploads\/2024\/04\/img_4584-1_optimized-e1712880735214-600x450.jpeg 600w\" sizes=\"(max-width: 800px) 100vw, 800px\" \/><\/div><\/div><\/div><\/div><div class=\"flex_column av_one_full  flex_column_div av-zero-column-padding first  avia-builder-el-2  el_after_av_one_full  el_before_av_one_full  column-top-margin\" style='border-radius:0px; '><section class=\"av_textblock_section \"  itemscope=\"itemscope\" itemtype=\"https:\/\/schema.org\/BlogPosting\" itemprop=\"blogPost\" ><div class='avia_textblock  '   itemprop=\"text\" ><p style=\"text-align: center;\"><strong><span style=\"font-size: 18pt;\">Lanzan concurso \u201cCuenta tu cuento matem\u00e1tico en la Patagonia\u201d para estudiantes de educaci\u00f3n b\u00e1sica<\/span><\/strong><\/p>\n<div id=\"gtx-trans\" style=\"position: absolute; left: -50px; top: 4.31534px;\">\n<div class=\"gtx-trans-icon\"><\/div>\n<\/div>\n<\/div><\/section><\/div><div class=\"flex_column av_one_full  flex_column_div av-zero-column-padding first  avia-builder-el-4  el_after_av_one_full  el_before_av_hr  column-top-margin\" style='border-radius:0px; '><section class=\"av_textblock_section \"  itemscope=\"itemscope\" itemtype=\"https:\/\/schema.org\/BlogPosting\" itemprop=\"blogPost\" ><div class='avia_textblock  '   itemprop=\"text\" ><p style=\"text-align: justify;\"><em>En la ceremonia particip\u00f3 la Seremi de Educaci\u00f3n, Isabel Garrido, adem\u00e1s de docentes, encargados de bibliotecas y representantes de distintas escuelas y colegios de Coyhaique.<\/em><\/p>\n<p style=\"text-align: justify;\">En una actividad conjunta entre el Campus Patagonia de la Universidad Austral de Chile y el Colegio Alianza Austral, se realiz\u00f3 el lanzamiento del concurso \u201cCuenta tu cuento matem\u00e1tico en la Patagonia\u201d organizado por la Escuela de Pedagog\u00eda en Educaci\u00f3n B\u00e1sica con menciones de la casa de estudios, en el marco del mes de libro.<\/p>\n<p style=\"text-align: justify;\">La invitaci\u00f3n a formar parte de esta iniciativa est\u00e1 abierta a todos los y las estudiantes de 3ero. a 8avo. b\u00e1sico de la regi\u00f3n, quienes deben elaborar un cuento en donde se plantee, como eje central, un problema matem\u00e1tico, pensado en el territorio de la Patagonia. Las narraciones deben realizarse de manera individual con un cuento por cada participante, mientras que cada establecimiento educacional podr\u00e1 participar con el n\u00famero de cuentos que desee.<\/p>\n<p style=\"text-align: justify;\">Esta instancia busca promover la escritura y la creatividad, a trav\u00e9s de la interdisciplinariedad entre las \u00e1reas de matem\u00e1tica y lenguaje y comunicaci\u00f3n, incorporando un enfoque territorial. El desarrollo de este concurso permitir\u00e1 fortalecer la vinculaci\u00f3n del Campus Patagonia con la comunidad regional, promoviendo adem\u00e1s, la creatividad y entusiasmo por el conocimiento interdisciplinario en ni\u00f1os, ni\u00f1as y adolescentes.<\/p>\n<p style=\"text-align: justify;\">Para la Seremi de Educaci\u00f3n de la regi\u00f3n de Ays\u00e9n, Isabel Garrido, es muy relevante desarrollar iniciativas como este concurso, \u201cfelicitamos la iniciativa de la Universidad Austral de Chile e invitamos a toda la comunidad a participar de \u00e9ste, as\u00ed como tambi\u00e9n de otros concursos que vamos a estar lanzando desde el Ministerio de Educaci\u00f3n para promover la lectura, la escritura la comunicaci\u00f3n y, por sobre todo, el gusto y el encanto por leer. Estamos en pleno proceso de reactivaci\u00f3n educativa. El Presidente ha sido enf\u00e1tico en que tenemos que cerrar las brechas de aprendizaje y posterior a la pandemia, iniciativas como \u00e9sta motivan a que los ni\u00f1os, las ni\u00f1as y adolescentes se vinculen con esos objetivos, pero desde el encanto, desde el pasarla bien, por lo tanto, insistimos que participe todo el mundo en iniciativas como esta para seguir cerrando la fecha de aprendizaje y reactivar la educaci\u00f3n\u201d.<\/p>\n<p style=\"text-align: justify;\">Por su parte, la directora del Colegio Alianza Austral, Mar\u00eda Cecilia Echeverr\u00eda, valor\u00f3 el lanzamiento de este concurso en su establecimiento,\u201d agradecemos la iniciativa de la Universidad Austral y en nuestra gesti\u00f3n pedag\u00f3gica e institucional y administrativa, nosotros no dejamos de tener vinculaci\u00f3n con el medio. De manera real nos apoyamos en las instituciones externas al servicio de la comunidad y somos un colegio que participa de las invitaciones que nos hace la universidad y otras instituciones. Nuestros estudiantes son tremendamente motivados y tenemos una gran valoraci\u00f3n de su h\u00e1bito de lectura. La biblioteca de nuestra instituci\u00f3n tiene libros recorridos, sus p\u00e1ginas est\u00e1n en ocupadas por los estudiantes y ellos siempre est\u00e1n creando y leyendo. Las t\u00edas del CRA son muy motivadas, somos una comunidad que siempre quiere aportar. Tenemos historia y personas que han participado en este concurso a\u00f1os anteriores y somos un colegio ante todo, de puertas abiertas\u201d.<\/p>\n<p style=\"text-align: justify;\">Finalmente, el profesor Claudio Olave, uno de los organizadores del concurso inst\u00f3 a los estudiantes a participar, \u201cesperamos que los profesores, tanto de matem\u00e1tica como de lenguaje, incentiven este trabajo articulado entre las 2 asignaturas que son fundamentales en el proceso de formaci\u00f3n integral de todos los estudiantes, adem\u00e1s de la familia, por supuesto. Con las historias de los abuelos de la regi\u00f3n, con tantas evidencias que permiten asociar los n\u00fameros e historias entretenidas, desde cuando contabilizo fruta de un \u00e1rbol, las distancias en el cerco de los alambres de p\u00faas, los cercos que se arman con tantos metros de alambre, una infinidad de temas. As\u00ed que este llamado es para convocar a toda la comunidad de nuestra regi\u00f3n a participar en la segunda versi\u00f3n de \u201cCuenta tu cuento matem\u00e1tico en la Patagonia\u201d.<\/p>\n<p style=\"text-align: justify;\">Los cuentos ser\u00e1n recepcionados en el correo <a href=\"mailto:pedagogiacampuspatagonia@gmail.com\">pedagogiacampuspatagonia@gmail.com<\/a> hasta las 23:59 del 15 de mayo 2024 y no podr\u00e1n exceder una plana tama\u00f1o carta. Se premiar\u00e1n los primeros lugares en tres categor\u00edas. Adem\u00e1s, se realizar\u00e1 un reconocimiento al establecimiento al que pertenece el ganador o ganadora de dos categor\u00edas. Los resultados del concurso se dar\u00e1n a conocer en la primera semana del mes de julio de 2024.<\/p>\n<p style=\"text-align: justify;\">Las bases estar\u00e1n disponibles en el sitio web <a href=\"https:\/\/patagonia.uach.cl\">https:\/\/patagonia.uach.cl<\/a><\/p>\n<\/div><\/section><\/div><div  style='height:50px' class='hr hr-invisible   avia-builder-el-6  el_after_av_one_full  el_before_av_social_share '><span class='hr-inner ' ><span class='hr-inner-style'><\/span><\/span><\/div><\/p>\n<div  class='av-social-sharing-box  avia-builder-el-7  el_after_av_hr  el_before_av_hr  '><div class='av-share-box'><h5 class='av-share-link-description av-no-toc '>Compartir esta noticia<\/h5><ul class='av-share-box-list noLightbox'><li class='av-share-link av-social-link-facebook' ><a target=\"_blank\" aria-label=\"Compartir en Facebook\" href='https:\/\/www.facebook.com\/sharer.php?u=https:\/\/radiorevelacionfm.cl\/?p=41214&#038;t=Lanzan%20concurso%20%E2%80%9CCuenta%20tu%20cuento%20matem%C3%A1tico%20en%20la%20Patagonia%E2%80%9D%20para%20estudiantes%20de%20educaci%C3%B3n%20b%C3%A1sica' aria-hidden='false' data-av_icon='\ue8f3' data-av_iconfont='entypo-fontello' title='' data-avia-related-tooltip='Compartir en Facebook' rel=\"noopener\"><span class='avia_hidden_link_text'>Compartir en Facebook<\/span><\/a><\/li><li class='av-share-link av-social-link-twitter' ><a target=\"_blank\" aria-label=\"Compartir en Twitter\" href='https:\/\/twitter.com\/share?text=Lanzan%20concurso%20%E2%80%9CCuenta%20tu%20cuento%20matem%C3%A1tico%20en%20la%20Patagonia%E2%80%9D%20para%20estudiantes%20de%20educaci%C3%B3n%20b%C3%A1sica&#038;url=https:\/\/radiorevelacionfm.cl\/?p=41214' aria-hidden='false' data-av_icon='\ue8f1' data-av_iconfont='entypo-fontello' title='' data-avia-related-tooltip='Compartir en Twitter' rel=\"noopener\"><span class='avia_hidden_link_text'>Compartir en Twitter<\/span><\/a><\/li><li class='av-share-link av-social-link-whatsapp' ><a target=\"_blank\" aria-label=\"Compartir en Whatsapp\" href='https:\/\/api.whatsapp.com\/send?text=https:\/\/radiorevelacionfm.cl\/?p=41214' aria-hidden='false' data-av_icon='\uf232' data-av_iconfont='entypo-fontello' title='' data-avia-related-tooltip='Compartir en Whatsapp' rel=\"noopener\"><span class='avia_hidden_link_text'>Compartir en Whatsapp<\/span><\/a><\/li><li class='av-share-link av-social-link-linkedin' ><a target=\"_blank\" aria-label=\"Compartir en LinkedIn\" href='https:\/\/linkedin.com\/shareArticle?mini=true&#038;title=Lanzan%20concurso%20%E2%80%9CCuenta%20tu%20cuento%20matem%C3%A1tico%20en%20la%20Patagonia%E2%80%9D%20para%20estudiantes%20de%20educaci%C3%B3n%20b%C3%A1sica&#038;url=https:\/\/radiorevelacionfm.cl\/?p=41214' aria-hidden='false' data-av_icon='\ue8fc' data-av_iconfont='entypo-fontello' title='' data-avia-related-tooltip='Compartir en LinkedIn' rel=\"noopener\"><span class='avia_hidden_link_text'>Compartir en LinkedIn<\/span><\/a><\/li><li class='av-share-link av-social-link-mail' ><a  aria-label=\"Compartir por correo\" href='mailto:?subject=Lanzan%20concurso%20%E2%80%9CCuenta%20tu%20cuento%20matem%C3%A1tico%20en%20la%20Patagonia%E2%80%9D%20para%20estudiantes%20de%20educaci%C3%B3n%20b%C3%A1sica&#038;body=https:\/\/radiorevelacionfm.cl\/?p=41214' aria-hidden='false' data-av_icon='\ue805' data-av_iconfont='entypo-fontello' title='' data-avia-related-tooltip='Compartir por correo'><span class='avia_hidden_link_text'>Compartir por correo<\/span><\/a><\/li><\/ul><\/div><\/div>\n<div  style='height:50px' class='hr hr-invisible   avia-builder-el-8  el_after_av_social_share  el_before_av_comments_list '><span class='hr-inner ' ><span class='hr-inner-style'><\/span><\/span><\/div>\n<div  class='av-buildercomment  av-blog-meta-html-info-disabled av-blog-meta-tag-disabled  '><\/div>\n","protected":false},"excerpt":{"rendered":"","protected":false},"author":1,"featured_media":41215,"comment_status":"open","ping_status":"open","sticky":false,"template":"","format":"standard","meta":{"footnotes":""},"categories":[49],"tags":[],"class_list":["post-41214","post","type-post","status-publish","format-standard","has-post-thumbnail","hentry","category-educacion"],"jetpack_featured_media_url":"https:\/\/radiorevelacionfm.cl\/wp-content\/uploads\/2024\/04\/img_4584-1_optimized-e1712880735214.jpeg","_links":{"self":[{"href":"https:\/\/radiorevelacionfm.cl\/index.php?rest_route=\/wp\/v2\/posts\/41214","targetHints":{"allow":["GET"]}}],"collection":[{"href":"https:\/\/radiorevelacionfm.cl\/index.php?rest_route=\/wp\/v2\/posts"}],"about":[{"href":"https:\/\/radiorevelacionfm.cl\/index.php?rest_route=\/wp\/v2\/types\/post"}],"author":[{"embeddable":true,"href":"https:\/\/radiorevelacionfm.cl\/index.php?rest_route=\/wp\/v2\/users\/1"}],"replies":[{"embeddable":true,"href":"https:\/\/radiorevelacionfm.cl\/index.php?rest_route=%2Fwp%2Fv2%2Fcomments&post=41214"}],"version-history":[{"count":1,"href":"https:\/\/radiorevelacionfm.cl\/index.php?rest_route=\/wp\/v2\/posts\/41214\/revisions"}],"predecessor-version":[{"id":41216,"href":"https:\/\/radiorevelacionfm.cl\/index.php?rest_route=\/wp\/v2\/posts\/41214\/revisions\/41216"}],"wp:featuredmedia":[{"embeddable":true,"href":"https:\/\/radiorevelacionfm.cl\/index.php?rest_route=\/wp\/v2\/media\/41215"}],"wp:attachment":[{"href":"https:\/\/radiorevelacionfm.cl\/index.php?rest_route=%2Fwp%2Fv2%2Fmedia&parent=41214"}],"wp:term":[{"taxonomy":"category","embeddable":true,"href":"https:\/\/radiorevelacionfm.cl\/index.php?rest_route=%2Fwp%2Fv2%2Fcategories&post=41214"},{"taxonomy":"post_tag","embeddable":true,"href":"https:\/\/radiorevelacionfm.cl\/index.php?rest_route=%2Fwp%2Fv2%2Ftags&post=41214"}],"curies":[{"name":"wp","href":"https:\/\/api.w.org\/{rel}","templated":true}]}}