{"id":41211,"date":"2024-04-11T22:07:06","date_gmt":"2024-04-12T01:07:06","guid":{"rendered":"https:\/\/radiorevelacionfm.cl\/?p=41211"},"modified":"2024-04-11T22:07:06","modified_gmt":"2024-04-12T01:07:06","slug":"comision-de-economia-de-la-camara-aprueba-por-unanimidad-proyecto-que-crea-sistema-de-permisos-sectoriales","status":"publish","type":"post","link":"https:\/\/radiorevelacionfm.cl\/?p=41211","title":{"rendered":"Comisi\u00f3n de Econom\u00eda de la C\u00e1mara aprueba por unanimidad proyecto que crea Sistema de Permisos Sectoriales"},"content":{"rendered":"<div class=\"flex_column av_one_full  flex_column_div av-zero-column-padding first  avia-builder-el-0  el_before_av_one_full  avia-builder-el-first  \" style='border-radius:0px; '><div  class='avia-image-container  av-styling-    avia-builder-el-1  avia-builder-el-no-sibling  avia-align-center '  itemprop=\"image\" itemscope=\"itemscope\" itemtype=\"https:\/\/schema.org\/ImageObject\"  ><div class='avia-image-container-inner'><div class='avia-image-overlay-wrap'><img decoding=\"async\" class='wp-image-41212 avia-img-lazy-loading-not-41212 avia_image' src=\"https:\/\/radiorevelacionfm.cl\/wp-content\/uploads\/2024\/04\/seremis-economia-energia-mineria-1_optimized-1.jpg\" alt='' title='seremis-economia-energia-mineria-(1)_optimized (1)' height=\"640\" width=\"804\"  itemprop=\"thumbnailUrl\" srcset=\"https:\/\/radiorevelacionfm.cl\/wp-content\/uploads\/2024\/04\/seremis-economia-energia-mineria-1_optimized-1.jpg 804w, https:\/\/radiorevelacionfm.cl\/wp-content\/uploads\/2024\/04\/seremis-economia-energia-mineria-1_optimized-1-300x239.jpg 300w, https:\/\/radiorevelacionfm.cl\/wp-content\/uploads\/2024\/04\/seremis-economia-energia-mineria-1_optimized-1-768x611.jpg 768w, https:\/\/radiorevelacionfm.cl\/wp-content\/uploads\/2024\/04\/seremis-economia-energia-mineria-1_optimized-1-705x561.jpg 705w, https:\/\/radiorevelacionfm.cl\/wp-content\/uploads\/2024\/04\/seremis-economia-energia-mineria-1_optimized-1-450x358.jpg 450w, https:\/\/radiorevelacionfm.cl\/wp-content\/uploads\/2024\/04\/seremis-economia-energia-mineria-1_optimized-1-600x478.jpg 600w\" sizes=\"(max-width: 804px) 100vw, 804px\" \/><\/div><\/div><\/div><\/div><div class=\"flex_column av_one_full  flex_column_div av-zero-column-padding first  avia-builder-el-2  el_after_av_one_full  el_before_av_one_full  column-top-margin\" style='border-radius:0px; '><section class=\"av_textblock_section \"  itemscope=\"itemscope\" itemtype=\"https:\/\/schema.org\/BlogPosting\" itemprop=\"blogPost\" ><div class='avia_textblock  '   itemprop=\"text\" ><p style=\"text-align: center;\"><strong><span style=\"font-size: 18pt;\">Comisi\u00f3n de Econom\u00eda de la C\u00e1mara aprueba por unanimidad proyecto que crea Sistema de Permisos Sectoriales<\/span><\/strong><\/p>\n<div id=\"gtx-trans\" style=\"position: absolute; left: -50px; top: 4.31534px;\">\n<div class=\"gtx-trans-icon\"><\/div>\n<\/div>\n<\/div><\/section><\/div><div class=\"flex_column av_one_full  flex_column_div av-zero-column-padding first  avia-builder-el-4  el_after_av_one_full  el_before_av_hr  column-top-margin\" style='border-radius:0px; '><section class=\"av_textblock_section \"  itemscope=\"itemscope\" itemtype=\"https:\/\/schema.org\/BlogPosting\" itemprop=\"blogPost\" ><div class='avia_textblock  '   itemprop=\"text\" ><p style=\"text-align: justify;\"><em>El proyecto tiene por objetivo la simplificaci\u00f3n de los tiempos tramitaci\u00f3n de permisos no ambientales de diverso tipo, lo que contribuir\u00e1 a entregar mayores certezas a la inversi\u00f3n.<\/em><\/p>\n<p style=\"text-align: justify;\">La Comisi\u00f3n de Econom\u00eda de la C\u00e1mara de Diputadas y Diputados, aprob\u00f3 por unanimidad, la votaci\u00f3n en general del proyecto que crea el Sistema de Permisos Sectoriales, iniciativa que permitir\u00e1 acelerar la inversi\u00f3n, abrir\u00e1 caminos para mayor crecimiento y entregar\u00e1 mayor velocidad a que las Pymes inviertan de modo m\u00e1s raudo, como tambi\u00e9n a que grandes proyectos de inversi\u00f3n que generan gran cantidad de empleos, se concreten de manera m\u00e1s fluida.<\/p>\n<p style=\"text-align: justify;\">El Seremi de Econom\u00eda de la Regi\u00f3n de Ays\u00e9n; Felipe Rojas Pizarro relev\u00f3 este importante paso dado por esta iniciativa que destrabar\u00e1 los largos tiempos de espera a los que se ven expuestos diversos proyectos de inversi\u00f3n. <em>\u201cEs un gran avance para un proyecto central para el crecimiento econ\u00f3mico, y especialmente en materia de destrabar tiempos y agilizar los procesos de permisos. Existen casos en que un tr\u00e1mite puede tardar meses e incluso a\u00f1os, lo que impacta fuertemente en las inversiones de diversa \u00edndole y en el objetivo final que es dinamizar la econom\u00eda de los territorios. En ese contexto, nos alegra este gran paso hacia la concreci\u00f3n de una iniciativa que ha contado con un excelente di\u00e1logo p\u00fablico privado y donde esperamos que ahora, en la discusi\u00f3n y votaci\u00f3n en particular, podamos dar el paso definitivo hacia materializar un proyecto que aportar\u00e1 al desarrollo y crecimiento econ\u00f3mico de nuestro pa\u00eds y de toda su gente\u201d.<\/em><\/p>\n<p style=\"text-align: justify;\">Por su parte, el Seremi de Miner\u00eda de Ays\u00e9n, Juan V\u00e1squez Alarc\u00f3n, enfatiz\u00f3 en la importancia que podr\u00eda tener para el desarrollo del sector minero la aprobaci\u00f3n de esta iniciativa. \u00abEl objetivo es que esta discusi\u00f3n legislativa tenga un impacto positivo en la inversi\u00f3n minera y autorizaciones sectoriales en Chile, al simplificar y agilizar los procesos de tramitaci\u00f3n de permisos, lo que a su vez fomentar\u00e1 la inversi\u00f3n en el sector. Asimismo, Establecer mecanismos de tramitaci\u00f3n diferenciados por magnitud de cada proyecto impulsando adem\u00e1s la ventanilla \u00fanica de permisos sectoriales que vele por una adecuada coordinaci\u00f3n de los actores involucrados en la tramitaci\u00f3n de permisos\u00bb.<\/p>\n<p style=\"text-align: justify;\">El Seremi de Energ\u00eda; Tom\u00e1s Laibe tambi\u00e9n puso sobre relieve la importancia de este avance. <em>\u201cCelebramos el avance de este proyecto, que viene a reordenar y reorganizar nuestra institucionalidad de autorizaciones y permisos. Mejorar este tipo de procedimientos podr\u00eda tener un efecto positivo de hasta 0.25 en del PIB anual. Adem\u00e1s, contribuir\u00e1 a una necesaria modernizaci\u00f3n del Estado, que equilibra la rigurosidad t\u00e9cnica de los proyectos con tiempos oportunos para la inversi\u00f3n. Ello en tiempos cruciales para nuestra etapa de desarrollo, en los que debemos atraer inversi\u00f3n en hidr\u00f3geno verde y en el desarrollo de energ\u00edas limpias.<\/em><\/p>\n<p style=\"text-align: justify;\">La iniciativa aborda la tramitaci\u00f3n de permisos no ambientales, lo que se asocian a la implementaci\u00f3n de proyectos y actividades en \u00e1reas reguladas, su objetivo es la agilizaci\u00f3n de la gesti\u00f3n de estos procesos, reduciendo los tiempos y entregando un mayor certeza a las inversiones privadas. Lo anterior, sin restar los est\u00e1ndares t\u00e9cnicos ya instaurados en la normativa vigente. Adem\u00e1s, este es un proyecto que forma parte del Pacto Fiscal e involucra tramitaciones emitidas por 37 servicios vinculados a 16 diferentes ministerios. Uno de sus principales objetivos es el fortalecimiento de la inversi\u00f3n en proyectos de diversa \u00edndole, desde iniciativas de gran envergadura, como proyectos mineros, hasta propuestas de menor tama\u00f1o. Con esta aprobaci\u00f3n, la iniciativa iniciar\u00e1 su discusi\u00f3n en particular en la Comisi\u00f3n de Econom\u00eda de la C\u00e1mara.<\/p>\n<\/div><\/section><\/div><div  style='height:50px' class='hr hr-invisible   avia-builder-el-6  el_after_av_one_full  el_before_av_social_share '><span class='hr-inner ' ><span class='hr-inner-style'><\/span><\/span><\/div><\/p>\n<div  class='av-social-sharing-box  avia-builder-el-7  el_after_av_hr  el_before_av_hr  '><div class='av-share-box'><h5 class='av-share-link-description av-no-toc '>Compartir esta noticia<\/h5><ul class='av-share-box-list noLightbox'><li class='av-share-link av-social-link-facebook' ><a target=\"_blank\" aria-label=\"Compartir en Facebook\" href='https:\/\/www.facebook.com\/sharer.php?u=https:\/\/radiorevelacionfm.cl\/?p=41211&#038;t=Comisi%C3%B3n%20de%20Econom%C3%ADa%20de%20la%20C%C3%A1mara%20aprueba%20por%20unanimidad%20proyecto%20que%20crea%20Sistema%20de%20Permisos%20Sectoriales' aria-hidden='false' data-av_icon='\ue8f3' data-av_iconfont='entypo-fontello' title='' data-avia-related-tooltip='Compartir en Facebook' rel=\"noopener\"><span class='avia_hidden_link_text'>Compartir en Facebook<\/span><\/a><\/li><li class='av-share-link av-social-link-twitter' ><a target=\"_blank\" aria-label=\"Compartir en Twitter\" href='https:\/\/twitter.com\/share?text=Comisi%C3%B3n%20de%20Econom%C3%ADa%20de%20la%20C%C3%A1mara%20aprueba%20por%20unanimidad%20proyecto%20que%20crea%20Sistema%20de%20Permisos%20Sectoriales&#038;url=https:\/\/radiorevelacionfm.cl\/?p=41211' aria-hidden='false' data-av_icon='\ue8f1' data-av_iconfont='entypo-fontello' title='' data-avia-related-tooltip='Compartir en Twitter' rel=\"noopener\"><span class='avia_hidden_link_text'>Compartir en Twitter<\/span><\/a><\/li><li class='av-share-link av-social-link-whatsapp' ><a target=\"_blank\" aria-label=\"Compartir en Whatsapp\" href='https:\/\/api.whatsapp.com\/send?text=https:\/\/radiorevelacionfm.cl\/?p=41211' aria-hidden='false' data-av_icon='\uf232' data-av_iconfont='entypo-fontello' title='' data-avia-related-tooltip='Compartir en Whatsapp' rel=\"noopener\"><span class='avia_hidden_link_text'>Compartir en Whatsapp<\/span><\/a><\/li><li class='av-share-link av-social-link-linkedin' ><a target=\"_blank\" aria-label=\"Compartir en LinkedIn\" href='https:\/\/linkedin.com\/shareArticle?mini=true&#038;title=Comisi%C3%B3n%20de%20Econom%C3%ADa%20de%20la%20C%C3%A1mara%20aprueba%20por%20unanimidad%20proyecto%20que%20crea%20Sistema%20de%20Permisos%20Sectoriales&#038;url=https:\/\/radiorevelacionfm.cl\/?p=41211' aria-hidden='false' data-av_icon='\ue8fc' data-av_iconfont='entypo-fontello' title='' data-avia-related-tooltip='Compartir en LinkedIn' rel=\"noopener\"><span class='avia_hidden_link_text'>Compartir en LinkedIn<\/span><\/a><\/li><li class='av-share-link av-social-link-mail' ><a  aria-label=\"Compartir por correo\" href='mailto:?subject=Comisi%C3%B3n%20de%20Econom%C3%ADa%20de%20la%20C%C3%A1mara%20aprueba%20por%20unanimidad%20proyecto%20que%20crea%20Sistema%20de%20Permisos%20Sectoriales&#038;body=https:\/\/radiorevelacionfm.cl\/?p=41211' aria-hidden='false' data-av_icon='\ue805' data-av_iconfont='entypo-fontello' title='' data-avia-related-tooltip='Compartir por correo'><span class='avia_hidden_link_text'>Compartir por correo<\/span><\/a><\/li><\/ul><\/div><\/div>\n<div  style='height:50px' class='hr hr-invisible   avia-builder-el-8  el_after_av_social_share  el_before_av_comments_list '><span class='hr-inner ' ><span class='hr-inner-style'><\/span><\/span><\/div>\n<div  class='av-buildercomment  av-blog-meta-html-info-disabled av-blog-meta-tag-disabled  '><\/div>\n","protected":false},"excerpt":{"rendered":"","protected":false},"author":1,"featured_media":41212,"comment_status":"open","ping_status":"open","sticky":false,"template":"","format":"standard","meta":{"footnotes":""},"categories":[37],"tags":[],"class_list":["post-41211","post","type-post","status-publish","format-standard","has-post-thumbnail","hentry","category-economia"],"jetpack_featured_media_url":"https:\/\/radiorevelacionfm.cl\/wp-content\/uploads\/2024\/04\/seremis-economia-energia-mineria-1_optimized-1.jpg","_links":{"self":[{"href":"https:\/\/radiorevelacionfm.cl\/index.php?rest_route=\/wp\/v2\/posts\/41211","targetHints":{"allow":["GET"]}}],"collection":[{"href":"https:\/\/radiorevelacionfm.cl\/index.php?rest_route=\/wp\/v2\/posts"}],"about":[{"href":"https:\/\/radiorevelacionfm.cl\/index.php?rest_route=\/wp\/v2\/types\/post"}],"author":[{"embeddable":true,"href":"https:\/\/radiorevelacionfm.cl\/index.php?rest_route=\/wp\/v2\/users\/1"}],"replies":[{"embeddable":true,"href":"https:\/\/radiorevelacionfm.cl\/index.php?rest_route=%2Fwp%2Fv2%2Fcomments&post=41211"}],"version-history":[{"count":1,"href":"https:\/\/radiorevelacionfm.cl\/index.php?rest_route=\/wp\/v2\/posts\/41211\/revisions"}],"predecessor-version":[{"id":41213,"href":"https:\/\/radiorevelacionfm.cl\/index.php?rest_route=\/wp\/v2\/posts\/41211\/revisions\/41213"}],"wp:featuredmedia":[{"embeddable":true,"href":"https:\/\/radiorevelacionfm.cl\/index.php?rest_route=\/wp\/v2\/media\/41212"}],"wp:attachment":[{"href":"https:\/\/radiorevelacionfm.cl\/index.php?rest_route=%2Fwp%2Fv2%2Fmedia&parent=41211"}],"wp:term":[{"taxonomy":"category","embeddable":true,"href":"https:\/\/radiorevelacionfm.cl\/index.php?rest_route=%2Fwp%2Fv2%2Fcategories&post=41211"},{"taxonomy":"post_tag","embeddable":true,"href":"https:\/\/radiorevelacionfm.cl\/index.php?rest_route=%2Fwp%2Fv2%2Ftags&post=41211"}],"curies":[{"name":"wp","href":"https:\/\/api.w.org\/{rel}","templated":true}]}}