{"id":41208,"date":"2024-04-11T21:04:00","date_gmt":"2024-04-12T00:04:00","guid":{"rendered":"https:\/\/radiorevelacionfm.cl\/?p=41208"},"modified":"2024-04-11T21:04:00","modified_gmt":"2024-04-12T00:04:00","slug":"fabiola-munoz-fierro-jura-como-jueza-titular-del-juzgado-de-garantia-de-coyhaique","status":"publish","type":"post","link":"https:\/\/radiorevelacionfm.cl\/?p=41208","title":{"rendered":"Fabiola Mu\u00f1oz Fierro jura como jueza titular del Juzgado de Garant\u00eda de Coyhaique"},"content":{"rendered":"<div class=\"flex_column av_one_full  flex_column_div av-zero-column-padding first  avia-builder-el-0  el_before_av_one_full  avia-builder-el-first  \" style='border-radius:0px; '><div  class='avia-image-container  av-styling-    avia-builder-el-1  avia-builder-el-no-sibling  avia-align-center '  itemprop=\"image\" itemscope=\"itemscope\" itemtype=\"https:\/\/schema.org\/ImageObject\"  ><div class='avia-image-container-inner'><div class='avia-image-overlay-wrap'><img decoding=\"async\" class='wp-image-41209 avia-img-lazy-loading-not-41209 avia_image' src=\"https:\/\/radiorevelacionfm.cl\/wp-content\/uploads\/2024\/04\/Foto-juramento-Fabiola-Munoz-1-1.jpg\" alt='' title='Foto juramento Fabiola Mu\u00f1oz (1) (1)' height=\"600\" width=\"1067\"  itemprop=\"thumbnailUrl\" srcset=\"https:\/\/radiorevelacionfm.cl\/wp-content\/uploads\/2024\/04\/Foto-juramento-Fabiola-Munoz-1-1.jpg 1067w, https:\/\/radiorevelacionfm.cl\/wp-content\/uploads\/2024\/04\/Foto-juramento-Fabiola-Munoz-1-1-300x169.jpg 300w, https:\/\/radiorevelacionfm.cl\/wp-content\/uploads\/2024\/04\/Foto-juramento-Fabiola-Munoz-1-1-1030x579.jpg 1030w, https:\/\/radiorevelacionfm.cl\/wp-content\/uploads\/2024\/04\/Foto-juramento-Fabiola-Munoz-1-1-768x432.jpg 768w, https:\/\/radiorevelacionfm.cl\/wp-content\/uploads\/2024\/04\/Foto-juramento-Fabiola-Munoz-1-1-705x396.jpg 705w, https:\/\/radiorevelacionfm.cl\/wp-content\/uploads\/2024\/04\/Foto-juramento-Fabiola-Munoz-1-1-450x253.jpg 450w, https:\/\/radiorevelacionfm.cl\/wp-content\/uploads\/2024\/04\/Foto-juramento-Fabiola-Munoz-1-1-600x337.jpg 600w\" sizes=\"(max-width: 1067px) 100vw, 1067px\" \/><\/div><\/div><\/div><\/div><div class=\"flex_column av_one_full  flex_column_div av-zero-column-padding first  avia-builder-el-2  el_after_av_one_full  el_before_av_one_full  column-top-margin\" style='border-radius:0px; '><section class=\"av_textblock_section \"  itemscope=\"itemscope\" itemtype=\"https:\/\/schema.org\/BlogPosting\" itemprop=\"blogPost\" ><div class='avia_textblock  '   itemprop=\"text\" ><p style=\"text-align: center;\"><span style=\"font-size: 18pt;\"><b>Fabiola Mu\u00f1oz Fierro jura como jueza titular del Juzgado de Garant\u00eda de Coyhaique<\/b><\/span><\/p>\n<div id=\"gtx-trans\" style=\"position: absolute; left: -50px; top: 4.31534px;\">\n<div class=\"gtx-trans-icon\"><\/div>\n<\/div>\n<\/div><\/section><\/div><div class=\"flex_column av_one_full  flex_column_div av-zero-column-padding first  avia-builder-el-4  el_after_av_one_full  el_before_av_hr  column-top-margin\" style='border-radius:0px; '><section class=\"av_textblock_section \"  itemscope=\"itemscope\" itemtype=\"https:\/\/schema.org\/BlogPosting\" itemprop=\"blogPost\" ><div class='avia_textblock  '   itemprop=\"text\" ><p class=\"v1MsoNormal\" style=\"text-align: justify;\">El presidente (s) de la Corte de Apelaciones de Coyhaique, ministro Pedro Castro Espinoza, tom\u00f3 juramento ayer -mi\u00e9rcoles 10 de abril- a Fabiola Viviana Mu\u00f1oz Fierro como jueza titular del Juzgado de Garant\u00eda de la capital regional.<\/p>\n<p class=\"v1MsoNormal\" style=\"text-align: justify;\">La magistrada Mu\u00f1oz egres\u00f3 de la Universidad Cat\u00f3lica de Temuco e ingres\u00f3 al Poder Judicial como secretaria del Segundo Juzgado Civil de Antofagasta en el a\u00f1o 2011. Posteriormente, desde el 2015, se desempe\u00f1\u00f3 como jueza de Familia hasta el 28 de abril de 2022, cuando jur\u00f3 como jueza titular del Juzgado de Garant\u00eda de Antofagasta.<\/p>\n<p class=\"v1MsoNormal\" style=\"text-align: justify;\">\u00abMe siento muy contenta, muy agradecida de la Corte de Apelaciones de Coyhaique, por haberme considerado en la terna, en su oportunidad, lo que en definitiva ha significado que el d\u00eda de hoy pueda estar asumiendo este cargo como juez de garant\u00eda de la ciudad, que para m\u00ed en lo personal satisface un anhelo desde hace harto tiempo en el sentido de volver al sur y m\u00e1s a las tierras australes\u00bb, sostuvo la magistrada Fabiola Mu\u00f1oz.<\/p>\n<p class=\"v1MsoNormal\" style=\"text-align: justify;\">Agreg\u00f3 que: \u00abme he desarrollado profesionalmente en la jurisdicci\u00f3n de Antofagasta y evidentemente, tengo un gran aprecio y agradecimiento ya que me permiti\u00f3 desarrollarme en varias materias en lo jurisdiccional, pero al d\u00eda de hoy me incorporo con el mayor compromiso y profesionalismo al Juzgado de Garant\u00eda de Coyhaique, con el objetivo de insertarme de la mejor forma al grupo de trabajo, tanto para la resoluci\u00f3n de conflictos que est\u00e1n sometidos a nuestro conocimiento cada d\u00eda, sino que adem\u00e1s el formar parte de ese equipo desde lo personal y constituir un aporte desde todas las esferas que esto significa. As\u00ed que contenta y agradecida\u00bb.<\/p>\n<p class=\"v1MsoNormal\" style=\"text-align: justify;\">Durante estos a\u00f1os la jueza Mu\u00f1oz ha realizado diversos cursos y diplomados con especializaci\u00f3n en el \u00e1rea penal, siendo el \u00faltimo, en el 2023, sobre Crimen Organizado, que fue impartido por el Instituto de Estudios Judiciales (IEJ).<\/p>\n<p class=\"v1MsoNormal\" style=\"text-align: justify;\">La ceremonia se llev\u00f3 a cabo de manera virtual y participaron familiares y amigos de la magistrada, quienes se conectaron desde diferentes lugares del pa\u00eds. Al culminar, el ministro Pedro Castro deseo los mejores parabienes en su gesti\u00f3n.<\/p>\n<\/div><\/section><\/div><div  style='height:50px' class='hr hr-invisible   avia-builder-el-6  el_after_av_one_full  el_before_av_social_share '><span class='hr-inner ' ><span class='hr-inner-style'><\/span><\/span><\/div><\/p>\n<div  class='av-social-sharing-box  avia-builder-el-7  el_after_av_hr  el_before_av_hr  '><div class='av-share-box'><h5 class='av-share-link-description av-no-toc '>Compartir esta noticia<\/h5><ul class='av-share-box-list noLightbox'><li class='av-share-link av-social-link-facebook' ><a target=\"_blank\" aria-label=\"Compartir en Facebook\" href='https:\/\/www.facebook.com\/sharer.php?u=https:\/\/radiorevelacionfm.cl\/?p=41208&#038;t=Fabiola%20Mu%C3%B1oz%20Fierro%20jura%20como%20jueza%20titular%20del%20Juzgado%20de%20Garant%C3%ADa%20de%20Coyhaique' aria-hidden='false' data-av_icon='\ue8f3' data-av_iconfont='entypo-fontello' title='' data-avia-related-tooltip='Compartir en Facebook' rel=\"noopener\"><span class='avia_hidden_link_text'>Compartir en Facebook<\/span><\/a><\/li><li class='av-share-link av-social-link-twitter' ><a target=\"_blank\" aria-label=\"Compartir en Twitter\" href='https:\/\/twitter.com\/share?text=Fabiola%20Mu%C3%B1oz%20Fierro%20jura%20como%20jueza%20titular%20del%20Juzgado%20de%20Garant%C3%ADa%20de%20Coyhaique&#038;url=https:\/\/radiorevelacionfm.cl\/?p=41208' aria-hidden='false' data-av_icon='\ue8f1' data-av_iconfont='entypo-fontello' title='' data-avia-related-tooltip='Compartir en Twitter' rel=\"noopener\"><span class='avia_hidden_link_text'>Compartir en Twitter<\/span><\/a><\/li><li class='av-share-link av-social-link-whatsapp' ><a target=\"_blank\" aria-label=\"Compartir en Whatsapp\" href='https:\/\/api.whatsapp.com\/send?text=https:\/\/radiorevelacionfm.cl\/?p=41208' aria-hidden='false' data-av_icon='\uf232' data-av_iconfont='entypo-fontello' title='' data-avia-related-tooltip='Compartir en Whatsapp' rel=\"noopener\"><span class='avia_hidden_link_text'>Compartir en Whatsapp<\/span><\/a><\/li><li class='av-share-link av-social-link-linkedin' ><a target=\"_blank\" aria-label=\"Compartir en LinkedIn\" href='https:\/\/linkedin.com\/shareArticle?mini=true&#038;title=Fabiola%20Mu%C3%B1oz%20Fierro%20jura%20como%20jueza%20titular%20del%20Juzgado%20de%20Garant%C3%ADa%20de%20Coyhaique&#038;url=https:\/\/radiorevelacionfm.cl\/?p=41208' aria-hidden='false' data-av_icon='\ue8fc' data-av_iconfont='entypo-fontello' title='' data-avia-related-tooltip='Compartir en LinkedIn' rel=\"noopener\"><span class='avia_hidden_link_text'>Compartir en LinkedIn<\/span><\/a><\/li><li class='av-share-link av-social-link-mail' ><a  aria-label=\"Compartir por correo\" href='mailto:?subject=Fabiola%20Mu%C3%B1oz%20Fierro%20jura%20como%20jueza%20titular%20del%20Juzgado%20de%20Garant%C3%ADa%20de%20Coyhaique&#038;body=https:\/\/radiorevelacionfm.cl\/?p=41208' aria-hidden='false' data-av_icon='\ue805' data-av_iconfont='entypo-fontello' title='' data-avia-related-tooltip='Compartir por correo'><span class='avia_hidden_link_text'>Compartir por correo<\/span><\/a><\/li><\/ul><\/div><\/div>\n<div  style='height:50px' class='hr hr-invisible   avia-builder-el-8  el_after_av_social_share  el_before_av_comments_list '><span class='hr-inner ' ><span class='hr-inner-style'><\/span><\/span><\/div>\n<div  class='av-buildercomment  av-blog-meta-html-info-disabled av-blog-meta-tag-disabled  '><\/div>\n","protected":false},"excerpt":{"rendered":"","protected":false},"author":1,"featured_media":41209,"comment_status":"open","ping_status":"open","sticky":false,"template":"","format":"standard","meta":{"footnotes":""},"categories":[55],"tags":[],"class_list":["post-41208","post","type-post","status-publish","format-standard","has-post-thumbnail","hentry","category-justicia"],"jetpack_featured_media_url":"https:\/\/radiorevelacionfm.cl\/wp-content\/uploads\/2024\/04\/Foto-juramento-Fabiola-Munoz-1-1.jpg","_links":{"self":[{"href":"https:\/\/radiorevelacionfm.cl\/index.php?rest_route=\/wp\/v2\/posts\/41208","targetHints":{"allow":["GET"]}}],"collection":[{"href":"https:\/\/radiorevelacionfm.cl\/index.php?rest_route=\/wp\/v2\/posts"}],"about":[{"href":"https:\/\/radiorevelacionfm.cl\/index.php?rest_route=\/wp\/v2\/types\/post"}],"author":[{"embeddable":true,"href":"https:\/\/radiorevelacionfm.cl\/index.php?rest_route=\/wp\/v2\/users\/1"}],"replies":[{"embeddable":true,"href":"https:\/\/radiorevelacionfm.cl\/index.php?rest_route=%2Fwp%2Fv2%2Fcomments&post=41208"}],"version-history":[{"count":1,"href":"https:\/\/radiorevelacionfm.cl\/index.php?rest_route=\/wp\/v2\/posts\/41208\/revisions"}],"predecessor-version":[{"id":41210,"href":"https:\/\/radiorevelacionfm.cl\/index.php?rest_route=\/wp\/v2\/posts\/41208\/revisions\/41210"}],"wp:featuredmedia":[{"embeddable":true,"href":"https:\/\/radiorevelacionfm.cl\/index.php?rest_route=\/wp\/v2\/media\/41209"}],"wp:attachment":[{"href":"https:\/\/radiorevelacionfm.cl\/index.php?rest_route=%2Fwp%2Fv2%2Fmedia&parent=41208"}],"wp:term":[{"taxonomy":"category","embeddable":true,"href":"https:\/\/radiorevelacionfm.cl\/index.php?rest_route=%2Fwp%2Fv2%2Fcategories&post=41208"},{"taxonomy":"post_tag","embeddable":true,"href":"https:\/\/radiorevelacionfm.cl\/index.php?rest_route=%2Fwp%2Fv2%2Ftags&post=41208"}],"curies":[{"name":"wp","href":"https:\/\/api.w.org\/{rel}","templated":true}]}}