{"id":41202,"date":"2024-04-11T20:09:41","date_gmt":"2024-04-11T23:09:41","guid":{"rendered":"https:\/\/radiorevelacionfm.cl\/?p=41202"},"modified":"2024-04-11T20:09:41","modified_gmt":"2024-04-11T23:09:41","slug":"jovenes-inician-proceso-de-acuartelamiento-para-cumplir-con-su-servicio-militar","status":"publish","type":"post","link":"https:\/\/radiorevelacionfm.cl\/?p=41202","title":{"rendered":"J\u00f3venes inician proceso de acuartelamiento para cumplir con su Servicio Militar"},"content":{"rendered":"<div class=\"flex_column av_one_full  flex_column_div av-zero-column-padding first  avia-builder-el-0  el_before_av_one_full  avia-builder-el-first  \" style='border-radius:0px; '><div  class='avia-image-container  av-styling-    avia-builder-el-1  avia-builder-el-no-sibling  avia-align-center '  itemprop=\"image\" itemscope=\"itemscope\" itemtype=\"https:\/\/schema.org\/ImageObject\"  ><div class='avia-image-container-inner'><div class='avia-image-overlay-wrap'><img decoding=\"async\" class='wp-image-41203 avia-img-lazy-loading-not-41203 avia_image' src=\"https:\/\/radiorevelacionfm.cl\/wp-content\/uploads\/2024\/04\/whatsapp-image-2024-04-11-at-09_optimized.22.40-1-1.jpeg\" alt='' title='whatsapp-image-2024-04-11-at-09_optimized.22.40-(1) (1)' height=\"600\" width=\"901\"  itemprop=\"thumbnailUrl\" srcset=\"https:\/\/radiorevelacionfm.cl\/wp-content\/uploads\/2024\/04\/whatsapp-image-2024-04-11-at-09_optimized.22.40-1-1.jpeg 901w, https:\/\/radiorevelacionfm.cl\/wp-content\/uploads\/2024\/04\/whatsapp-image-2024-04-11-at-09_optimized.22.40-1-1-300x200.jpeg 300w, https:\/\/radiorevelacionfm.cl\/wp-content\/uploads\/2024\/04\/whatsapp-image-2024-04-11-at-09_optimized.22.40-1-1-768x511.jpeg 768w, https:\/\/radiorevelacionfm.cl\/wp-content\/uploads\/2024\/04\/whatsapp-image-2024-04-11-at-09_optimized.22.40-1-1-705x469.jpeg 705w, https:\/\/radiorevelacionfm.cl\/wp-content\/uploads\/2024\/04\/whatsapp-image-2024-04-11-at-09_optimized.22.40-1-1-450x300.jpeg 450w, https:\/\/radiorevelacionfm.cl\/wp-content\/uploads\/2024\/04\/whatsapp-image-2024-04-11-at-09_optimized.22.40-1-1-600x400.jpeg 600w\" sizes=\"(max-width: 901px) 100vw, 901px\" \/><\/div><\/div><\/div><\/div><div class=\"flex_column av_one_full  flex_column_div av-zero-column-padding first  avia-builder-el-2  el_after_av_one_full  el_before_av_one_full  column-top-margin\" style='border-radius:0px; '><section class=\"av_textblock_section \"  itemscope=\"itemscope\" itemtype=\"https:\/\/schema.org\/BlogPosting\" itemprop=\"blogPost\" ><div class='avia_textblock  '   itemprop=\"text\" ><p style=\"text-align: center;\"><strong><span style=\"font-size: 18pt;\">J\u00f3venes inician proceso de acuartelamiento para cumplir con su Servicio Militar<\/span><\/strong><\/p>\n<div id=\"gtx-trans\" style=\"position: absolute; left: -50px; top: 4.31534px;\">\n<div class=\"gtx-trans-icon\"><\/div>\n<\/div>\n<\/div><\/section><\/div><div class=\"flex_column av_one_full  flex_column_div av-zero-column-padding first  avia-builder-el-4  el_after_av_one_full  el_before_av_hr  column-top-margin\" style='border-radius:0px; '><section class=\"av_textblock_section \"  itemscope=\"itemscope\" itemtype=\"https:\/\/schema.org\/BlogPosting\" itemprop=\"blogPost\" ><div class='avia_textblock  '   itemprop=\"text\" ><p style=\"text-align: justify;\">Durante esta semana, la IV Divisi\u00f3n de Ej\u00e9rcito dio inicio al proceso de acuartelamiento del contingente promoci\u00f3n 2024-2025, recibiendo a los j\u00f3venes quienes realizar\u00e1n su Servicio Militar en el Destacamento Motorizado N\u00b014 \u201cAys\u00e9n\u201d en la ciudad de Coyhaique y en el Regimiento N\u00b08 \u201cChilo\u00e9\u201d en Puerto Ays\u00e9n.<\/p>\n<p style=\"text-align: justify;\">Al momento de su ingreso los j\u00f3venes quienes llegaron acompa\u00f1ados de sus familiares y\/o apoderados, fueron recibidos por los Comandantes de las unidades, ocasi\u00f3n en la cual los padres pudieron interiorizarse de las actividades y etapas del servicio militar y aclarar dudas. El Comandante de Destacamento Motorizado N\u00b014 \u201cAys\u00e9n\u201d, Coronel El\u00edas Abuyeres Manzur agradeci\u00f3 a los j\u00f3venes que decidieron presentarse de forma voluntaria, adem\u00e1s de resaltar los beneficios y oportunidades que pueden encontrar en el servicio militar, como nivelaci\u00f3n de estudios, becas y capacitaci\u00f3n laboral o al ingresar como soldado de tropa profesional, a la Escuela de Suboficiales o Escuela Militar del Ej\u00e9rcito. Asimismo, el Comandante del Regimiento N\u00b08 \u201cChilo\u00e9\u201d Coronel Pedro Abarca Schweiger, recibi\u00f3 a los j\u00f3venes y\u00a0 pudo reunirse con los familiares entreg\u00e1ndoles la tranquilidad ante esta nueva etapa que inician sus hijos como futuros soldados del Ej\u00e9rcito de Chile.<\/p>\n<p style=\"text-align: justify;\">Finalmente, tanto en Coyhaique como en Puerto Ays\u00e9n, se realiz\u00f3 una ceremonia de bienvenida, ocasi\u00f3n en la cual los j\u00f3venes desfilaron frente a sus orgullosos padres, para luego despedirse e iniciar su servicio militar.<\/p>\n<\/div><\/section><\/div><div  style='height:50px' class='hr hr-invisible   avia-builder-el-6  el_after_av_one_full  el_before_av_social_share '><span class='hr-inner ' ><span class='hr-inner-style'><\/span><\/span><\/div><\/p>\n<div  class='av-social-sharing-box  avia-builder-el-7  el_after_av_hr  el_before_av_hr  '><div class='av-share-box'><h5 class='av-share-link-description av-no-toc '>Compartir esta noticia<\/h5><ul class='av-share-box-list noLightbox'><li class='av-share-link av-social-link-facebook' ><a target=\"_blank\" aria-label=\"Compartir en Facebook\" href='https:\/\/www.facebook.com\/sharer.php?u=https:\/\/radiorevelacionfm.cl\/?p=41202&#038;t=J%C3%B3venes%20inician%20proceso%20de%20acuartelamiento%20para%20cumplir%20con%20su%20Servicio%20Militar' aria-hidden='false' data-av_icon='\ue8f3' data-av_iconfont='entypo-fontello' title='' data-avia-related-tooltip='Compartir en Facebook' rel=\"noopener\"><span class='avia_hidden_link_text'>Compartir en Facebook<\/span><\/a><\/li><li class='av-share-link av-social-link-twitter' ><a target=\"_blank\" aria-label=\"Compartir en Twitter\" href='https:\/\/twitter.com\/share?text=J%C3%B3venes%20inician%20proceso%20de%20acuartelamiento%20para%20cumplir%20con%20su%20Servicio%20Militar&#038;url=https:\/\/radiorevelacionfm.cl\/?p=41202' aria-hidden='false' data-av_icon='\ue8f1' data-av_iconfont='entypo-fontello' title='' data-avia-related-tooltip='Compartir en Twitter' rel=\"noopener\"><span class='avia_hidden_link_text'>Compartir en Twitter<\/span><\/a><\/li><li class='av-share-link av-social-link-whatsapp' ><a target=\"_blank\" aria-label=\"Compartir en Whatsapp\" href='https:\/\/api.whatsapp.com\/send?text=https:\/\/radiorevelacionfm.cl\/?p=41202' aria-hidden='false' data-av_icon='\uf232' data-av_iconfont='entypo-fontello' title='' data-avia-related-tooltip='Compartir en Whatsapp' rel=\"noopener\"><span class='avia_hidden_link_text'>Compartir en Whatsapp<\/span><\/a><\/li><li class='av-share-link av-social-link-linkedin' ><a target=\"_blank\" aria-label=\"Compartir en LinkedIn\" href='https:\/\/linkedin.com\/shareArticle?mini=true&#038;title=J%C3%B3venes%20inician%20proceso%20de%20acuartelamiento%20para%20cumplir%20con%20su%20Servicio%20Militar&#038;url=https:\/\/radiorevelacionfm.cl\/?p=41202' aria-hidden='false' data-av_icon='\ue8fc' data-av_iconfont='entypo-fontello' title='' data-avia-related-tooltip='Compartir en LinkedIn' rel=\"noopener\"><span class='avia_hidden_link_text'>Compartir en LinkedIn<\/span><\/a><\/li><li class='av-share-link av-social-link-mail' ><a  aria-label=\"Compartir por correo\" href='mailto:?subject=J%C3%B3venes%20inician%20proceso%20de%20acuartelamiento%20para%20cumplir%20con%20su%20Servicio%20Militar&#038;body=https:\/\/radiorevelacionfm.cl\/?p=41202' aria-hidden='false' data-av_icon='\ue805' data-av_iconfont='entypo-fontello' title='' data-avia-related-tooltip='Compartir por correo'><span class='avia_hidden_link_text'>Compartir por correo<\/span><\/a><\/li><\/ul><\/div><\/div>\n<div  style='height:50px' class='hr hr-invisible   avia-builder-el-8  el_after_av_social_share  el_before_av_comments_list '><span class='hr-inner ' ><span class='hr-inner-style'><\/span><\/span><\/div>\n<div  class='av-buildercomment  av-blog-meta-html-info-disabled av-blog-meta-tag-disabled  '><\/div>\n","protected":false},"excerpt":{"rendered":"","protected":false},"author":1,"featured_media":41203,"comment_status":"open","ping_status":"open","sticky":false,"template":"","format":"standard","meta":{"footnotes":""},"categories":[38],"tags":[],"class_list":["post-41202","post","type-post","status-publish","format-standard","has-post-thumbnail","hentry","category-regional"],"jetpack_featured_media_url":"https:\/\/radiorevelacionfm.cl\/wp-content\/uploads\/2024\/04\/whatsapp-image-2024-04-11-at-09_optimized.22.40-1-1.jpeg","_links":{"self":[{"href":"https:\/\/radiorevelacionfm.cl\/index.php?rest_route=\/wp\/v2\/posts\/41202","targetHints":{"allow":["GET"]}}],"collection":[{"href":"https:\/\/radiorevelacionfm.cl\/index.php?rest_route=\/wp\/v2\/posts"}],"about":[{"href":"https:\/\/radiorevelacionfm.cl\/index.php?rest_route=\/wp\/v2\/types\/post"}],"author":[{"embeddable":true,"href":"https:\/\/radiorevelacionfm.cl\/index.php?rest_route=\/wp\/v2\/users\/1"}],"replies":[{"embeddable":true,"href":"https:\/\/radiorevelacionfm.cl\/index.php?rest_route=%2Fwp%2Fv2%2Fcomments&post=41202"}],"version-history":[{"count":1,"href":"https:\/\/radiorevelacionfm.cl\/index.php?rest_route=\/wp\/v2\/posts\/41202\/revisions"}],"predecessor-version":[{"id":41204,"href":"https:\/\/radiorevelacionfm.cl\/index.php?rest_route=\/wp\/v2\/posts\/41202\/revisions\/41204"}],"wp:featuredmedia":[{"embeddable":true,"href":"https:\/\/radiorevelacionfm.cl\/index.php?rest_route=\/wp\/v2\/media\/41203"}],"wp:attachment":[{"href":"https:\/\/radiorevelacionfm.cl\/index.php?rest_route=%2Fwp%2Fv2%2Fmedia&parent=41202"}],"wp:term":[{"taxonomy":"category","embeddable":true,"href":"https:\/\/radiorevelacionfm.cl\/index.php?rest_route=%2Fwp%2Fv2%2Fcategories&post=41202"},{"taxonomy":"post_tag","embeddable":true,"href":"https:\/\/radiorevelacionfm.cl\/index.php?rest_route=%2Fwp%2Fv2%2Ftags&post=41202"}],"curies":[{"name":"wp","href":"https:\/\/api.w.org\/{rel}","templated":true}]}}