{"id":4120,"date":"2021-05-13T13:51:27","date_gmt":"2021-05-13T16:51:27","guid":{"rendered":"https:\/\/radiorevelacionfm.cl\/?p=4120"},"modified":"2021-05-13T14:06:51","modified_gmt":"2021-05-13T17:06:51","slug":"frente-a-proceso-eleccionario-de-este-fin-de-semana-personas-diagnosticadas-por-covid-19-y-contactos-estrechos-deben-cumplir-sus-cuarentenas","status":"publish","type":"post","link":"https:\/\/radiorevelacionfm.cl\/?p=4120","title":{"rendered":"Frente a proceso eleccionario de este fin de semana: Personas diagnosticadas por COVID-19 y contactos estrechos deben cumplir sus cuarentenas"},"content":{"rendered":"<div class=\"flex_column av_one_full  flex_column_div av-zero-column-padding first  avia-builder-el-0  el_before_av_one_full  avia-builder-el-first  \" style='border-radius:0px; '><div  class='avia-image-container  av-styling-    avia-builder-el-1  avia-builder-el-no-sibling  avia-align-center '  itemprop=\"image\" itemscope=\"itemscope\" itemtype=\"https:\/\/schema.org\/ImageObject\"  ><div class='avia-image-container-inner'><div class='avia-image-overlay-wrap'><img decoding=\"async\" class='wp-image-0 avia-img-lazy-loading-not-0 avia_image' src=\"https:\/\/radiorevelacionfm.cl\/wp-content\/uploads\/2021\/05\/Seremi-de-Salud-Aysen.jpeg\" alt='' title=''   itemprop=\"thumbnailUrl\"  \/><\/div><\/div><\/div><\/div><div class=\"flex_column av_one_full  flex_column_div av-zero-column-padding first  avia-builder-el-2  el_after_av_one_full  el_before_av_one_full  column-top-margin\" style='border-radius:0px; '><section class=\"av_textblock_section \"  itemscope=\"itemscope\" itemtype=\"https:\/\/schema.org\/BlogPosting\" itemprop=\"blogPost\" ><div class='avia_textblock  '   itemprop=\"text\" ><p style=\"text-align: center;\"><span style=\"font-size: 18pt;\"><strong>Frente a proceso eleccionario de este fin de semana: <\/strong><strong>Personas diagnosticadas por COVID-19 y contactos estrechos deben cumplir sus cuarentenas<\/strong><\/span><\/p>\n<div id=\"gtx-trans\" style=\"position: absolute; left: -50px; top: 4.31534px;\">\n<div class=\"gtx-trans-icon\"><\/div>\n<\/div>\n<\/div><\/section><\/div><div class=\"flex_column av_one_full  flex_column_div av-zero-column-padding first  avia-builder-el-4  el_after_av_one_full  el_before_av_hr  column-top-margin\" style='border-radius:0px; '><section class=\"av_textblock_section \"  itemscope=\"itemscope\" itemtype=\"https:\/\/schema.org\/BlogPosting\" itemprop=\"blogPost\" ><div class='avia_textblock  '   itemprop=\"text\" ><p style=\"text-align: justify;\">Este fin de semana se llevar\u00e1 a cabo un in\u00e9dito proceso eleccionario a lo largo de todo el pa\u00eds, ya que en situaci\u00f3n de pandemia, se extendi\u00f3 por espacio de dos d\u00edas (s\u00e1bado y domingo) la posibilidad que las personas puedan concurrir a los centros de votaci\u00f3n; a excepci\u00f3n de aquellas personas que hayan sido diagnosticadas por COVID 19 y sus respectivos contactos estrechos, quienes deber\u00e1n cumplir con su per\u00edodo de cuarentena con el prop\u00f3sito de evitar la propagaci\u00f3n de este virus entre la poblaci\u00f3n.<\/p>\n<p style=\"text-align: justify;\">La informaci\u00f3n la dio a conocer la Seremi de Salud Ays\u00e9n, Alejandra Valdebenito Torres, quien entreg\u00f3 m\u00e1s antecedentes al respecto. \u201cEl proceso eleccionario de este fin de semana ser\u00e1 una importante prueba para nuestro pa\u00eds en t\u00e9rminos sanitarios, ya que ser\u00e1 la oportunidad de demostrar nuestra cultura c\u00edvica y nuestra responsabilidad sanitaria en el autocuidado, ya que adem\u00e1s de cumplir con nuestro sufragio, debemos mantener y extremar las medidas de distanciamiento f\u00edsico, el uso correcto de la mascarilla y el frecuente lavado de manos.\u00a0 Sin embargo, existe un porcentaje de personas que al haber sido diagnosticados por COVID-19, deber\u00e1n cumplir con su per\u00edodo de cuarentena; situaci\u00f3n que en el caso de la regi\u00f3n, implicara que \u2013 seg\u00fan la cifra de contagios al de hoy con 371 casos activos- cerca del 80 por ciento de este grupo estar\u00eda en edad de votar, deber\u00e1 permanecer en el domicilio acordado para su cuarentena sanitaria; medida que adem\u00e1s se extiende a los contactos estrechos\u201d.<\/p>\n<p style=\"text-align: justify;\">En este contexto, es importante mencionar que las personas que sean sorprendidas no cumpliendo su cuarentena al concurrir a un logar de votaci\u00f3n, se exponen a fuertes sanciones por parte de la autoridad sanitaria, adem\u00e1s de multas que pueden ir desde las 0,5 a 50 UTM.<\/p>\n<\/div><\/section><\/div><div  style='height:50px' class='hr hr-invisible   avia-builder-el-6  el_after_av_one_full  el_before_av_social_share '><span class='hr-inner ' ><span class='hr-inner-style'><\/span><\/span><\/div><\/p>\n<div  class='av-social-sharing-box  avia-builder-el-7  el_after_av_hr  el_before_av_hr  '><div class='av-share-box'><h5 class='av-share-link-description av-no-toc '>Compartir esta noticia<\/h5><ul class='av-share-box-list noLightbox'><li class='av-share-link av-social-link-facebook' ><a target=\"_blank\" aria-label=\"Compartir en Facebook\" href='https:\/\/www.facebook.com\/sharer.php?u=https:\/\/radiorevelacionfm.cl\/?p=4120&#038;t=Frente%20a%20proceso%20eleccionario%20de%20este%20fin%20de%20semana%3A%20Personas%20diagnosticadas%20por%20COVID-19%20y%20contactos%20estrechos%20deben%20cumplir%20sus%20cuarentenas' aria-hidden='false' data-av_icon='\ue8f3' data-av_iconfont='entypo-fontello' title='' data-avia-related-tooltip='Compartir en Facebook' rel=\"noopener\"><span class='avia_hidden_link_text'>Compartir en Facebook<\/span><\/a><\/li><li class='av-share-link av-social-link-twitter' ><a target=\"_blank\" aria-label=\"Compartir en Twitter\" href='https:\/\/twitter.com\/share?text=Frente%20a%20proceso%20eleccionario%20de%20este%20fin%20de%20semana%3A%20Personas%20diagnosticadas%20por%20COVID-19%20y%20contactos%20estrechos%20deben%20cumplir%20sus%20cuarentenas&#038;url=https:\/\/radiorevelacionfm.cl\/?p=4120' aria-hidden='false' data-av_icon='\ue8f1' data-av_iconfont='entypo-fontello' title='' data-avia-related-tooltip='Compartir en Twitter' rel=\"noopener\"><span class='avia_hidden_link_text'>Compartir en Twitter<\/span><\/a><\/li><li class='av-share-link av-social-link-whatsapp' ><a target=\"_blank\" aria-label=\"Compartir en Whatsapp\" href='https:\/\/api.whatsapp.com\/send?text=https:\/\/radiorevelacionfm.cl\/?p=4120' aria-hidden='false' data-av_icon='\uf232' data-av_iconfont='entypo-fontello' title='' data-avia-related-tooltip='Compartir en Whatsapp' rel=\"noopener\"><span class='avia_hidden_link_text'>Compartir en Whatsapp<\/span><\/a><\/li><li class='av-share-link av-social-link-linkedin' ><a target=\"_blank\" aria-label=\"Compartir en LinkedIn\" href='https:\/\/linkedin.com\/shareArticle?mini=true&#038;title=Frente%20a%20proceso%20eleccionario%20de%20este%20fin%20de%20semana%3A%20Personas%20diagnosticadas%20por%20COVID-19%20y%20contactos%20estrechos%20deben%20cumplir%20sus%20cuarentenas&#038;url=https:\/\/radiorevelacionfm.cl\/?p=4120' aria-hidden='false' data-av_icon='\ue8fc' data-av_iconfont='entypo-fontello' title='' data-avia-related-tooltip='Compartir en LinkedIn' rel=\"noopener\"><span class='avia_hidden_link_text'>Compartir en LinkedIn<\/span><\/a><\/li><li class='av-share-link av-social-link-mail' ><a  aria-label=\"Compartir por correo\" href='mailto:?subject=Frente%20a%20proceso%20eleccionario%20de%20este%20fin%20de%20semana%3A%20Personas%20diagnosticadas%20por%20COVID-19%20y%20contactos%20estrechos%20deben%20cumplir%20sus%20cuarentenas&#038;body=https:\/\/radiorevelacionfm.cl\/?p=4120' aria-hidden='false' data-av_icon='\ue805' data-av_iconfont='entypo-fontello' title='' data-avia-related-tooltip='Compartir por correo'><span class='avia_hidden_link_text'>Compartir por correo<\/span><\/a><\/li><\/ul><\/div><\/div>\n<div  style='height:50px' class='hr hr-invisible   avia-builder-el-8  el_after_av_social_share  el_before_av_comments_list '><span class='hr-inner ' ><span class='hr-inner-style'><\/span><\/span><\/div>\n<div  class='av-buildercomment  av-blog-meta-html-info-disabled av-blog-meta-tag-disabled  '><\/div>\n","protected":false},"excerpt":{"rendered":"","protected":false},"author":1,"featured_media":0,"comment_status":"open","ping_status":"open","sticky":false,"template":"","format":"standard","meta":{"footnotes":""},"categories":[46],"tags":[],"class_list":["post-4120","post","type-post","status-publish","format-standard","hentry","category-salud"],"jetpack_featured_media_url":"","_links":{"self":[{"href":"https:\/\/radiorevelacionfm.cl\/index.php?rest_route=\/wp\/v2\/posts\/4120","targetHints":{"allow":["GET"]}}],"collection":[{"href":"https:\/\/radiorevelacionfm.cl\/index.php?rest_route=\/wp\/v2\/posts"}],"about":[{"href":"https:\/\/radiorevelacionfm.cl\/index.php?rest_route=\/wp\/v2\/types\/post"}],"author":[{"embeddable":true,"href":"https:\/\/radiorevelacionfm.cl\/index.php?rest_route=\/wp\/v2\/users\/1"}],"replies":[{"embeddable":true,"href":"https:\/\/radiorevelacionfm.cl\/index.php?rest_route=%2Fwp%2Fv2%2Fcomments&post=4120"}],"version-history":[{"count":1,"href":"https:\/\/radiorevelacionfm.cl\/index.php?rest_route=\/wp\/v2\/posts\/4120\/revisions"}],"predecessor-version":[{"id":4122,"href":"https:\/\/radiorevelacionfm.cl\/index.php?rest_route=\/wp\/v2\/posts\/4120\/revisions\/4122"}],"wp:attachment":[{"href":"https:\/\/radiorevelacionfm.cl\/index.php?rest_route=%2Fwp%2Fv2%2Fmedia&parent=4120"}],"wp:term":[{"taxonomy":"category","embeddable":true,"href":"https:\/\/radiorevelacionfm.cl\/index.php?rest_route=%2Fwp%2Fv2%2Fcategories&post=4120"},{"taxonomy":"post_tag","embeddable":true,"href":"https:\/\/radiorevelacionfm.cl\/index.php?rest_route=%2Fwp%2Fv2%2Ftags&post=4120"}],"curies":[{"name":"wp","href":"https:\/\/api.w.org\/{rel}","templated":true}]}}