{"id":41199,"date":"2024-04-11T15:21:55","date_gmt":"2024-04-11T18:21:55","guid":{"rendered":"https:\/\/radiorevelacionfm.cl\/?p=41199"},"modified":"2024-04-11T15:21:55","modified_gmt":"2024-04-11T18:21:55","slug":"gobierno-presenta-proyecto-de-ley-que-facilita-el-pago-de-cotizaciones-previsionales-atrasadas-para-pymes","status":"publish","type":"post","link":"https:\/\/radiorevelacionfm.cl\/?p=41199","title":{"rendered":"Gobierno presenta proyecto de ley que facilita el pago de cotizaciones previsionales atrasadas para Pymes"},"content":{"rendered":"<div class=\"flex_column av_one_full  flex_column_div av-zero-column-padding first  avia-builder-el-0  el_before_av_one_full  avia-builder-el-first  \" style='border-radius:0px; '><div  class='avia-image-container  av-styling-    avia-builder-el-1  avia-builder-el-no-sibling  avia-align-center '  itemprop=\"image\" itemscope=\"itemscope\" itemtype=\"https:\/\/schema.org\/ImageObject\"  ><div class='avia-image-container-inner'><div class='avia-image-overlay-wrap'><img decoding=\"async\" class='wp-image-41200 avia-img-lazy-loading-not-41200 avia_image' src=\"https:\/\/radiorevelacionfm.cl\/wp-content\/uploads\/2024\/04\/FOTO-1-46-1-1.jpeg\" alt='' title='FOTO 1 (46) (1) (1)' height=\"600\" width=\"832\"  itemprop=\"thumbnailUrl\" srcset=\"https:\/\/radiorevelacionfm.cl\/wp-content\/uploads\/2024\/04\/FOTO-1-46-1-1.jpeg 832w, https:\/\/radiorevelacionfm.cl\/wp-content\/uploads\/2024\/04\/FOTO-1-46-1-1-300x216.jpeg 300w, https:\/\/radiorevelacionfm.cl\/wp-content\/uploads\/2024\/04\/FOTO-1-46-1-1-768x554.jpeg 768w, https:\/\/radiorevelacionfm.cl\/wp-content\/uploads\/2024\/04\/FOTO-1-46-1-1-705x508.jpeg 705w, https:\/\/radiorevelacionfm.cl\/wp-content\/uploads\/2024\/04\/FOTO-1-46-1-1-450x325.jpeg 450w, https:\/\/radiorevelacionfm.cl\/wp-content\/uploads\/2024\/04\/FOTO-1-46-1-1-600x433.jpeg 600w\" sizes=\"(max-width: 832px) 100vw, 832px\" \/><\/div><\/div><\/div><\/div><div class=\"flex_column av_one_full  flex_column_div av-zero-column-padding first  avia-builder-el-2  el_after_av_one_full  el_before_av_one_full  column-top-margin\" style='border-radius:0px; '><section class=\"av_textblock_section \"  itemscope=\"itemscope\" itemtype=\"https:\/\/schema.org\/BlogPosting\" itemprop=\"blogPost\" ><div class='avia_textblock  '   itemprop=\"text\" ><p style=\"text-align: center;\"><span style=\"font-size: 18pt;\"><strong>Gobierno presenta proyecto de ley que facilita el pago de cotizaciones previsionales atrasadas para Pymes<\/strong><\/span><\/p>\n<div id=\"gtx-trans\" style=\"position: absolute; left: -50px; top: 4.31534px;\">\n<div class=\"gtx-trans-icon\"><\/div>\n<\/div>\n<\/div><\/section><\/div><div class=\"flex_column av_one_full  flex_column_div av-zero-column-padding first  avia-builder-el-4  el_after_av_one_full  el_before_av_hr  column-top-margin\" style='border-radius:0px; '><section class=\"av_textblock_section \"  itemscope=\"itemscope\" itemtype=\"https:\/\/schema.org\/BlogPosting\" itemprop=\"blogPost\" ><div class='avia_textblock  '   itemprop=\"text\" ><p style=\"text-align: justify;\"><em>El objetivo del proyecto es incentivar el cumplimiento de dichas obligaciones y, de este modo, apoyar a los empleadores a los que beneficia el proyecto de ley y, por otro lado, resguardar los derechos de los trabajadores de obtener las debidas prestaciones en el \u00e1mbito de la seguridad social.<\/em><\/p>\n<p style=\"text-align: justify;\">Este martes 9 de abril, el gobierno present\u00f3 en la Comisi\u00f3n de Trabajo y Seguridad Social de la C\u00e1mara de Diputados, un proyecto de ley que permite la suscripci\u00f3n de convenios de pago de deudas previsionales atrasadas, declaradas y no pagadas, correspondientes a remuneraciones que se pagaron o debieron pagarse entre el 1 de febrero de 2020 y el 31 de diciembre de 2023.<\/p>\n<p style=\"text-align: justify;\">El proyecto de ley busca facilitar el pago de compromisos previsionales para pymes, los empleadores de trabajadores y trabajadoras de casa particular, municipalidades y corporaciones municipales, junto a comunidades de copropiedad y cooperativas. Tambi\u00e9n facilita el pago de cotizaciones previsionales, con el objetivo de incentivar el cumplimiento de dichas obligaciones. De este modo, por una parte, se da un apoyo a las y los empleadores Pymes y otras entidades y, por otra, se resguardan los derechos de las y los trabajadores de obtener las debidas prestaciones en el \u00e1mbito de la seguridad social.<\/p>\n<p style=\"text-align: justify;\">El Seremi de Trabajo y Previsi\u00f3n Social, Rodrigo D\u00edaz Cordaro, explic\u00f3 sobre el proyecto de ley, \u201cEsta iniciativa la ingresamos al Congreso para ayudar a que los empleadores puedan ponerse al d\u00eda con las obligaciones que tienen, ya que sabemos que la pandemia llev\u00f3 a muchos de ellos a enfrentar una crisis, existieron leyes de protecci\u00f3n al empleo que, si bien abordaban tem\u00e1ticas laborales y salariales propiamente tal, no ten\u00edan una expresi\u00f3n concreta en el \u00e1mbito de las cotizaciones. Tanto a las inspecciones del Trabajo como a la serem\u00eda han llegado trabajadores que se han dado cuenta que no tienen sus cotizaciones al d\u00eda reci\u00e9n cuando tienen un accidente laboral o cuando los despiden y ello es muy complejo y no es justo. Con este proyecto de ley, como Ministerio de Trabajo y Previsi\u00f3n Social queremos, por una parte, dar un apoyo concreto a las y los empleadores Pymes y otras entidades que tengan atrasos desde el 2020, y por otra parte, resguardar los derechos de las y los trabajadores de obtener las debidas prestaciones en el \u00e1mbito de la seguridad social, lo cual es un derecho fundamental de las y los trabajadores\u201d, afirm\u00f3.<\/p>\n<p style=\"text-align: justify;\">\u201cEl gobierno del presidente Gabriel Boric tiene un compromiso con las empresas de menor tama\u00f1o y pymes, y uno de esos compromisos es poder generar instancias para que exista una nueva puesta al d\u00eda de las obligaciones previsionales que tienen los empleadores y es, justamente, por este motivo que hemos presentado este proyecto. Estamos muy conscientes que la pandemia llev\u00f3 a muchas pymes a enfrentar una crisis por medio de medidas que fueron bastante radicales, y ahora necesitamos entregarles facilidades, entendiendo que no solamente dan trabajo a las familias chilenas, sino que tambi\u00e9n activan la econom\u00eda, a lo largo y ancho de nuestro pa\u00eds\u201d, asever\u00f3 la seremi de Gobierno, Tatiana Pl\u00e1 \u00c1lvarez.<\/p>\n<p style=\"text-align: justify;\">La iniciativa establece el derecho de acogerse a un convenio de pago de cotizaciones excepcional y por \u00fanica vez, debiendo celebrarse entre el empleador y la respectiva entidad de seguridad social. Adem\u00e1s, se fija el plazo para que los empleadores soliciten celebrar el convenio y la forma como se liquidar\u00e1 la deuda respectiva, en la que se considerar\u00e1n las cotizaciones, los intereses y los reajustes que las leyes vigentes.<\/p>\n<p style=\"text-align: justify;\">El convenio podr\u00e1 pactarse hasta en 18 cuotas y deber\u00e1n cumplirse los requisitos y modalidades que establecer\u00e1 el convenio.<\/p>\n<\/div><\/section><\/div><div  style='height:50px' class='hr hr-invisible   avia-builder-el-6  el_after_av_one_full  el_before_av_social_share '><span class='hr-inner ' ><span class='hr-inner-style'><\/span><\/span><\/div><\/p>\n<div  class='av-social-sharing-box  avia-builder-el-7  el_after_av_hr  el_before_av_hr  '><div class='av-share-box'><h5 class='av-share-link-description av-no-toc '>Compartir esta noticia<\/h5><ul class='av-share-box-list noLightbox'><li class='av-share-link av-social-link-facebook' ><a target=\"_blank\" aria-label=\"Compartir en Facebook\" href='https:\/\/www.facebook.com\/sharer.php?u=https:\/\/radiorevelacionfm.cl\/?p=41199&#038;t=Gobierno%20presenta%20proyecto%20de%20ley%20que%20facilita%20el%20pago%20de%20cotizaciones%20previsionales%20atrasadas%20para%20Pymes' aria-hidden='false' data-av_icon='\ue8f3' data-av_iconfont='entypo-fontello' title='' data-avia-related-tooltip='Compartir en Facebook' rel=\"noopener\"><span class='avia_hidden_link_text'>Compartir en Facebook<\/span><\/a><\/li><li class='av-share-link av-social-link-twitter' ><a target=\"_blank\" aria-label=\"Compartir en Twitter\" href='https:\/\/twitter.com\/share?text=Gobierno%20presenta%20proyecto%20de%20ley%20que%20facilita%20el%20pago%20de%20cotizaciones%20previsionales%20atrasadas%20para%20Pymes&#038;url=https:\/\/radiorevelacionfm.cl\/?p=41199' aria-hidden='false' data-av_icon='\ue8f1' data-av_iconfont='entypo-fontello' title='' data-avia-related-tooltip='Compartir en Twitter' rel=\"noopener\"><span class='avia_hidden_link_text'>Compartir en Twitter<\/span><\/a><\/li><li class='av-share-link av-social-link-whatsapp' ><a target=\"_blank\" aria-label=\"Compartir en Whatsapp\" href='https:\/\/api.whatsapp.com\/send?text=https:\/\/radiorevelacionfm.cl\/?p=41199' aria-hidden='false' data-av_icon='\uf232' data-av_iconfont='entypo-fontello' title='' data-avia-related-tooltip='Compartir en Whatsapp' rel=\"noopener\"><span class='avia_hidden_link_text'>Compartir en Whatsapp<\/span><\/a><\/li><li class='av-share-link av-social-link-linkedin' ><a target=\"_blank\" aria-label=\"Compartir en LinkedIn\" href='https:\/\/linkedin.com\/shareArticle?mini=true&#038;title=Gobierno%20presenta%20proyecto%20de%20ley%20que%20facilita%20el%20pago%20de%20cotizaciones%20previsionales%20atrasadas%20para%20Pymes&#038;url=https:\/\/radiorevelacionfm.cl\/?p=41199' aria-hidden='false' data-av_icon='\ue8fc' data-av_iconfont='entypo-fontello' title='' data-avia-related-tooltip='Compartir en LinkedIn' rel=\"noopener\"><span class='avia_hidden_link_text'>Compartir en LinkedIn<\/span><\/a><\/li><li class='av-share-link av-social-link-mail' ><a  aria-label=\"Compartir por correo\" href='mailto:?subject=Gobierno%20presenta%20proyecto%20de%20ley%20que%20facilita%20el%20pago%20de%20cotizaciones%20previsionales%20atrasadas%20para%20Pymes&#038;body=https:\/\/radiorevelacionfm.cl\/?p=41199' aria-hidden='false' data-av_icon='\ue805' data-av_iconfont='entypo-fontello' title='' data-avia-related-tooltip='Compartir por correo'><span class='avia_hidden_link_text'>Compartir por correo<\/span><\/a><\/li><\/ul><\/div><\/div>\n<div  style='height:50px' class='hr hr-invisible   avia-builder-el-8  el_after_av_social_share  el_before_av_comments_list '><span class='hr-inner ' ><span class='hr-inner-style'><\/span><\/span><\/div>\n<div  class='av-buildercomment  av-blog-meta-html-info-disabled av-blog-meta-tag-disabled  '><\/div>\n","protected":false},"excerpt":{"rendered":"","protected":false},"author":1,"featured_media":41200,"comment_status":"open","ping_status":"open","sticky":false,"template":"","format":"standard","meta":{"footnotes":""},"categories":[56],"tags":[],"class_list":["post-41199","post","type-post","status-publish","format-standard","has-post-thumbnail","hentry","category-trabajo"],"jetpack_featured_media_url":"https:\/\/radiorevelacionfm.cl\/wp-content\/uploads\/2024\/04\/FOTO-1-46-1-1.jpeg","_links":{"self":[{"href":"https:\/\/radiorevelacionfm.cl\/index.php?rest_route=\/wp\/v2\/posts\/41199","targetHints":{"allow":["GET"]}}],"collection":[{"href":"https:\/\/radiorevelacionfm.cl\/index.php?rest_route=\/wp\/v2\/posts"}],"about":[{"href":"https:\/\/radiorevelacionfm.cl\/index.php?rest_route=\/wp\/v2\/types\/post"}],"author":[{"embeddable":true,"href":"https:\/\/radiorevelacionfm.cl\/index.php?rest_route=\/wp\/v2\/users\/1"}],"replies":[{"embeddable":true,"href":"https:\/\/radiorevelacionfm.cl\/index.php?rest_route=%2Fwp%2Fv2%2Fcomments&post=41199"}],"version-history":[{"count":1,"href":"https:\/\/radiorevelacionfm.cl\/index.php?rest_route=\/wp\/v2\/posts\/41199\/revisions"}],"predecessor-version":[{"id":41201,"href":"https:\/\/radiorevelacionfm.cl\/index.php?rest_route=\/wp\/v2\/posts\/41199\/revisions\/41201"}],"wp:featuredmedia":[{"embeddable":true,"href":"https:\/\/radiorevelacionfm.cl\/index.php?rest_route=\/wp\/v2\/media\/41200"}],"wp:attachment":[{"href":"https:\/\/radiorevelacionfm.cl\/index.php?rest_route=%2Fwp%2Fv2%2Fmedia&parent=41199"}],"wp:term":[{"taxonomy":"category","embeddable":true,"href":"https:\/\/radiorevelacionfm.cl\/index.php?rest_route=%2Fwp%2Fv2%2Fcategories&post=41199"},{"taxonomy":"post_tag","embeddable":true,"href":"https:\/\/radiorevelacionfm.cl\/index.php?rest_route=%2Fwp%2Fv2%2Ftags&post=41199"}],"curies":[{"name":"wp","href":"https:\/\/api.w.org\/{rel}","templated":true}]}}