{"id":41196,"date":"2024-04-11T11:24:59","date_gmt":"2024-04-11T14:24:59","guid":{"rendered":"https:\/\/radiorevelacionfm.cl\/?p=41196"},"modified":"2024-04-11T11:24:59","modified_gmt":"2024-04-11T14:24:59","slug":"pulso-austral-lanza-convocatoria-para-programa-dirigido-a-mujeres-emprendedoras-de-las-industrias-creativas","status":"publish","type":"post","link":"https:\/\/radiorevelacionfm.cl\/?p=41196","title":{"rendered":"Pulso Austral lanza convocatoria para programa dirigido a mujeres emprendedoras de las industrias creativas"},"content":{"rendered":"<div class=\"flex_column av_one_full  flex_column_div av-zero-column-padding first  avia-builder-el-0  el_before_av_one_full  avia-builder-el-first  \" style='border-radius:0px; '><div  class='avia-image-container  av-styling-    avia-builder-el-1  avia-builder-el-no-sibling  avia-align-center '  itemprop=\"image\" itemscope=\"itemscope\" itemtype=\"https:\/\/schema.org\/ImageObject\"  ><div class='avia-image-container-inner'><div class='avia-image-overlay-wrap'><img decoding=\"async\" class='wp-image-41197 avia-img-lazy-loading-not-41197 avia_image' src=\"https:\/\/radiorevelacionfm.cl\/wp-content\/uploads\/2024\/04\/afiche-convocatoria-cuadrado-2-1_optimized-1_optimized-1.jpg\" alt='' title='afiche-convocatoria-cuadrado-2-(1)_optimized-(1)_optimized (1)' height=\"800\" width=\"800\"  itemprop=\"thumbnailUrl\" srcset=\"https:\/\/radiorevelacionfm.cl\/wp-content\/uploads\/2024\/04\/afiche-convocatoria-cuadrado-2-1_optimized-1_optimized-1.jpg 800w, https:\/\/radiorevelacionfm.cl\/wp-content\/uploads\/2024\/04\/afiche-convocatoria-cuadrado-2-1_optimized-1_optimized-1-300x300.jpg 300w, https:\/\/radiorevelacionfm.cl\/wp-content\/uploads\/2024\/04\/afiche-convocatoria-cuadrado-2-1_optimized-1_optimized-1-80x80.jpg 80w, https:\/\/radiorevelacionfm.cl\/wp-content\/uploads\/2024\/04\/afiche-convocatoria-cuadrado-2-1_optimized-1_optimized-1-768x768.jpg 768w, https:\/\/radiorevelacionfm.cl\/wp-content\/uploads\/2024\/04\/afiche-convocatoria-cuadrado-2-1_optimized-1_optimized-1-36x36.jpg 36w, https:\/\/radiorevelacionfm.cl\/wp-content\/uploads\/2024\/04\/afiche-convocatoria-cuadrado-2-1_optimized-1_optimized-1-180x180.jpg 180w, https:\/\/radiorevelacionfm.cl\/wp-content\/uploads\/2024\/04\/afiche-convocatoria-cuadrado-2-1_optimized-1_optimized-1-705x705.jpg 705w, https:\/\/radiorevelacionfm.cl\/wp-content\/uploads\/2024\/04\/afiche-convocatoria-cuadrado-2-1_optimized-1_optimized-1-120x120.jpg 120w, https:\/\/radiorevelacionfm.cl\/wp-content\/uploads\/2024\/04\/afiche-convocatoria-cuadrado-2-1_optimized-1_optimized-1-450x450.jpg 450w, https:\/\/radiorevelacionfm.cl\/wp-content\/uploads\/2024\/04\/afiche-convocatoria-cuadrado-2-1_optimized-1_optimized-1-600x600.jpg 600w, https:\/\/radiorevelacionfm.cl\/wp-content\/uploads\/2024\/04\/afiche-convocatoria-cuadrado-2-1_optimized-1_optimized-1-100x100.jpg 100w\" sizes=\"(max-width: 800px) 100vw, 800px\" \/><\/div><\/div><\/div><\/div><div class=\"flex_column av_one_full  flex_column_div av-zero-column-padding first  avia-builder-el-2  el_after_av_one_full  el_before_av_one_full  column-top-margin\" style='border-radius:0px; '><section class=\"av_textblock_section \"  itemscope=\"itemscope\" itemtype=\"https:\/\/schema.org\/BlogPosting\" itemprop=\"blogPost\" ><div class='avia_textblock  '   itemprop=\"text\" ><p style=\"text-align: center;\"><strong><span style=\"font-size: 18pt;\">Pulso Austral lanza convocatoria para programa dirigido a mujeres emprendedoras de las industrias creativas<\/span><\/strong><\/p>\n<div id=\"gtx-trans\" style=\"position: absolute; left: -50px; top: 4.31534px;\">\n<div class=\"gtx-trans-icon\"><\/div>\n<\/div>\n<\/div><\/section><\/div><div class=\"flex_column av_one_full  flex_column_div av-zero-column-padding first  avia-builder-el-4  el_after_av_one_full  el_before_av_hr  column-top-margin\" style='border-radius:0px; '><section class=\"av_textblock_section \"  itemscope=\"itemscope\" itemtype=\"https:\/\/schema.org\/BlogPosting\" itemprop=\"blogPost\" ><div class='avia_textblock  '   itemprop=\"text\" ><p dir=\"ltr\" style=\"text-align: justify;\">Hoy abri\u00f3 sus postulaciones \u201cAys\u00e9n Creativo\u201d, el primer programa formativo enfocado en emprendedoras de las industrias creativas que se realiza en la regi\u00f3n de Ays\u00e9n. Una iniciativa liderada por la Organizaci\u00f3n Pulso Austral, financiada por Corfo Ays\u00e9n y respaldada por diversas instituciones regionales.<\/p>\n<p dir=\"ltr\" style=\"text-align: justify;\">Dise\u00f1adoras, artesanas, arquitectas, escritoras, artistas visuales, actrices, fot\u00f3grafas, m\u00fasicas y cineastas, entre otras mujeres dedicadas a las industrias creativas, est\u00e1n invitadas a postular a este programa desarrollado por Pulso Austral, una organizaci\u00f3n de mujeres que, desde la Regi\u00f3n de Ays\u00e9n, desarrolla iniciativas innovadoras que combinan las artes, la cultura, la educaci\u00f3n y la ciencia para promover el fortalecimiento de lazos territoriales y comunitarios.<\/p>\n<p dir=\"ltr\" style=\"text-align: justify;\">Con el apoyo del programa Viraliza de Corfo, nace \u201cAys\u00e9n creativo\u201d, una iniciativa te\u00f3rico-pr\u00e1ctico de formaci\u00f3n y acompa\u00f1amiento para un total de 30 emprendimientos liderados por mujeres de las industrias creativas, con el objetivo de fortalecer sus ideas de negocio y generar un plan de crecimiento y levantamiento de capital, buscando definir un modelo de negocio s\u00f3lido y con una propuesta de valor diferenciadora.<\/p>\n<p dir=\"ltr\" style=\"text-align: justify;\">\u201cDesde Pulso Austral llevamos a\u00f1os trabajando estrechamente con muchas mujeres de la regi\u00f3n, que utilizan su creatividad como un elemento clave para su desarrollo profesional y personal, aportando adem\u00e1s, a la cultura y econom\u00eda de sus localidades. Por eso creemos que esta iniciativa, el primer programa de formaci\u00f3n y acompa\u00f1amiento dirigido a mujeres emprendedoras de las industrias creativas, es una oportunidad imperdible, no solo para fortalecer sus propias ideas sino tambi\u00e9n para ser parte de una red de colaboraci\u00f3n entre emprendedoras que se proyecte m\u00e1s all\u00e1 del programa y que impulse la inserci\u00f3n de Ays\u00e9n en el ecosistema creativo nacional\u201d coment\u00f3 Macarena Silva Espinosa, coordinadora de \u201cAys\u00e9n Creativo\u201d y co-fundadora de Pulso Austral.<\/p>\n<p dir=\"ltr\" style=\"text-align: justify;\">Por su parte, Humberto Mar\u00edn Leiva, director de Corfo Ays\u00e9n, detall\u00f3 que el objetivo de impulsar las industrias creativas en Ays\u00e9n es debido a su potencial para generar empleo, innovaci\u00f3n y desarrollo econ\u00f3mico. \u201cEstas industrias, en constante crecimiento a nivel mundial, no solo ofrecen oportunidades de crecimiento sostenible, sino que tambi\u00e9n contribuyen al desarrollo humano y al bienestar social. Al promover la creatividad local, se fomenta la diversificaci\u00f3n econ\u00f3mica y se fortalece la identidad cultural de la regi\u00f3n, atrayendo nuevos mercados y haciendo sinergia con el turismo. Desde Corfo entendemos que el impulso de las industrias creativas en Ays\u00e9n no solo puede impulsar la econom\u00eda local, sino tambi\u00e9n mejorar la calidad de vida de la comunidad al proporcionar un espacio para la expresi\u00f3n creativa y la promoci\u00f3n de la cultura local en distintos \u00e1mbitos\u201d.<\/p>\n<p dir=\"ltr\" style=\"text-align: justify;\">Articulando una red creativa<\/p>\n<p dir=\"ltr\" style=\"text-align: justify;\">Ays\u00e9n Creativo es un programa pensado y dise\u00f1ado espec\u00edficamente para abordar los desaf\u00edos que enfrenta este rubro, teniendo en cuenta las particularidades de nuestro territorio y la realidad de las mujeres emprendedoras, buscando convocar a participantes de diversas comunas de la Regi\u00f3n de Ays\u00e9n.<\/p>\n<p dir=\"ltr\" style=\"text-align: justify;\">\u00abComo Seremi de Culturas, entregamos nuestro respaldo a esta convocatoria que beneficia directamente a mujeres emprendedoras que est\u00e1n vinculadas a nuestras industrias creativas. Creemos que poner el foco con perspectiva de g\u00e9nero en un tema tan pujante como es la creaci\u00f3n regional, es fundamental para que la formaci\u00f3n llegue justamente donde tiene que llegar, a los lugares con menos acceso de los territorios\u00bb, destac\u00f3 el Seremi de las Culturas, las Artes y el Patrimonio, Felipe Quiroz.<\/p>\n<p dir=\"ltr\" style=\"text-align: justify;\">Esta iniciativa se traducir\u00e1 en cuatro encuentros presenciales que se llevar\u00e1n a cabo en el Museo Regional de Ays\u00e9n en Coyhaique, durante los d\u00edas 30 y 31 de mayo, 27 y 28 de junio, 29 y 30 de agosto, y contemplando una jornada de ruedas de negocio para el 8 de noviembre del 2024. Algunos de los temas que se abordar\u00e1n en los m\u00f3dulos formativos: herramientas socioemocionales y comunicacionales para fortalecer los emprendimientos, enfoques de\u00a0 innovaci\u00f3n y sustentabilidad, asociatividad entre emprendedoras, y estrategias de levantamiento de financiamiento p\u00fablico y privado, entre otros.<\/p>\n<p dir=\"ltr\" style=\"text-align: justify;\">Los m\u00f3dulos ser\u00e1n desarrollados a trav\u00e9s de metodolog\u00edas din\u00e1micas y novedosas, que pongan al centro la creatividad de cada una de las participantes, consider\u00e1ndola un recurso clave en su desarrollo personal y profesional. Las relatoras ser\u00e1n las integrantes de la Organizaci\u00f3n Pulso Austral: la psic\u00f3loga Cecilia Moura, la historiadora Catalina Camus y la tejedora y profesora de literatura Macarena Silva. Ellas trabajar\u00e1n junto a los ingenieros Amanda R\u00edos y Gonzalo Marf\u00e1n, quienes estar\u00e1n a cargo tambi\u00e9n del plan de seguimiento de los emprendimientos.<\/p>\n<p dir=\"ltr\" style=\"text-align: justify;\">Asimismo, el programa contar\u00e1 con relator\u00edas de expertos regionales y nacionales, quienes ofrecer\u00e1n una perspectiva m\u00e1s amplia de lo que est\u00e1 sucediendo en las industrias creativas en Chile, su proyecci\u00f3n y las herramientas disponibles para el crecimiento de cada iniciativa.<\/p>\n<p dir=\"ltr\" style=\"text-align: justify;\">\u00a1Inscripciones abiertas!<\/p>\n<p dir=\"ltr\" style=\"text-align: justify;\">\u00bfQui\u00e9nes pueden postular? Mujeres mayores de 18 a\u00f1os y residentes de la regi\u00f3n de Ays\u00e9n, que tengan una idea de negocio o lideren un negocio en funcionamiento (no es requisito que est\u00e9 formalizado). Debe ser una iniciativa innovadora y din\u00e1mica, que responda a una oportunidad visualizada en el contexto local, pero que tenga potencial de crecimiento a nivel regional, nacional e incluso, internacional. El proyecto debe estar vinculado a una de las industrias creativas detalladas en las bases de convocatoria.<\/p>\n<p dir=\"ltr\" style=\"text-align: justify;\">Para inscribirse, se debe completar el siguiente formulario online: <a href=\"https:\/\/forms.gle\/22hx5m3UMtoFo86m8\" target=\"_blank\" rel=\"noopener\" data-saferedirecturl=\"https:\/\/www.google.com\/url?q=https:\/\/forms.gle\/22hx5m3UMtoFo86m8&amp;source=gmail&amp;ust=1712930150295000&amp;usg=AOvVaw0jZ71V21acegrTAXB1AHCX\">https:\/\/forms.gle\/<wbr \/>22hx5m3UMtoFo86m8<\/a><\/p>\n<p dir=\"ltr\" style=\"text-align: justify;\">Mientras que las bases se encuentran en el link a continuaci\u00f3n:<\/p>\n<p dir=\"ltr\" style=\"text-align: justify;\"><a href=\"https:\/\/drive.google.com\/file\/d\/1WfR14fCRqb83Ab7oVb9UCdSIdP61dEdg\/view?usp=drive_link\" target=\"_blank\" rel=\"noopener\" data-saferedirecturl=\"https:\/\/www.google.com\/url?q=https:\/\/drive.google.com\/file\/d\/1WfR14fCRqb83Ab7oVb9UCdSIdP61dEdg\/view?usp%3Ddrive_link&amp;source=gmail&amp;ust=1712930150295000&amp;usg=AOvVaw3tmUMpCEmPiG14wlnGSPD2\">Bases convocatoria Ays\u00e9n Creativo.pdf<\/a><\/p>\n<p dir=\"ltr\" style=\"text-align: justify;\">La convocatoria estar\u00e1 abierta hasta el jueves 25 de abril del 2024. Posteriormente, las emprendedoras seleccionadas, en base a los criterios planteados en las bases concursables, ser\u00e1n notificadas el martes 30 de abril del 2024 v\u00eda correo electr\u00f3nico y\/o llamado telef\u00f3nico.<\/p>\n<p dir=\"ltr\" style=\"text-align: justify;\">Un proyecto desarrollado por Pulso Austral, financiado por Corfo a trav\u00e9s del programa Viraliza. Esta iniciativa cuenta con la colaboraci\u00f3n del Ministerio de las Culturas, las Artes y el Patrimonio, Pro Chile, Red Pro Emprendimiento y el Museo Regional de Ays\u00e9n.<\/p>\n<\/div><\/section><\/div><div  style='height:50px' class='hr hr-invisible   avia-builder-el-6  el_after_av_one_full  el_before_av_social_share '><span class='hr-inner ' ><span class='hr-inner-style'><\/span><\/span><\/div><\/p>\n<div  class='av-social-sharing-box  avia-builder-el-7  el_after_av_hr  el_before_av_hr  '><div class='av-share-box'><h5 class='av-share-link-description av-no-toc '>Compartir esta noticia<\/h5><ul class='av-share-box-list noLightbox'><li class='av-share-link av-social-link-facebook' ><a target=\"_blank\" aria-label=\"Compartir en Facebook\" href='https:\/\/www.facebook.com\/sharer.php?u=https:\/\/radiorevelacionfm.cl\/?p=41196&#038;t=Pulso%20Austral%20lanza%20convocatoria%20para%20programa%20dirigido%20a%20mujeres%20emprendedoras%20de%20las%20industrias%20creativas' aria-hidden='false' data-av_icon='\ue8f3' data-av_iconfont='entypo-fontello' title='' data-avia-related-tooltip='Compartir en Facebook' rel=\"noopener\"><span class='avia_hidden_link_text'>Compartir en Facebook<\/span><\/a><\/li><li class='av-share-link av-social-link-twitter' ><a target=\"_blank\" aria-label=\"Compartir en Twitter\" href='https:\/\/twitter.com\/share?text=Pulso%20Austral%20lanza%20convocatoria%20para%20programa%20dirigido%20a%20mujeres%20emprendedoras%20de%20las%20industrias%20creativas&#038;url=https:\/\/radiorevelacionfm.cl\/?p=41196' aria-hidden='false' data-av_icon='\ue8f1' data-av_iconfont='entypo-fontello' title='' data-avia-related-tooltip='Compartir en Twitter' rel=\"noopener\"><span class='avia_hidden_link_text'>Compartir en Twitter<\/span><\/a><\/li><li class='av-share-link av-social-link-whatsapp' ><a target=\"_blank\" aria-label=\"Compartir en Whatsapp\" href='https:\/\/api.whatsapp.com\/send?text=https:\/\/radiorevelacionfm.cl\/?p=41196' aria-hidden='false' data-av_icon='\uf232' data-av_iconfont='entypo-fontello' title='' data-avia-related-tooltip='Compartir en Whatsapp' rel=\"noopener\"><span class='avia_hidden_link_text'>Compartir en Whatsapp<\/span><\/a><\/li><li class='av-share-link av-social-link-linkedin' ><a target=\"_blank\" aria-label=\"Compartir en LinkedIn\" href='https:\/\/linkedin.com\/shareArticle?mini=true&#038;title=Pulso%20Austral%20lanza%20convocatoria%20para%20programa%20dirigido%20a%20mujeres%20emprendedoras%20de%20las%20industrias%20creativas&#038;url=https:\/\/radiorevelacionfm.cl\/?p=41196' aria-hidden='false' data-av_icon='\ue8fc' data-av_iconfont='entypo-fontello' title='' data-avia-related-tooltip='Compartir en LinkedIn' rel=\"noopener\"><span class='avia_hidden_link_text'>Compartir en LinkedIn<\/span><\/a><\/li><li class='av-share-link av-social-link-mail' ><a  aria-label=\"Compartir por correo\" href='mailto:?subject=Pulso%20Austral%20lanza%20convocatoria%20para%20programa%20dirigido%20a%20mujeres%20emprendedoras%20de%20las%20industrias%20creativas&#038;body=https:\/\/radiorevelacionfm.cl\/?p=41196' aria-hidden='false' data-av_icon='\ue805' data-av_iconfont='entypo-fontello' title='' data-avia-related-tooltip='Compartir por correo'><span class='avia_hidden_link_text'>Compartir por correo<\/span><\/a><\/li><\/ul><\/div><\/div>\n<div  style='height:50px' class='hr hr-invisible   avia-builder-el-8  el_after_av_social_share  el_before_av_comments_list '><span class='hr-inner ' ><span class='hr-inner-style'><\/span><\/span><\/div>\n<div  class='av-buildercomment  av-blog-meta-html-info-disabled av-blog-meta-tag-disabled  '><\/div>\n","protected":false},"excerpt":{"rendered":"","protected":false},"author":1,"featured_media":41197,"comment_status":"open","ping_status":"open","sticky":false,"template":"","format":"standard","meta":{"footnotes":""},"categories":[38],"tags":[],"class_list":["post-41196","post","type-post","status-publish","format-standard","has-post-thumbnail","hentry","category-regional"],"jetpack_featured_media_url":"https:\/\/radiorevelacionfm.cl\/wp-content\/uploads\/2024\/04\/afiche-convocatoria-cuadrado-2-1_optimized-1_optimized-1.jpg","_links":{"self":[{"href":"https:\/\/radiorevelacionfm.cl\/index.php?rest_route=\/wp\/v2\/posts\/41196","targetHints":{"allow":["GET"]}}],"collection":[{"href":"https:\/\/radiorevelacionfm.cl\/index.php?rest_route=\/wp\/v2\/posts"}],"about":[{"href":"https:\/\/radiorevelacionfm.cl\/index.php?rest_route=\/wp\/v2\/types\/post"}],"author":[{"embeddable":true,"href":"https:\/\/radiorevelacionfm.cl\/index.php?rest_route=\/wp\/v2\/users\/1"}],"replies":[{"embeddable":true,"href":"https:\/\/radiorevelacionfm.cl\/index.php?rest_route=%2Fwp%2Fv2%2Fcomments&post=41196"}],"version-history":[{"count":1,"href":"https:\/\/radiorevelacionfm.cl\/index.php?rest_route=\/wp\/v2\/posts\/41196\/revisions"}],"predecessor-version":[{"id":41198,"href":"https:\/\/radiorevelacionfm.cl\/index.php?rest_route=\/wp\/v2\/posts\/41196\/revisions\/41198"}],"wp:featuredmedia":[{"embeddable":true,"href":"https:\/\/radiorevelacionfm.cl\/index.php?rest_route=\/wp\/v2\/media\/41197"}],"wp:attachment":[{"href":"https:\/\/radiorevelacionfm.cl\/index.php?rest_route=%2Fwp%2Fv2%2Fmedia&parent=41196"}],"wp:term":[{"taxonomy":"category","embeddable":true,"href":"https:\/\/radiorevelacionfm.cl\/index.php?rest_route=%2Fwp%2Fv2%2Fcategories&post=41196"},{"taxonomy":"post_tag","embeddable":true,"href":"https:\/\/radiorevelacionfm.cl\/index.php?rest_route=%2Fwp%2Fv2%2Ftags&post=41196"}],"curies":[{"name":"wp","href":"https:\/\/api.w.org\/{rel}","templated":true}]}}