{"id":41193,"date":"2024-04-11T10:49:57","date_gmt":"2024-04-11T13:49:57","guid":{"rendered":"https:\/\/radiorevelacionfm.cl\/?p=41193"},"modified":"2024-04-11T10:49:57","modified_gmt":"2024-04-11T13:49:57","slug":"gobernadora-macias-participara-de-encuentro-en-comodoro-rivadavia-para-potenciar-el-desarrollo-de-corredor-bioceanico","status":"publish","type":"post","link":"https:\/\/radiorevelacionfm.cl\/?p=41193","title":{"rendered":"Gobernadora Mac\u00edas participar\u00e1 de encuentro en Comodoro Rivadavia para potenciar el desarrollo de corredor bioce\u00e1nico"},"content":{"rendered":"<div class=\"flex_column av_one_full  flex_column_div av-zero-column-padding first  avia-builder-el-0  el_before_av_one_full  avia-builder-el-first  \" style='border-radius:0px; '><div  class='avia-image-container  av-styling-    avia-builder-el-1  avia-builder-el-no-sibling  avia-align-center '  itemprop=\"image\" itemscope=\"itemscope\" itemtype=\"https:\/\/schema.org\/ImageObject\"  ><div class='avia-image-container-inner'><div class='avia-image-overlay-wrap'><img decoding=\"async\" class='wp-image-41194 avia-img-lazy-loading-not-41194 avia_image' src=\"https:\/\/radiorevelacionfm.cl\/wp-content\/uploads\/2024\/04\/Gobernadora-Andrea-Macias-1-1.jpeg\" alt='' title='Gobernadora Andrea Macias (1) (1)' height=\"600\" width=\"900\"  itemprop=\"thumbnailUrl\" srcset=\"https:\/\/radiorevelacionfm.cl\/wp-content\/uploads\/2024\/04\/Gobernadora-Andrea-Macias-1-1.jpeg 900w, https:\/\/radiorevelacionfm.cl\/wp-content\/uploads\/2024\/04\/Gobernadora-Andrea-Macias-1-1-300x200.jpeg 300w, https:\/\/radiorevelacionfm.cl\/wp-content\/uploads\/2024\/04\/Gobernadora-Andrea-Macias-1-1-768x512.jpeg 768w, https:\/\/radiorevelacionfm.cl\/wp-content\/uploads\/2024\/04\/Gobernadora-Andrea-Macias-1-1-705x470.jpeg 705w, https:\/\/radiorevelacionfm.cl\/wp-content\/uploads\/2024\/04\/Gobernadora-Andrea-Macias-1-1-450x300.jpeg 450w, https:\/\/radiorevelacionfm.cl\/wp-content\/uploads\/2024\/04\/Gobernadora-Andrea-Macias-1-1-600x400.jpeg 600w\" sizes=\"(max-width: 900px) 100vw, 900px\" \/><\/div><\/div><\/div><\/div><div class=\"flex_column av_one_full  flex_column_div av-zero-column-padding first  avia-builder-el-2  el_after_av_one_full  el_before_av_one_full  column-top-margin\" style='border-radius:0px; '><section class=\"av_textblock_section \"  itemscope=\"itemscope\" itemtype=\"https:\/\/schema.org\/BlogPosting\" itemprop=\"blogPost\" ><div class='avia_textblock  '   itemprop=\"text\" ><p style=\"text-align: center;\"><strong><span style=\"font-size: 18pt;\">Gobernadora Mac\u00edas participar\u00e1 de encuentro en Comodoro Rivadavia para potenciar el desarrollo de corredor bioce\u00e1nico<\/span><\/strong><\/p>\n<div id=\"gtx-trans\" style=\"position: absolute; left: -50px; top: 4.31534px;\">\n<div class=\"gtx-trans-icon\"><\/div>\n<\/div>\n<\/div><\/section><\/div><div class=\"flex_column av_one_full  flex_column_div av-zero-column-padding first  avia-builder-el-4  el_after_av_one_full  el_before_av_hr  column-top-margin\" style='border-radius:0px; '><section class=\"av_textblock_section \"  itemscope=\"itemscope\" itemtype=\"https:\/\/schema.org\/BlogPosting\" itemprop=\"blogPost\" ><div class='avia_textblock  '   itemprop=\"text\" ><p dir=\"ltr\" style=\"text-align: justify;\">Hasta la Provincia de Chubut llegar\u00e1 una comitiva chilena encabezados por la Gobernadora Andrea Mac\u00edas Palma, quienes participar\u00e1n de la presentaci\u00f3n del Programa Corredor Bioce\u00e1nico Puerto Comodoro Rivadavia &#8211; Puerto Chacabuco.<\/p>\n<p dir=\"ltr\" style=\"text-align: justify;\">En Sarmiento, el Gobernador Provincial de Chubut, Ignacio Agust\u00edn Torres realizar\u00e1 la firma del proyecto de ley que enviar\u00e1 a la legislatura provincial declarando el inter\u00e9s multisectorial por promover y desarrollar el corredor, creando un Comit\u00e9 especial para estudiar y proponer pol\u00edticas espec\u00edficas.<\/p>\n<p dir=\"ltr\" style=\"text-align: justify;\">Seg\u00fan explic\u00f3 la Gobernadora Mac\u00edas el objetivo que tiene la gira, que incluir\u00e1 ciudades como Sarmiento y Comodoro, es \u00abreactivar el programa de corredor bioce\u00e1nico de puerto chacabuco puerto Comodoro Rivadavia como una forma de activar varias redes que hoy d\u00eda son necesarias para mejorar el flujo y la log\u00edstica sobre todo en materias de fomento productivo para ambos pa\u00edses\u00bb.<\/p>\n<p dir=\"ltr\" style=\"text-align: justify;\">Adem\u00e1s de esto, est\u00e1 considerado sostener una serie de reuniones, comenzando en la Universidad Nacional de la Patagonia San Juan Bosco, para abordar distintas iniciativas que puedan fortalecer la cooperaci\u00f3n en la maccrozona sur austral de la Patagonia chileno-argentina, a lo que se suman encuentros con representantes de los sectores p\u00fablico y privado de la Provincia de Chubut.<\/p>\n<p dir=\"ltr\" style=\"text-align: justify;\">\u00abVamos a reunirnos tambi\u00e9n con las c\u00e1maras de turismo de all\u00e1. Es importante ver c\u00f3mo seguimos fortaleciendo en ese \u00e1mbito, y tambi\u00e9n con la Secretar\u00eda de Desarrollo Humano y Familia. La idea es poder tambi\u00e9n ver c\u00f3mo se abordan a nivel program\u00e1tico algunos temas y problem\u00e1ticas sociales que compartimos como pa\u00eds para conocer otros modelos y experiencias que nos permitan ver una forma de abordaje ac\u00e1 en nuestra regi\u00f3n\u00bb, se\u00f1al\u00f3 la Gobernadora Mac\u00edas.<\/p>\n<p dir=\"ltr\" style=\"text-align: justify;\">En la comitiva encabezada por la Gobernadora Andrea Mac\u00edas, tambi\u00e9n estar\u00e1n parte del Gabinete del ejecutivo Regional de Ays\u00e9n, el presidente de la comisi\u00f3n de Fomento Productivo del Consejo Regional, Omar Mu\u00f1oz y la Consejera Paola Rodr\u00edguez, adem\u00e1s de la c\u00f3nsul de Chile en Comodoro Rivadavia, Valentina Mora P\u00e9rez y otros representantes del gobierno nacional.<\/p>\n<\/div><\/section><\/div><div  style='height:50px' class='hr hr-invisible   avia-builder-el-6  el_after_av_one_full  el_before_av_social_share '><span class='hr-inner ' ><span class='hr-inner-style'><\/span><\/span><\/div><\/p>\n<div  class='av-social-sharing-box  avia-builder-el-7  el_after_av_hr  el_before_av_hr  '><div class='av-share-box'><h5 class='av-share-link-description av-no-toc '>Compartir esta noticia<\/h5><ul class='av-share-box-list noLightbox'><li class='av-share-link av-social-link-facebook' ><a target=\"_blank\" aria-label=\"Compartir en Facebook\" href='https:\/\/www.facebook.com\/sharer.php?u=https:\/\/radiorevelacionfm.cl\/?p=41193&#038;t=Gobernadora%20Mac%C3%ADas%20participar%C3%A1%20de%20encuentro%20en%20Comodoro%20Rivadavia%20para%20potenciar%20el%20desarrollo%20de%20corredor%20bioce%C3%A1nico' aria-hidden='false' data-av_icon='\ue8f3' data-av_iconfont='entypo-fontello' title='' data-avia-related-tooltip='Compartir en Facebook' rel=\"noopener\"><span class='avia_hidden_link_text'>Compartir en Facebook<\/span><\/a><\/li><li class='av-share-link av-social-link-twitter' ><a target=\"_blank\" aria-label=\"Compartir en Twitter\" href='https:\/\/twitter.com\/share?text=Gobernadora%20Mac%C3%ADas%20participar%C3%A1%20de%20encuentro%20en%20Comodoro%20Rivadavia%20para%20potenciar%20el%20desarrollo%20de%20corredor%20bioce%C3%A1nico&#038;url=https:\/\/radiorevelacionfm.cl\/?p=41193' aria-hidden='false' data-av_icon='\ue8f1' data-av_iconfont='entypo-fontello' title='' data-avia-related-tooltip='Compartir en Twitter' rel=\"noopener\"><span class='avia_hidden_link_text'>Compartir en Twitter<\/span><\/a><\/li><li class='av-share-link av-social-link-whatsapp' ><a target=\"_blank\" aria-label=\"Compartir en Whatsapp\" href='https:\/\/api.whatsapp.com\/send?text=https:\/\/radiorevelacionfm.cl\/?p=41193' aria-hidden='false' data-av_icon='\uf232' data-av_iconfont='entypo-fontello' title='' data-avia-related-tooltip='Compartir en Whatsapp' rel=\"noopener\"><span class='avia_hidden_link_text'>Compartir en Whatsapp<\/span><\/a><\/li><li class='av-share-link av-social-link-linkedin' ><a target=\"_blank\" aria-label=\"Compartir en LinkedIn\" href='https:\/\/linkedin.com\/shareArticle?mini=true&#038;title=Gobernadora%20Mac%C3%ADas%20participar%C3%A1%20de%20encuentro%20en%20Comodoro%20Rivadavia%20para%20potenciar%20el%20desarrollo%20de%20corredor%20bioce%C3%A1nico&#038;url=https:\/\/radiorevelacionfm.cl\/?p=41193' aria-hidden='false' data-av_icon='\ue8fc' data-av_iconfont='entypo-fontello' title='' data-avia-related-tooltip='Compartir en LinkedIn' rel=\"noopener\"><span class='avia_hidden_link_text'>Compartir en LinkedIn<\/span><\/a><\/li><li class='av-share-link av-social-link-mail' ><a  aria-label=\"Compartir por correo\" href='mailto:?subject=Gobernadora%20Mac%C3%ADas%20participar%C3%A1%20de%20encuentro%20en%20Comodoro%20Rivadavia%20para%20potenciar%20el%20desarrollo%20de%20corredor%20bioce%C3%A1nico&#038;body=https:\/\/radiorevelacionfm.cl\/?p=41193' aria-hidden='false' data-av_icon='\ue805' data-av_iconfont='entypo-fontello' title='' data-avia-related-tooltip='Compartir por correo'><span class='avia_hidden_link_text'>Compartir por correo<\/span><\/a><\/li><\/ul><\/div><\/div>\n<div  style='height:50px' class='hr hr-invisible   avia-builder-el-8  el_after_av_social_share  el_before_av_comments_list '><span class='hr-inner ' ><span class='hr-inner-style'><\/span><\/span><\/div>\n<div  class='av-buildercomment  av-blog-meta-html-info-disabled av-blog-meta-tag-disabled  '><\/div>\n","protected":false},"excerpt":{"rendered":"","protected":false},"author":1,"featured_media":41194,"comment_status":"open","ping_status":"open","sticky":false,"template":"","format":"standard","meta":{"footnotes":""},"categories":[38],"tags":[],"class_list":["post-41193","post","type-post","status-publish","format-standard","has-post-thumbnail","hentry","category-regional"],"jetpack_featured_media_url":"https:\/\/radiorevelacionfm.cl\/wp-content\/uploads\/2024\/04\/Gobernadora-Andrea-Macias-1-1.jpeg","_links":{"self":[{"href":"https:\/\/radiorevelacionfm.cl\/index.php?rest_route=\/wp\/v2\/posts\/41193","targetHints":{"allow":["GET"]}}],"collection":[{"href":"https:\/\/radiorevelacionfm.cl\/index.php?rest_route=\/wp\/v2\/posts"}],"about":[{"href":"https:\/\/radiorevelacionfm.cl\/index.php?rest_route=\/wp\/v2\/types\/post"}],"author":[{"embeddable":true,"href":"https:\/\/radiorevelacionfm.cl\/index.php?rest_route=\/wp\/v2\/users\/1"}],"replies":[{"embeddable":true,"href":"https:\/\/radiorevelacionfm.cl\/index.php?rest_route=%2Fwp%2Fv2%2Fcomments&post=41193"}],"version-history":[{"count":1,"href":"https:\/\/radiorevelacionfm.cl\/index.php?rest_route=\/wp\/v2\/posts\/41193\/revisions"}],"predecessor-version":[{"id":41195,"href":"https:\/\/radiorevelacionfm.cl\/index.php?rest_route=\/wp\/v2\/posts\/41193\/revisions\/41195"}],"wp:featuredmedia":[{"embeddable":true,"href":"https:\/\/radiorevelacionfm.cl\/index.php?rest_route=\/wp\/v2\/media\/41194"}],"wp:attachment":[{"href":"https:\/\/radiorevelacionfm.cl\/index.php?rest_route=%2Fwp%2Fv2%2Fmedia&parent=41193"}],"wp:term":[{"taxonomy":"category","embeddable":true,"href":"https:\/\/radiorevelacionfm.cl\/index.php?rest_route=%2Fwp%2Fv2%2Fcategories&post=41193"},{"taxonomy":"post_tag","embeddable":true,"href":"https:\/\/radiorevelacionfm.cl\/index.php?rest_route=%2Fwp%2Fv2%2Ftags&post=41193"}],"curies":[{"name":"wp","href":"https:\/\/api.w.org\/{rel}","templated":true}]}}