{"id":41190,"date":"2024-04-10T18:17:30","date_gmt":"2024-04-10T21:17:30","guid":{"rendered":"https:\/\/radiorevelacionfm.cl\/?p=41190"},"modified":"2024-04-10T18:17:30","modified_gmt":"2024-04-10T21:17:30","slug":"programa-la-aventura-del-salmon-impulsa-la-economia-local-en-aysen","status":"publish","type":"post","link":"https:\/\/radiorevelacionfm.cl\/?p=41190","title":{"rendered":"Programa \u201cLa Aventura del Salm\u00f3n\u201d Impulsa la Econom\u00eda Local en Ays\u00e9n"},"content":{"rendered":"<div class=\"flex_column av_one_full  flex_column_div av-zero-column-padding first  avia-builder-el-0  el_before_av_one_full  avia-builder-el-first  \" style='border-radius:0px; '><div  class='avia-image-container  av-styling-    avia-builder-el-1  avia-builder-el-no-sibling  avia-align-center '  itemprop=\"image\" itemscope=\"itemscope\" itemtype=\"https:\/\/schema.org\/ImageObject\"  ><div class='avia-image-container-inner'><div class='avia-image-overlay-wrap'><img decoding=\"async\" class='wp-image-41191 avia-img-lazy-loading-not-41191 avia_image' src=\"https:\/\/radiorevelacionfm.cl\/wp-content\/uploads\/2024\/04\/03-aspdt-1_optimized-1.jpg\" alt='' title='03-aspdt-(1)_optimized (1)' height=\"600\" width=\"1065\"  itemprop=\"thumbnailUrl\" srcset=\"https:\/\/radiorevelacionfm.cl\/wp-content\/uploads\/2024\/04\/03-aspdt-1_optimized-1.jpg 1065w, https:\/\/radiorevelacionfm.cl\/wp-content\/uploads\/2024\/04\/03-aspdt-1_optimized-1-300x169.jpg 300w, https:\/\/radiorevelacionfm.cl\/wp-content\/uploads\/2024\/04\/03-aspdt-1_optimized-1-1030x580.jpg 1030w, https:\/\/radiorevelacionfm.cl\/wp-content\/uploads\/2024\/04\/03-aspdt-1_optimized-1-768x433.jpg 768w, https:\/\/radiorevelacionfm.cl\/wp-content\/uploads\/2024\/04\/03-aspdt-1_optimized-1-705x397.jpg 705w, https:\/\/radiorevelacionfm.cl\/wp-content\/uploads\/2024\/04\/03-aspdt-1_optimized-1-450x254.jpg 450w, https:\/\/radiorevelacionfm.cl\/wp-content\/uploads\/2024\/04\/03-aspdt-1_optimized-1-600x338.jpg 600w\" sizes=\"(max-width: 1065px) 100vw, 1065px\" \/><\/div><\/div><\/div><\/div><div class=\"flex_column av_one_full  flex_column_div av-zero-column-padding first  avia-builder-el-2  el_after_av_one_full  el_before_av_one_full  column-top-margin\" style='border-radius:0px; '><section class=\"av_textblock_section \"  itemscope=\"itemscope\" itemtype=\"https:\/\/schema.org\/BlogPosting\" itemprop=\"blogPost\" ><div class='avia_textblock  '   itemprop=\"text\" ><p style=\"text-align: center;\"><strong><span style=\"font-size: 18pt;\">Programa \u201cLa Aventura del Salm\u00f3n\u201d Impulsa la Econom\u00eda Local en Ays\u00e9n<\/span><\/strong><\/p>\n<div id=\"gtx-trans\" style=\"position: absolute; left: -50px; top: 4.31534px;\">\n<div class=\"gtx-trans-icon\"><\/div>\n<\/div>\n<\/div><\/section><\/div><div class=\"flex_column av_one_full  flex_column_div av-zero-column-padding first  avia-builder-el-4  el_after_av_one_full  el_before_av_hr  column-top-margin\" style='border-radius:0px; '><section class=\"av_textblock_section \"  itemscope=\"itemscope\" itemtype=\"https:\/\/schema.org\/BlogPosting\" itemprop=\"blogPost\" ><div class='avia_textblock  '   itemprop=\"text\" ><p style=\"font-weight: 400; text-align: justify;\"><em>La iniciativa busca resaltar la identidad culinaria de Ays\u00e9n y potenciar su desarrollo econ\u00f3mico con el respaldo de Corfo Ays\u00e9n.<\/em><\/p>\n<p style=\"font-weight: 400; text-align: justify;\">Potenciar la competitividad y la productividad de las empresas gastron\u00f3micas y tur\u00edsticas en la regi\u00f3n, es el objetivo del programa \u00abLa Aventura del Salm\u00f3n\u00bb. Esta iniciativa, ejecutada a trav\u00e9s del Programa de Difusi\u00f3n Tecnol\u00f3gica de Corfo Ays\u00e9n, en colaboraci\u00f3n con el Consejo del Salm\u00f3n, la C\u00e1mara de Turismo de Puerto Ays\u00e9n y Norte Atacama Consultores, busca introducir tecnolog\u00edas innovadoras y modernas t\u00e9cnicas culinarias.<\/p>\n<p style=\"font-weight: 400; text-align: justify;\">De esta forma, 31 empresas tur\u00edsticas y gastron\u00f3micas de la comuna de Ays\u00e9n buscan convertirla en un destino gastron\u00f3mico y tur\u00edstico de referencia, impulsando el desarrollo econ\u00f3mico sostenible y resaltando la identidad cultural y culinaria regional.<\/p>\n<p style=\"font-weight: 400; text-align: justify;\">Este proyecto se enmarca en los ejes estrat\u00e9gicos de Corfo, promoviendo la innovaci\u00f3n como motor de desarrollo econ\u00f3mico y cultural. Adem\u00e1s, fortalece empresas tur\u00edsticas mediante diagn\u00f3sticos y transferencia tecnol\u00f3gica, fomentando la colaboraci\u00f3n p\u00fablico-privada para impulsar el desarrollo productivo y competitivo de la regi\u00f3n.<\/p>\n<p style=\"font-weight: 400; text-align: justify;\">Humberto Mar\u00edn Leiva, director de Corfo Ays\u00e9n, detall\u00f3 que esta iniciativa busca generar una ruta gastron\u00f3mica del salm\u00f3n en Puerto Ays\u00e9n y sus alrededores. \u00abEsta alianza involucra al Consejo del Salm\u00f3n, la C\u00e1mara de Turismo y la Municipalidad de Puerto Ays\u00e9n, con diversos actores comprometidos en este proyecto. Es una iniciativa innovadora para destacar el salm\u00f3n en el sector tur\u00edstico y gastron\u00f3mico, ampliando sus posibilidades culinarias. Hoy, iniciamos un proceso para aprender y desarrollar una industria gastron\u00f3mica del salm\u00f3n m\u00e1s competitiva, brindando identidad a Ays\u00e9n y sus alrededores, incluyendo Cisnes, Chacabuco, Ma\u00f1ihuales y Coyhaique. Este proyecto, financiado por Corfo, cuenta con la colaboraci\u00f3n de entidades clave para su \u00e9xito\u00bb.<\/p>\n<p style=\"font-weight: 400; text-align: justify;\"><strong>IDENTIDAD GASTRON\u00d3MICA<\/strong><\/p>\n<p style=\"font-weight: 400; text-align: justify;\">Con un enfoque integral, se busca mejorar la oferta gastron\u00f3mica y tur\u00edstica en Puerto Ays\u00e9n y su entorno, generando propuestas innovadoras que destaquen la identidad cultural y culinaria regional. A trav\u00e9s de la colaboraci\u00f3n con proveedores de tecnolog\u00edas, acad\u00e9micos y diversos actores del turismo organizado, se pretende facilitar la absorci\u00f3n de estas tecnolog\u00edas por parte de 31 empresas tur\u00edsticas locales.<\/p>\n<p style=\"font-weight: 400; text-align: justify;\">Lucila Pizarro empresaria de Villa Ma\u00f1ihuales expres\u00f3 gratitud por su inclusi\u00f3n en la iniciativa, destacando la necesidad de especializaci\u00f3n e innovaci\u00f3n permanente para su negocio. Asimismo, subray\u00f3 la importancia de unir a todas las localidades, desde Coyhaique hasta Puerto Cisnes y Chacabuco, en este esfuerzo conjunto por crear un producto distintivo que represente a la regi\u00f3n. Por otro lado, Olga Soto, empresaria hotelera de Puerto Cisnes, agradeci\u00f3 la oportunidad de aprender y relacionarse con otros empresarios del sector, lo que les permitir\u00e1 reflexionar sobre la calidad de sus servicios y reconocer el valor de sus negocios en el mercado local. Finalmente, Cecilia Cortez, empresaria hotelera de Coyhaique, indic\u00f3 entusiasmada que el programa ofrece herramientas precisas para su empresa, lo que refuerza su decisi\u00f3n de participar y su confianza en los resultados que obtendr\u00e1.<\/p>\n<p style=\"font-weight: 400; text-align: justify;\"><strong>INNOVACI\u00d3N Y COLABORACI\u00d3N<\/strong><\/p>\n<p style=\"font-weight: 400; text-align: justify;\">Loreto Seguel King, directora ejecutiva del Consejo del Salm\u00f3n, que agrupa cinco empresas productoras de la industria, destac\u00f3 que \u00abesta alianza entre sectores p\u00fablico y privado ejemplifica c\u00f3mo contribuimos a fortalecer la identidad regional y el desarrollo. Para nuestra regi\u00f3n, el turismo, la gastronom\u00eda y la salmonicultura son pilares fundamentales. Uniendo esfuerzos en pro del bien com\u00fan y la identidad regional, surgen iniciativas como esta. Agradecemos la confianza de Corfo, la C\u00e1mara de Comercio de Ays\u00e9n y los emprendedores involucrados. Como Consejo del Salm\u00f3n, vemos este proyecto como el inicio de un enfoque renovado para enfrentar los desaf\u00edos del desarrollo regional y estamos entusiasmados con ello.\u00bb<\/p>\n<p style=\"font-weight: 400; text-align: justify;\">Por su parte, Felipe Rojas Pizarro, se\u00f1al\u00f3 el objetivo del gobierno en este programa. \u00abNos interesa fortalecer la colaboraci\u00f3n entre los sectores p\u00fablico y privado, impulsando el crecimiento tanto a nivel nacional como regional, especialmente cuando este promueve el desarrollo econ\u00f3mico y el bienestar de las familias. As\u00ed, el sector privado, con su relevancia y funci\u00f3n, puede ser fortalecido mediante el respaldo p\u00fablico de diversas instituciones econ\u00f3micas. Este enfoque refleja nuestro compromiso con el progreso integral, donde la cooperaci\u00f3n entre ambos sectores es fundamental para alcanzar nuestras metas de desarrollo y prosperidad para todos.\u00bb<\/p>\n<p style=\"font-weight: 400; text-align: justify;\">El proyecto contempla una serie de actividades como talleres, asistencias t\u00e9cnicas individuales y grupales, as\u00ed como visitas demostrativas en Santiago, con el objetivo de desarrollar un plan de absorci\u00f3n tecnol\u00f3gica adaptado a las necesidades del turismo moderno.<\/p>\n<p style=\"font-weight: 400; text-align: justify;\">El financiamiento de esta iniciativa proviene de Corfo Ays\u00e9n, en l\u00ednea con su compromiso por impulsar la innovaci\u00f3n y el desarrollo econ\u00f3mico sostenible en la Patagonia. Se espera que \u00abLa Aventura del Salm\u00f3n\u00bb tenga un impacto significativo en la econom\u00eda local, as\u00ed como en la calidad y diversidad de la oferta tur\u00edstica de Ays\u00e9n.<\/p>\n<p style=\"font-weight: 400; text-align: justify;\">Con \u00abLa Aventura del Salm\u00f3n\u00bb, Puerto Ays\u00e9n se encamina hacia una nueva etapa de crecimiento tur\u00edstico, consolid\u00e1ndose como un destino gastron\u00f3mico y tur\u00edstico de referencia en la Regi\u00f3n de Ays\u00e9n.<\/p>\n<\/div><\/section><\/div><div  style='height:50px' class='hr hr-invisible   avia-builder-el-6  el_after_av_one_full  el_before_av_social_share '><span class='hr-inner ' ><span class='hr-inner-style'><\/span><\/span><\/div><\/p>\n<div  class='av-social-sharing-box  avia-builder-el-7  el_after_av_hr  el_before_av_hr  '><div class='av-share-box'><h5 class='av-share-link-description av-no-toc '>Compartir esta noticia<\/h5><ul class='av-share-box-list noLightbox'><li class='av-share-link av-social-link-facebook' ><a target=\"_blank\" aria-label=\"Compartir en Facebook\" href='https:\/\/www.facebook.com\/sharer.php?u=https:\/\/radiorevelacionfm.cl\/?p=41190&#038;t=Programa%20%E2%80%9CLa%20Aventura%20del%20Salm%C3%B3n%E2%80%9D%20Impulsa%20la%20Econom%C3%ADa%20Local%20en%20Ays%C3%A9n' aria-hidden='false' data-av_icon='\ue8f3' data-av_iconfont='entypo-fontello' title='' data-avia-related-tooltip='Compartir en Facebook' rel=\"noopener\"><span class='avia_hidden_link_text'>Compartir en Facebook<\/span><\/a><\/li><li class='av-share-link av-social-link-twitter' ><a target=\"_blank\" aria-label=\"Compartir en Twitter\" href='https:\/\/twitter.com\/share?text=Programa%20%E2%80%9CLa%20Aventura%20del%20Salm%C3%B3n%E2%80%9D%20Impulsa%20la%20Econom%C3%ADa%20Local%20en%20Ays%C3%A9n&#038;url=https:\/\/radiorevelacionfm.cl\/?p=41190' aria-hidden='false' data-av_icon='\ue8f1' data-av_iconfont='entypo-fontello' title='' data-avia-related-tooltip='Compartir en Twitter' rel=\"noopener\"><span class='avia_hidden_link_text'>Compartir en Twitter<\/span><\/a><\/li><li class='av-share-link av-social-link-whatsapp' ><a target=\"_blank\" aria-label=\"Compartir en Whatsapp\" href='https:\/\/api.whatsapp.com\/send?text=https:\/\/radiorevelacionfm.cl\/?p=41190' aria-hidden='false' data-av_icon='\uf232' data-av_iconfont='entypo-fontello' title='' data-avia-related-tooltip='Compartir en Whatsapp' rel=\"noopener\"><span class='avia_hidden_link_text'>Compartir en Whatsapp<\/span><\/a><\/li><li class='av-share-link av-social-link-linkedin' ><a target=\"_blank\" aria-label=\"Compartir en LinkedIn\" href='https:\/\/linkedin.com\/shareArticle?mini=true&#038;title=Programa%20%E2%80%9CLa%20Aventura%20del%20Salm%C3%B3n%E2%80%9D%20Impulsa%20la%20Econom%C3%ADa%20Local%20en%20Ays%C3%A9n&#038;url=https:\/\/radiorevelacionfm.cl\/?p=41190' aria-hidden='false' data-av_icon='\ue8fc' data-av_iconfont='entypo-fontello' title='' data-avia-related-tooltip='Compartir en LinkedIn' rel=\"noopener\"><span class='avia_hidden_link_text'>Compartir en LinkedIn<\/span><\/a><\/li><li class='av-share-link av-social-link-mail' ><a  aria-label=\"Compartir por correo\" href='mailto:?subject=Programa%20%E2%80%9CLa%20Aventura%20del%20Salm%C3%B3n%E2%80%9D%20Impulsa%20la%20Econom%C3%ADa%20Local%20en%20Ays%C3%A9n&#038;body=https:\/\/radiorevelacionfm.cl\/?p=41190' aria-hidden='false' data-av_icon='\ue805' data-av_iconfont='entypo-fontello' title='' data-avia-related-tooltip='Compartir por correo'><span class='avia_hidden_link_text'>Compartir por correo<\/span><\/a><\/li><\/ul><\/div><\/div>\n<div  style='height:50px' class='hr hr-invisible   avia-builder-el-8  el_after_av_social_share  el_before_av_comments_list '><span class='hr-inner ' ><span class='hr-inner-style'><\/span><\/span><\/div>\n<div  class='av-buildercomment  av-blog-meta-html-info-disabled av-blog-meta-tag-disabled  '><\/div>\n","protected":false},"excerpt":{"rendered":"","protected":false},"author":1,"featured_media":41191,"comment_status":"open","ping_status":"open","sticky":false,"template":"","format":"standard","meta":{"footnotes":""},"categories":[38],"tags":[],"class_list":["post-41190","post","type-post","status-publish","format-standard","has-post-thumbnail","hentry","category-regional"],"jetpack_featured_media_url":"https:\/\/radiorevelacionfm.cl\/wp-content\/uploads\/2024\/04\/03-aspdt-1_optimized-1.jpg","_links":{"self":[{"href":"https:\/\/radiorevelacionfm.cl\/index.php?rest_route=\/wp\/v2\/posts\/41190","targetHints":{"allow":["GET"]}}],"collection":[{"href":"https:\/\/radiorevelacionfm.cl\/index.php?rest_route=\/wp\/v2\/posts"}],"about":[{"href":"https:\/\/radiorevelacionfm.cl\/index.php?rest_route=\/wp\/v2\/types\/post"}],"author":[{"embeddable":true,"href":"https:\/\/radiorevelacionfm.cl\/index.php?rest_route=\/wp\/v2\/users\/1"}],"replies":[{"embeddable":true,"href":"https:\/\/radiorevelacionfm.cl\/index.php?rest_route=%2Fwp%2Fv2%2Fcomments&post=41190"}],"version-history":[{"count":1,"href":"https:\/\/radiorevelacionfm.cl\/index.php?rest_route=\/wp\/v2\/posts\/41190\/revisions"}],"predecessor-version":[{"id":41192,"href":"https:\/\/radiorevelacionfm.cl\/index.php?rest_route=\/wp\/v2\/posts\/41190\/revisions\/41192"}],"wp:featuredmedia":[{"embeddable":true,"href":"https:\/\/radiorevelacionfm.cl\/index.php?rest_route=\/wp\/v2\/media\/41191"}],"wp:attachment":[{"href":"https:\/\/radiorevelacionfm.cl\/index.php?rest_route=%2Fwp%2Fv2%2Fmedia&parent=41190"}],"wp:term":[{"taxonomy":"category","embeddable":true,"href":"https:\/\/radiorevelacionfm.cl\/index.php?rest_route=%2Fwp%2Fv2%2Fcategories&post=41190"},{"taxonomy":"post_tag","embeddable":true,"href":"https:\/\/radiorevelacionfm.cl\/index.php?rest_route=%2Fwp%2Fv2%2Ftags&post=41190"}],"curies":[{"name":"wp","href":"https:\/\/api.w.org\/{rel}","templated":true}]}}