{"id":41184,"date":"2024-04-10T17:08:40","date_gmt":"2024-04-10T20:08:40","guid":{"rendered":"https:\/\/radiorevelacionfm.cl\/?p=41184"},"modified":"2024-04-10T17:08:40","modified_gmt":"2024-04-10T20:08:40","slug":"juventudes-de-la-comuna-de-aysen-dialogan-sobre-la-importancia-de-la-salud-mental","status":"publish","type":"post","link":"https:\/\/radiorevelacionfm.cl\/?p=41184","title":{"rendered":"Juventudes de la comuna de Ays\u00e9n dialogan sobre la importancia de la salud mental"},"content":{"rendered":"<div class=\"flex_column av_one_full  flex_column_div av-zero-column-padding first  avia-builder-el-0  el_before_av_one_full  avia-builder-el-first  \" style='border-radius:0px; '><div  class='avia-image-container  av-styling-    avia-builder-el-1  avia-builder-el-no-sibling  avia-align-center '  itemprop=\"image\" itemscope=\"itemscope\" itemtype=\"https:\/\/schema.org\/ImageObject\"  ><div class='avia-image-container-inner'><div class='avia-image-overlay-wrap'><img decoding=\"async\" class='wp-image-41185 avia-img-lazy-loading-not-41185 avia_image' src=\"https:\/\/radiorevelacionfm.cl\/wp-content\/uploads\/2024\/04\/foto-1-38-1_optimized-1.jpg\" alt='' title='foto-1-(38)-(1)_optimized (1)' height=\"600\" width=\"1130\"  itemprop=\"thumbnailUrl\" srcset=\"https:\/\/radiorevelacionfm.cl\/wp-content\/uploads\/2024\/04\/foto-1-38-1_optimized-1.jpg 1130w, https:\/\/radiorevelacionfm.cl\/wp-content\/uploads\/2024\/04\/foto-1-38-1_optimized-1-300x159.jpg 300w, https:\/\/radiorevelacionfm.cl\/wp-content\/uploads\/2024\/04\/foto-1-38-1_optimized-1-1030x547.jpg 1030w, https:\/\/radiorevelacionfm.cl\/wp-content\/uploads\/2024\/04\/foto-1-38-1_optimized-1-768x408.jpg 768w, https:\/\/radiorevelacionfm.cl\/wp-content\/uploads\/2024\/04\/foto-1-38-1_optimized-1-705x374.jpg 705w, https:\/\/radiorevelacionfm.cl\/wp-content\/uploads\/2024\/04\/foto-1-38-1_optimized-1-450x239.jpg 450w, https:\/\/radiorevelacionfm.cl\/wp-content\/uploads\/2024\/04\/foto-1-38-1_optimized-1-600x319.jpg 600w\" sizes=\"(max-width: 1130px) 100vw, 1130px\" \/><\/div><\/div><\/div><\/div><div class=\"flex_column av_one_full  flex_column_div av-zero-column-padding first  avia-builder-el-2  el_after_av_one_full  el_before_av_one_full  column-top-margin\" style='border-radius:0px; '><section class=\"av_textblock_section \"  itemscope=\"itemscope\" itemtype=\"https:\/\/schema.org\/BlogPosting\" itemprop=\"blogPost\" ><div class='avia_textblock  '   itemprop=\"text\" ><p style=\"text-align: center;\"><span style=\"font-size: 18pt;\"><strong>Juventudes de la comuna de Ays\u00e9n dialogan sobre la importancia de la salud mental <\/strong><\/span><\/p>\n<div id=\"gtx-trans\" style=\"position: absolute; left: -50px; top: 4.31534px;\">\n<div class=\"gtx-trans-icon\"><\/div>\n<\/div>\n<\/div><\/section><\/div><div class=\"flex_column av_one_full  flex_column_div av-zero-column-padding first  avia-builder-el-4  el_after_av_one_full  el_before_av_hr  column-top-margin\" style='border-radius:0px; '><section class=\"av_textblock_section \"  itemscope=\"itemscope\" itemtype=\"https:\/\/schema.org\/BlogPosting\" itemprop=\"blogPost\" ><div class='avia_textblock  '   itemprop=\"text\" ><p style=\"text-align: justify;\"><em>La iniciativa \u00a0busca <\/em><em>aumentar los niveles de involucramiento de las y los j\u00f3venes para identificar, reflexionar y discutir problemas que afectan sus territorios y\/o comunidades proponiendo y liderando soluciones. <\/em><\/p>\n<p style=\"text-align: justify;\">Con el objetivo de dar cumplimiento a los resultados obtenidos en el Plan de Acci\u00f3n Municipal de Juventud (PAMJUV) del programa Compromiso Joven, \u00a0desarrollado por las \u00a0juventudes de la comuna de Ays\u00e9n durante el a\u00f1o 2023, el \u00a0Instituto Nacional de la Juventud, con el apoyo de la Oficina Local de la Ni\u00f1ez Ays\u00e9n y la Oficina de Asuntos Juveniles de la Ilustre Municipalidad de Ays\u00e9n, organizaron en Bah\u00eda Acantilada un significativo encuentro con representantes de los Centro General de Estudiantes \u00a0(CGE) \u00a0del \u00a0Liceo Ma\u00f1ihuales, \u00a0Liceo Bicentenario San Jos\u00e9 UR, Liceo Polit\u00e9cnico Ays\u00e9n, Colegio Kalem Bicentenario, Colegio Sagrada Familia y el Colegio Santa Teresa de Los Andes.<\/p>\n<p style=\"text-align: justify;\">Durante la instancia las instituciones presentes trabajaron en torno a la sensibilizaci\u00f3n\u00a0 de la salud mental en las y los j\u00f3venes, la importancia de acercar los espacios naturales a la comunidad juvenil, el fortalecimiento de los CGE potenciando encuentros, charlas y capacitaciones enfocadas en el auto cuidado, todas tem\u00e1ticas propuestas por las juventudes de la comuna de Ays\u00e9n.<\/p>\n<p style=\"text-align: justify;\">El encuentro estuvo acompa\u00f1ado de un taller enfocado en la salud mental, \u00a0que tuvo por finalidad brindar un espacio de auto cuidado y cuidado grupal de las juventudes participantes, desarroll\u00e1ndose un momento di\u00e1logo, que llevaron a reflexiones profundas en torno a las distintas vivencias de las y los j\u00f3venes en la regi\u00f3n.<\/p>\n<p style=\"text-align: justify;\">El Director Regional de INJUV Ays\u00e9n, Camilo Trivi\u00f1o Urtubia, explic\u00f3 que \u201cen esta actividad tomamos en consideraci\u00f3n dos desaf\u00edos importantes que hemos adquirido con las juventudes estudiantiles de Ays\u00e9n. Por un lado, el compromiso constante de abrir espacios de di\u00e1logo en torno a las tem\u00e1ticas de salud mental y al mismo tiempo, que estas instancias sean abiertas para diversos\/as estudiantes, pudiendo generar intercambio de opiniones y percepciones sobre sus principales desaf\u00edos y potencialidades como juventudes\u201d.<\/p>\n<p style=\"text-align: justify;\">Dylan Marganovich Aguilar, representante del CGE del Liceo \u00a0Polit\u00e9cnico Ays\u00e9n, destac\u00f3 la instancia y se\u00f1al\u00f3 que \u201cesta actividad fue muy positiva por el tema de salud mental, ya que a las juventudes actualmente les hace falta ser escuchados, se guardan muchas cosas y se ahogan en un vaso de agua. Llamo a las autoridades a que hagan o\u00eddo a estas actividades, que puedan prestar m\u00e1s servicios, juntarnos m\u00e1s como adolescentes tambi\u00e9n,\u00a0 y espero que nos sigamos encontrando como comunidad de CGE, pero, para la pr\u00f3xima vez unidos a nivel regional\u201d.<\/p>\n<p style=\"text-align: justify;\">En tanto, B\u00e1rbara Andrade Cort\u00e9s,\u00a0 presidenta del CGE del Colegio Kalem Bicentenario, indic\u00f3 que \u201cesta actividad la encontr\u00e9 muy entretenida, nos dio la oportunidad de conocer a los distintos centros generales de alumnos de los diferentes establecimientos educacionales de la comuna, generamos lazos entre nosotros, lo que nos ayuda mucho a conocer las situaciones o realidades de cada liceo y darnos cuenta que tenemos muchas problem\u00e1ticas en com\u00fan. Mencionar a las autoridades que est\u00e1n pasando muchas cosas en cuanto a la salud mental\u00a0 y hay que hacer algo al respecto,\u00a0 hay que buscar una soluci\u00f3n y lo podemos hacer en conjunto, ya que estamos dispuestos a trabajar para que todo vaya mejorando\u201d.<\/p>\n<p style=\"text-align: justify;\">\u201cMe gust\u00f3 mucho est\u00e1 a actividad porque logramos hablar sobre la importancia de la salud mental. En este encuentro pudimos conocernos con otros CGE de la comuna, pudimos conversar y dialogar. Quer\u00eda dar las gracias a todas las instituciones que estuvieron presentes, por hacer realidad este encuentro, es algo esencial para todos las y los j\u00f3venes, ojal\u00e1 se repita\u201d, puntualiz\u00f3 el presidente del CGE del Liceo Ma\u00f1ihuales, Jos\u00e9 Mart\u00edn Rebolledo.<\/p>\n<p style=\"text-align: justify;\">El programa Compromiso Joven, comprende diferentes hitos en el plazo de dos a\u00f1os; Diagn\u00f3stico Local Juvenil, Plan de Acci\u00f3n Municipal de Juventud (PAMJUV), Encuentro de Juventudes, Formaci\u00f3n de Agentes de Cambio, entre otras acciones que esperan cambiar la mirada juvenil en las comunas donde se desarrolla la iniciativa.<\/p>\n<\/div><\/section><\/div><div  style='height:50px' class='hr hr-invisible   avia-builder-el-6  el_after_av_one_full  el_before_av_social_share '><span class='hr-inner ' ><span class='hr-inner-style'><\/span><\/span><\/div><\/p>\n<div  class='av-social-sharing-box  avia-builder-el-7  el_after_av_hr  el_before_av_hr  '><div class='av-share-box'><h5 class='av-share-link-description av-no-toc '>Compartir esta noticia<\/h5><ul class='av-share-box-list noLightbox'><li class='av-share-link av-social-link-facebook' ><a target=\"_blank\" aria-label=\"Compartir en Facebook\" href='https:\/\/www.facebook.com\/sharer.php?u=https:\/\/radiorevelacionfm.cl\/?p=41184&#038;t=Juventudes%20de%20la%20comuna%20de%20Ays%C3%A9n%20dialogan%20sobre%20la%20importancia%20de%20la%20salud%20mental' aria-hidden='false' data-av_icon='\ue8f3' data-av_iconfont='entypo-fontello' title='' data-avia-related-tooltip='Compartir en Facebook' rel=\"noopener\"><span class='avia_hidden_link_text'>Compartir en Facebook<\/span><\/a><\/li><li class='av-share-link av-social-link-twitter' ><a target=\"_blank\" aria-label=\"Compartir en Twitter\" href='https:\/\/twitter.com\/share?text=Juventudes%20de%20la%20comuna%20de%20Ays%C3%A9n%20dialogan%20sobre%20la%20importancia%20de%20la%20salud%20mental&#038;url=https:\/\/radiorevelacionfm.cl\/?p=41184' aria-hidden='false' data-av_icon='\ue8f1' data-av_iconfont='entypo-fontello' title='' data-avia-related-tooltip='Compartir en Twitter' rel=\"noopener\"><span class='avia_hidden_link_text'>Compartir en Twitter<\/span><\/a><\/li><li class='av-share-link av-social-link-whatsapp' ><a target=\"_blank\" aria-label=\"Compartir en Whatsapp\" href='https:\/\/api.whatsapp.com\/send?text=https:\/\/radiorevelacionfm.cl\/?p=41184' aria-hidden='false' data-av_icon='\uf232' data-av_iconfont='entypo-fontello' title='' data-avia-related-tooltip='Compartir en Whatsapp' rel=\"noopener\"><span class='avia_hidden_link_text'>Compartir en Whatsapp<\/span><\/a><\/li><li class='av-share-link av-social-link-linkedin' ><a target=\"_blank\" aria-label=\"Compartir en LinkedIn\" href='https:\/\/linkedin.com\/shareArticle?mini=true&#038;title=Juventudes%20de%20la%20comuna%20de%20Ays%C3%A9n%20dialogan%20sobre%20la%20importancia%20de%20la%20salud%20mental&#038;url=https:\/\/radiorevelacionfm.cl\/?p=41184' aria-hidden='false' data-av_icon='\ue8fc' data-av_iconfont='entypo-fontello' title='' data-avia-related-tooltip='Compartir en LinkedIn' rel=\"noopener\"><span class='avia_hidden_link_text'>Compartir en LinkedIn<\/span><\/a><\/li><li class='av-share-link av-social-link-mail' ><a  aria-label=\"Compartir por correo\" href='mailto:?subject=Juventudes%20de%20la%20comuna%20de%20Ays%C3%A9n%20dialogan%20sobre%20la%20importancia%20de%20la%20salud%20mental&#038;body=https:\/\/radiorevelacionfm.cl\/?p=41184' aria-hidden='false' data-av_icon='\ue805' data-av_iconfont='entypo-fontello' title='' data-avia-related-tooltip='Compartir por correo'><span class='avia_hidden_link_text'>Compartir por correo<\/span><\/a><\/li><\/ul><\/div><\/div>\n<div  style='height:50px' class='hr hr-invisible   avia-builder-el-8  el_after_av_social_share  el_before_av_comments_list '><span class='hr-inner ' ><span class='hr-inner-style'><\/span><\/span><\/div>\n<div  class='av-buildercomment  av-blog-meta-html-info-disabled av-blog-meta-tag-disabled  '><\/div>\n","protected":false},"excerpt":{"rendered":"","protected":false},"author":1,"featured_media":41185,"comment_status":"open","ping_status":"open","sticky":false,"template":"","format":"standard","meta":{"footnotes":""},"categories":[38],"tags":[],"class_list":["post-41184","post","type-post","status-publish","format-standard","has-post-thumbnail","hentry","category-regional"],"jetpack_featured_media_url":"https:\/\/radiorevelacionfm.cl\/wp-content\/uploads\/2024\/04\/foto-1-38-1_optimized-1.jpg","_links":{"self":[{"href":"https:\/\/radiorevelacionfm.cl\/index.php?rest_route=\/wp\/v2\/posts\/41184","targetHints":{"allow":["GET"]}}],"collection":[{"href":"https:\/\/radiorevelacionfm.cl\/index.php?rest_route=\/wp\/v2\/posts"}],"about":[{"href":"https:\/\/radiorevelacionfm.cl\/index.php?rest_route=\/wp\/v2\/types\/post"}],"author":[{"embeddable":true,"href":"https:\/\/radiorevelacionfm.cl\/index.php?rest_route=\/wp\/v2\/users\/1"}],"replies":[{"embeddable":true,"href":"https:\/\/radiorevelacionfm.cl\/index.php?rest_route=%2Fwp%2Fv2%2Fcomments&post=41184"}],"version-history":[{"count":1,"href":"https:\/\/radiorevelacionfm.cl\/index.php?rest_route=\/wp\/v2\/posts\/41184\/revisions"}],"predecessor-version":[{"id":41186,"href":"https:\/\/radiorevelacionfm.cl\/index.php?rest_route=\/wp\/v2\/posts\/41184\/revisions\/41186"}],"wp:featuredmedia":[{"embeddable":true,"href":"https:\/\/radiorevelacionfm.cl\/index.php?rest_route=\/wp\/v2\/media\/41185"}],"wp:attachment":[{"href":"https:\/\/radiorevelacionfm.cl\/index.php?rest_route=%2Fwp%2Fv2%2Fmedia&parent=41184"}],"wp:term":[{"taxonomy":"category","embeddable":true,"href":"https:\/\/radiorevelacionfm.cl\/index.php?rest_route=%2Fwp%2Fv2%2Fcategories&post=41184"},{"taxonomy":"post_tag","embeddable":true,"href":"https:\/\/radiorevelacionfm.cl\/index.php?rest_route=%2Fwp%2Fv2%2Ftags&post=41184"}],"curies":[{"name":"wp","href":"https:\/\/api.w.org\/{rel}","templated":true}]}}