{"id":41178,"date":"2024-04-10T16:20:33","date_gmt":"2024-04-10T19:20:33","guid":{"rendered":"https:\/\/radiorevelacionfm.cl\/?p=41178"},"modified":"2024-04-10T16:20:33","modified_gmt":"2024-04-10T19:20:33","slug":"caption-fest-aterriza-en-la-patagonia","status":"publish","type":"post","link":"https:\/\/radiorevelacionfm.cl\/?p=41178","title":{"rendered":"Caption Fest aterriza en la Patagonia"},"content":{"rendered":"<div class=\"flex_column av_one_full  flex_column_div av-zero-column-padding first  avia-builder-el-0  el_before_av_one_full  avia-builder-el-first  \" style='border-radius:0px; '><div  class='avia-image-container  av-styling-    avia-builder-el-1  avia-builder-el-no-sibling  avia-align-center '  itemprop=\"image\" itemscope=\"itemscope\" itemtype=\"https:\/\/schema.org\/ImageObject\"  ><div class='avia-image-container-inner'><div class='avia-image-overlay-wrap'><img decoding=\"async\" class='wp-image-41179 avia-img-lazy-loading-not-41179 avia_image' src=\"https:\/\/radiorevelacionfm.cl\/wp-content\/uploads\/2024\/04\/caption-magazine-26-sello-1_optimized-1.jpg\" alt='' title='caption-magazine-26-sello-(1)_optimized (1)' height=\"600\" width=\"806\"  itemprop=\"thumbnailUrl\" srcset=\"https:\/\/radiorevelacionfm.cl\/wp-content\/uploads\/2024\/04\/caption-magazine-26-sello-1_optimized-1.jpg 806w, https:\/\/radiorevelacionfm.cl\/wp-content\/uploads\/2024\/04\/caption-magazine-26-sello-1_optimized-1-300x223.jpg 300w, https:\/\/radiorevelacionfm.cl\/wp-content\/uploads\/2024\/04\/caption-magazine-26-sello-1_optimized-1-768x572.jpg 768w, https:\/\/radiorevelacionfm.cl\/wp-content\/uploads\/2024\/04\/caption-magazine-26-sello-1_optimized-1-705x525.jpg 705w, https:\/\/radiorevelacionfm.cl\/wp-content\/uploads\/2024\/04\/caption-magazine-26-sello-1_optimized-1-450x335.jpg 450w, https:\/\/radiorevelacionfm.cl\/wp-content\/uploads\/2024\/04\/caption-magazine-26-sello-1_optimized-1-600x447.jpg 600w\" sizes=\"(max-width: 806px) 100vw, 806px\" \/><\/div><\/div><\/div><\/div><div class=\"flex_column av_one_full  flex_column_div av-zero-column-padding first  avia-builder-el-2  el_after_av_one_full  el_before_av_one_full  column-top-margin\" style='border-radius:0px; '><section class=\"av_textblock_section \"  itemscope=\"itemscope\" itemtype=\"https:\/\/schema.org\/BlogPosting\" itemprop=\"blogPost\" ><div class='avia_textblock  '   itemprop=\"text\" ><p style=\"text-align: center;\"><strong><span style=\"font-size: 18pt;\">Caption Fest aterriza en la Patagonia<\/span><\/strong><\/p>\n<div id=\"gtx-trans\" style=\"position: absolute; left: -50px; top: 4.31534px;\">\n<div class=\"gtx-trans-icon\"><\/div>\n<\/div>\n<\/div><\/section><\/div><div class=\"flex_column av_one_full  flex_column_div av-zero-column-padding first  avia-builder-el-4  el_after_av_one_full  el_before_av_hr  column-top-margin\" style='border-radius:0px; '><section class=\"av_textblock_section \"  itemscope=\"itemscope\" itemtype=\"https:\/\/schema.org\/BlogPosting\" itemprop=\"blogPost\" ><div class='avia_textblock  '   itemprop=\"text\" ><p style=\"text-align: justify;\"><i>La comuna de Chile Chico, en la Regi\u00f3n de Ays\u00e9n, ser\u00e1 sede del primer Encuentro de Fotograf\u00eda Impresa del Conf\u00edn del Mundo, organizado por CAPTION Magazine.<\/i><\/p>\n<p style=\"text-align: justify;\"><i>Este proyecto es financiado por el FONDART Regional convocatoria 2024.<\/i><\/p>\n<p style=\"text-align: justify;\">Talleres, charlas, exposiciones y workshops guiados por un equipo de fot\u00f3grafos y fot\u00f3grafas de reconocida trayectoria, son parte de los aportes que contempla entregar\u00a0<i>CAPTION Fest, Miradas Capturadas: Encuentro de Fotograf\u00eda Impresa del Conf\u00edn del Mundo<\/i>, a la Regi\u00f3n de Ays\u00e9n, y principalmente a la Comuna de Chile Chico. La actividad principal se realizar\u00e1 desde el 15 al 17 de agosto de este a\u00f1o.<\/p>\n<p style=\"text-align: justify;\">Esta iniciativa de Revista CAPTION busca descentralizar la cultura, llev\u00e1ndola a lugares alejados de los circuitos tradicionales. As\u00ed lo se\u00f1ala\u00a0<b>Jos\u00e9 Luis Rissetti<\/b>, director art\u00edstico del evento, quien explic\u00f3 que \u201cpara el equipo CAPTION es un desaf\u00edo y un compromiso el efectuar esta actividad en Chile Chico, un lugar alejado de los grandes centros urbanos y de dif\u00edcil acceso, donde queremos hacer converger el arte fotogr\u00e1fico, y ojal\u00e1 llegar al m\u00e1ximo de sus habitantes, esas m\u00e1s de 4.000 personas que viven en este hermoso territorio\u201d.<\/p>\n<p style=\"text-align: justify;\">Ubicada a m\u00e1s de 2.000 kil\u00f3metros al sur de Santiago, Chile Chico es la capital de la Provincia General Carrera y sus actividades econ\u00f3micas m\u00e1s relevantes son la agricultura, la miner\u00eda, la ganader\u00eda y el turismo.<\/p>\n<p style=\"text-align: justify;\"><b>Pamela Gallardo<\/b>, encargada de la Casa de la Cultura dependiente de la Ilustre Municipalidad de Chile Chico, destac\u00f3 que \u201ccomo comunidad y como Municipalidad estamos muy ansiosos de participar en este proyecto, poder realizarlo para que nuestra comuna, una peque\u00f1a localidad con mucho atractivo tur\u00edstico y patrimonio, sea mostrada. Va a ser un proyecto de gran impacto que esperamos se desarrolle de manera grata, que las personas que asistan se sientan muy acogidas. Infinitas gracias por haber pensado en nosotros, hayan tomado la iniciativa y por haber tomado contacto con nosotros para as\u00ed mostrarnos al mundo\u201d.<\/p>\n<p style=\"text-align: justify;\"><b>Cultura en regiones<\/b><\/p>\n<p style=\"text-align: justify;\">Durante el mes de abril, desde el 15 al 18, ser\u00e1n los estudiantes y organizaciones sociales quienes llevar\u00e1n la delantera. En el Liceo Bicentenario Luisa Rabanal Palma, establecimiento que ser\u00e1 la sede principal de los encuentros que forman parte de CAPTION Fest, se realizar\u00e1 un laboratorio\/taller de confecci\u00f3n de fotolibros, como parte de las celebraciones del mes del libro.<\/p>\n<p style=\"text-align: justify;\">El Seremi de las Culturas, las Artes y el Patrimonio de Ays\u00e9n,\u00a0<b>Felipe Quiroz V\u00e1squez<\/b>, destac\u00f3 la realizaci\u00f3n de este encuentro, indicando que \u201ces una gran noticia para la Regi\u00f3n de Ays\u00e9n y en particular para mi querida ciudad de Chile Chico que un festival como el CAPTION Fest pueda llegar a la localidad, no s\u00f3lo con muestras fotogr\u00e1ficas de alto nivel, sino con muchas actividades preparadas para trabajar con la comunidad en la construcci\u00f3n de \u00e1lbumes de familia y vinculados con el Liceo Bicentenario Luisa Rabanal Palma, que conozco muy bien porque estudi\u00e9 ah\u00ed.\u00a0 Mayor motivo de orgullo, verlo convertido en escenario de un festival desarrollado por un proyecto tan serio como CAPTION Magazine que este a\u00f1o cuenta con recursos de los Fondos de Cultura. Ser\u00e1 muy significativo el encuentro de fotograf\u00eda impresa que se va a desarrollar, dada la sensibilidad que entrega este soporte a las im\u00e1genes y a la memoria visual de las familias\u201d.<\/p>\n<p style=\"text-align: justify;\">A su vez<b>, Valko Dur\u00e1n<\/b>, director del Liceo Bicentenario Luisa Rabanal Palma, establecimiento que ser\u00e1 sede de parte importante de las actividades que se efectuar\u00e1n tanto en abril como en agosto, se\u00f1al\u00f3 que \u00abestamos muy contentos y muy agradecidos que se nos haya considerado en CAPTION Fest, este proyecto Fondart que CAPTION Magazine obtuvo y que creo le va a hacer muy bien a nuestra instituci\u00f3n que es municipal pero que tiene un gran desarrollo y un fuerte apego al tema cultural, por ejemplo este a\u00f1o tenemos m\u00e1s de treinta talleres de distinto tipo, algunos de ellos relacionados con fotograf\u00eda, con dise\u00f1o, con dise\u00f1o gr\u00e1fico, por lo tanto, lo que vamos a hacer junto a CAPTION va a tener fuerte impacto y va acorde tambi\u00e9n con nuestro proyecto educativo. Esperamos contribuir al trabajo de este festival y que todo lo que se haga vaya en pos de\u00a0 mejores aprendizajes y mayores logros para nuestros estudiantes\u00bb.<\/p>\n<p style=\"text-align: justify;\"><b>Destino Chile Chico<\/b><\/p>\n<p style=\"text-align: justify;\">Chile Chico constituye un territorio especial, cuyos habitantes ser\u00e1n sorprendidos por im\u00e1genes de un pa\u00eds alejado y desconocido, hechas por chilenos, y puestas en su territorio. \u201cPara esto realizaremos talleres, charlas, exposiciones y workshop, guiados por un equipo de fot\u00f3grafos de reconocida trayectoria quienes ser\u00e1n el puente entre esta rica cultura local y la for\u00e1nea. Durante estos d\u00edas de trabajo en los talleres se imprimir\u00e1n fotograf\u00edas que ser\u00e1n expuestas en diferentes lugares. Por otro lado, y aunque nuestro inter\u00e9s principal es hacer un cruce cultural por medio de la fotograf\u00eda, tambi\u00e9n es nuestro objetivo el que este lugar tan remoto y con caracter\u00edsticas especiales, sea promovido como un destino fotogr\u00e1fico CAPTION y, por supuesto, tur\u00edstico y cultural\u201d, se\u00f1al\u00f3 Rissetti.<\/p>\n<p style=\"text-align: justify;\">La experiencia del equipo CAPTION Magazine permite articular con comunidades y territorios que ven con mucha dificultad, que \u201call\u00ed\u201d pueda hacerse algo que est\u00e1 reservado para otras urbes. Sacar a la fotograf\u00eda de ese lugar confortable de ser \u201cobservada\u201d, para convertirse en excusa de encuentro, de profesionales que trabajan con la fotograf\u00eda, de los que la hacen por divertimento, o de los acceden por la tecnolog\u00eda multisensorial. Pero en todos los casos tienen un mismo soporte: el papel, que permite hacerla tangible, para recorrer la imagen no solamente con la vista, sino con el cuerpo.<\/p>\n<p style=\"text-align: justify;\">M\u00e1s informaci\u00f3n pronto en nuestro sitio web:<\/p>\n<p style=\"text-align: justify;\"><u><a href=\"http:\/\/www.captionmagazine.org\/\" target=\"_blank\" rel=\"noopener\" data-saferedirecturl=\"https:\/\/www.google.com\/url?q=http:\/\/www.captionmagazine.org&amp;source=gmail&amp;ust=1712861930638000&amp;usg=AOvVaw0hyhJTXjF3L2hOcGq1T-mW\">www.captionmagazine.org<\/a>\u00a0<\/u><\/p>\n<\/div><\/section><\/div><div  style='height:50px' class='hr hr-invisible   avia-builder-el-6  el_after_av_one_full  el_before_av_social_share '><span class='hr-inner ' ><span class='hr-inner-style'><\/span><\/span><\/div><\/p>\n<div  class='av-social-sharing-box  avia-builder-el-7  el_after_av_hr  el_before_av_hr  '><div class='av-share-box'><h5 class='av-share-link-description av-no-toc '>Compartir esta noticia<\/h5><ul class='av-share-box-list noLightbox'><li class='av-share-link av-social-link-facebook' ><a target=\"_blank\" aria-label=\"Compartir en Facebook\" href='https:\/\/www.facebook.com\/sharer.php?u=https:\/\/radiorevelacionfm.cl\/?p=41178&#038;t=Caption%20Fest%20aterriza%20en%20la%20Patagonia' aria-hidden='false' data-av_icon='\ue8f3' data-av_iconfont='entypo-fontello' title='' data-avia-related-tooltip='Compartir en Facebook' rel=\"noopener\"><span class='avia_hidden_link_text'>Compartir en Facebook<\/span><\/a><\/li><li class='av-share-link av-social-link-twitter' ><a target=\"_blank\" aria-label=\"Compartir en Twitter\" href='https:\/\/twitter.com\/share?text=Caption%20Fest%20aterriza%20en%20la%20Patagonia&#038;url=https:\/\/radiorevelacionfm.cl\/?p=41178' aria-hidden='false' data-av_icon='\ue8f1' data-av_iconfont='entypo-fontello' title='' data-avia-related-tooltip='Compartir en Twitter' rel=\"noopener\"><span class='avia_hidden_link_text'>Compartir en Twitter<\/span><\/a><\/li><li class='av-share-link av-social-link-whatsapp' ><a target=\"_blank\" aria-label=\"Compartir en Whatsapp\" href='https:\/\/api.whatsapp.com\/send?text=https:\/\/radiorevelacionfm.cl\/?p=41178' aria-hidden='false' data-av_icon='\uf232' data-av_iconfont='entypo-fontello' title='' data-avia-related-tooltip='Compartir en Whatsapp' rel=\"noopener\"><span class='avia_hidden_link_text'>Compartir en Whatsapp<\/span><\/a><\/li><li class='av-share-link av-social-link-linkedin' ><a target=\"_blank\" aria-label=\"Compartir en LinkedIn\" href='https:\/\/linkedin.com\/shareArticle?mini=true&#038;title=Caption%20Fest%20aterriza%20en%20la%20Patagonia&#038;url=https:\/\/radiorevelacionfm.cl\/?p=41178' aria-hidden='false' data-av_icon='\ue8fc' data-av_iconfont='entypo-fontello' title='' data-avia-related-tooltip='Compartir en LinkedIn' rel=\"noopener\"><span class='avia_hidden_link_text'>Compartir en LinkedIn<\/span><\/a><\/li><li class='av-share-link av-social-link-mail' ><a  aria-label=\"Compartir por correo\" href='mailto:?subject=Caption%20Fest%20aterriza%20en%20la%20Patagonia&#038;body=https:\/\/radiorevelacionfm.cl\/?p=41178' aria-hidden='false' data-av_icon='\ue805' data-av_iconfont='entypo-fontello' title='' data-avia-related-tooltip='Compartir por correo'><span class='avia_hidden_link_text'>Compartir por correo<\/span><\/a><\/li><\/ul><\/div><\/div>\n<div  style='height:50px' class='hr hr-invisible   avia-builder-el-8  el_after_av_social_share  el_before_av_comments_list '><span class='hr-inner ' ><span class='hr-inner-style'><\/span><\/span><\/div>\n<div  class='av-buildercomment  av-blog-meta-html-info-disabled av-blog-meta-tag-disabled  '><\/div>\n","protected":false},"excerpt":{"rendered":"","protected":false},"author":1,"featured_media":41179,"comment_status":"open","ping_status":"open","sticky":false,"template":"","format":"standard","meta":{"footnotes":""},"categories":[52],"tags":[],"class_list":["post-41178","post","type-post","status-publish","format-standard","has-post-thumbnail","hentry","category-cultura"],"jetpack_featured_media_url":"https:\/\/radiorevelacionfm.cl\/wp-content\/uploads\/2024\/04\/caption-magazine-26-sello-1_optimized-1.jpg","_links":{"self":[{"href":"https:\/\/radiorevelacionfm.cl\/index.php?rest_route=\/wp\/v2\/posts\/41178","targetHints":{"allow":["GET"]}}],"collection":[{"href":"https:\/\/radiorevelacionfm.cl\/index.php?rest_route=\/wp\/v2\/posts"}],"about":[{"href":"https:\/\/radiorevelacionfm.cl\/index.php?rest_route=\/wp\/v2\/types\/post"}],"author":[{"embeddable":true,"href":"https:\/\/radiorevelacionfm.cl\/index.php?rest_route=\/wp\/v2\/users\/1"}],"replies":[{"embeddable":true,"href":"https:\/\/radiorevelacionfm.cl\/index.php?rest_route=%2Fwp%2Fv2%2Fcomments&post=41178"}],"version-history":[{"count":1,"href":"https:\/\/radiorevelacionfm.cl\/index.php?rest_route=\/wp\/v2\/posts\/41178\/revisions"}],"predecessor-version":[{"id":41180,"href":"https:\/\/radiorevelacionfm.cl\/index.php?rest_route=\/wp\/v2\/posts\/41178\/revisions\/41180"}],"wp:featuredmedia":[{"embeddable":true,"href":"https:\/\/radiorevelacionfm.cl\/index.php?rest_route=\/wp\/v2\/media\/41179"}],"wp:attachment":[{"href":"https:\/\/radiorevelacionfm.cl\/index.php?rest_route=%2Fwp%2Fv2%2Fmedia&parent=41178"}],"wp:term":[{"taxonomy":"category","embeddable":true,"href":"https:\/\/radiorevelacionfm.cl\/index.php?rest_route=%2Fwp%2Fv2%2Fcategories&post=41178"},{"taxonomy":"post_tag","embeddable":true,"href":"https:\/\/radiorevelacionfm.cl\/index.php?rest_route=%2Fwp%2Fv2%2Ftags&post=41178"}],"curies":[{"name":"wp","href":"https:\/\/api.w.org\/{rel}","templated":true}]}}