{"id":41175,"date":"2024-04-11T13:07:42","date_gmt":"2024-04-11T16:07:42","guid":{"rendered":"https:\/\/radiorevelacionfm.cl\/?p=41175"},"modified":"2024-04-11T13:07:42","modified_gmt":"2024-04-11T16:07:42","slug":"destacan-avance-del-proyecto-de-ley-que-crea-tribunales-de-ejecucion-de-penas","status":"publish","type":"post","link":"https:\/\/radiorevelacionfm.cl\/?p=41175","title":{"rendered":"Destacan avance del proyecto de ley que crea Tribunales de Ejecuci\u00f3n de Penas"},"content":{"rendered":"<div class=\"flex_column av_one_full  flex_column_div av-zero-column-padding first  avia-builder-el-0  el_before_av_one_full  avia-builder-el-first  \" style='border-radius:0px; '><div  class='avia-image-container  av-styling-    avia-builder-el-1  avia-builder-el-no-sibling  avia-align-center '  itemprop=\"image\" itemscope=\"itemscope\" itemtype=\"https:\/\/schema.org\/ImageObject\"  ><div class='avia-image-container-inner'><div class='avia-image-overlay-wrap'><img decoding=\"async\" class='wp-image-41176 avia-img-lazy-loading-not-41176 avia_image' src=\"https:\/\/radiorevelacionfm.cl\/wp-content\/uploads\/2024\/04\/grafica-proyecto-de-ley-1_optimized.jpg\" alt='' title='grafica-proyecto-de-ley-(1)_optimized' height=\"895\" width=\"796\"  itemprop=\"thumbnailUrl\" srcset=\"https:\/\/radiorevelacionfm.cl\/wp-content\/uploads\/2024\/04\/grafica-proyecto-de-ley-1_optimized.jpg 796w, https:\/\/radiorevelacionfm.cl\/wp-content\/uploads\/2024\/04\/grafica-proyecto-de-ley-1_optimized-267x300.jpg 267w, https:\/\/radiorevelacionfm.cl\/wp-content\/uploads\/2024\/04\/grafica-proyecto-de-ley-1_optimized-768x864.jpg 768w, https:\/\/radiorevelacionfm.cl\/wp-content\/uploads\/2024\/04\/grafica-proyecto-de-ley-1_optimized-627x705.jpg 627w, https:\/\/radiorevelacionfm.cl\/wp-content\/uploads\/2024\/04\/grafica-proyecto-de-ley-1_optimized-450x506.jpg 450w, https:\/\/radiorevelacionfm.cl\/wp-content\/uploads\/2024\/04\/grafica-proyecto-de-ley-1_optimized-600x675.jpg 600w\" sizes=\"(max-width: 796px) 100vw, 796px\" \/><\/div><\/div><\/div><\/div><div class=\"flex_column av_one_full  flex_column_div av-zero-column-padding first  avia-builder-el-2  el_after_av_one_full  el_before_av_one_full  column-top-margin\" style='border-radius:0px; '><section class=\"av_textblock_section \"  itemscope=\"itemscope\" itemtype=\"https:\/\/schema.org\/BlogPosting\" itemprop=\"blogPost\" ><div class='avia_textblock  '   itemprop=\"text\" ><p style=\"text-align: center;\"><span style=\"font-size: 18pt;\"><strong>Destacan avance del proyecto de ley que crea Tribunales de Ejecuci\u00f3n de Penas<\/strong><\/span><\/p>\n<div id=\"gtx-trans\" style=\"position: absolute; left: -50px; top: 4.31534px;\">\n<div class=\"gtx-trans-icon\"><\/div>\n<\/div>\n<\/div><\/section><\/div><div class=\"flex_column av_one_full  flex_column_div av-zero-column-padding first  avia-builder-el-4  el_after_av_one_full  el_before_av_hr  column-top-margin\" style='border-radius:0px; '><section class=\"av_textblock_section \"  itemscope=\"itemscope\" itemtype=\"https:\/\/schema.org\/BlogPosting\" itemprop=\"blogPost\" ><div class='avia_textblock  '   itemprop=\"text\" ><p style=\"text-align: justify;\">Recientemente y por unanimidad, la c\u00e1mara de Diputadas y Diputados despach\u00f3 al Senado para su segundo tr\u00e1mite legislativo, el\u00a0<strong>proyecto de ley que crea los Tribunales de Ejecuci\u00f3n de Penas, <\/strong><strong>avanzando de esta manera en la agenda de seguridad ciudadana y prevenci\u00f3n del delito.<\/strong><\/p>\n<p style=\"text-align: justify;\">El Seremi de Justicia y Derechos Humanos, Samuel Navarro Castro destac\u00f3 este avance se\u00f1alando que \u201cestos tribunales tienen como funci\u00f3n supervigilar y controlar el cumplimiento efectivo de las penas, de las condenas a las que son sujetas las personas por los tribunales ordinarios de Justicia, es un anhelo que podamos contar con este tipo de jurisdicci\u00f3n especializada, por cuanto nos va a permitir establecer este control por parte de los tribunales en la ejecuci\u00f3n de las penas y medidas de seguridad, el tener y contar con jueces especializados y salas exclusivas que solamente va a ver estas materias, un \u00f3rgano independiente e imparcial y especializado que adem\u00e1s permita mejorar y perfeccionar los mecanismos de control judicial de la ejecuci\u00f3n de las penas\u201d.<\/p>\n<p style=\"text-align: justify;\">La autoridad regional indic\u00f3 que la acci\u00f3n legislativa se da en el marco de la actual situaci\u00f3n penitenciaria que vive el pa\u00eds, donde se ha experimentado un alza sin precedentes de la poblaci\u00f3n privada de libertad. Ahora la aprobaci\u00f3n de la moci\u00f3n busca espec\u00edficamente la presencia de tribunales especializados en la ejecuci\u00f3n de las penas, considerando que el hacinamiento carcelario innegablemente significar\u00e1 un aumento en la conflictividad al interior de las unidades penales.<\/p>\n<p style=\"text-align: justify;\">Finalmente, destacar que el aspecto m\u00e1s importante de la ley en cuesti\u00f3n es el establecimiento de un control de car\u00e1cter jurisdiccional respecto de la fase de la ejecuci\u00f3n de la pena, instancia anhelada por diversas instituciones que participan del sistema de justicia penal, centros de estudio, parlamentarios y en general de la doctrina.<\/p>\n<\/div><\/section><\/div><div  style='height:50px' class='hr hr-invisible   avia-builder-el-6  el_after_av_one_full  el_before_av_social_share '><span class='hr-inner ' ><span class='hr-inner-style'><\/span><\/span><\/div><\/p>\n<div  class='av-social-sharing-box  avia-builder-el-7  el_after_av_hr  el_before_av_hr  '><div class='av-share-box'><h5 class='av-share-link-description av-no-toc '>Compartir esta noticia<\/h5><ul class='av-share-box-list noLightbox'><li class='av-share-link av-social-link-facebook' ><a target=\"_blank\" aria-label=\"Compartir en Facebook\" href='https:\/\/www.facebook.com\/sharer.php?u=https:\/\/radiorevelacionfm.cl\/?p=41175&#038;t=Destacan%20avance%20del%20proyecto%20de%20ley%20que%20crea%20Tribunales%20de%20Ejecuci%C3%B3n%20de%20Penas' aria-hidden='false' data-av_icon='\ue8f3' data-av_iconfont='entypo-fontello' title='' data-avia-related-tooltip='Compartir en Facebook' rel=\"noopener\"><span class='avia_hidden_link_text'>Compartir en Facebook<\/span><\/a><\/li><li class='av-share-link av-social-link-twitter' ><a target=\"_blank\" aria-label=\"Compartir en Twitter\" href='https:\/\/twitter.com\/share?text=Destacan%20avance%20del%20proyecto%20de%20ley%20que%20crea%20Tribunales%20de%20Ejecuci%C3%B3n%20de%20Penas&#038;url=https:\/\/radiorevelacionfm.cl\/?p=41175' aria-hidden='false' data-av_icon='\ue8f1' data-av_iconfont='entypo-fontello' title='' data-avia-related-tooltip='Compartir en Twitter' rel=\"noopener\"><span class='avia_hidden_link_text'>Compartir en Twitter<\/span><\/a><\/li><li class='av-share-link av-social-link-whatsapp' ><a target=\"_blank\" aria-label=\"Compartir en Whatsapp\" href='https:\/\/api.whatsapp.com\/send?text=https:\/\/radiorevelacionfm.cl\/?p=41175' aria-hidden='false' data-av_icon='\uf232' data-av_iconfont='entypo-fontello' title='' data-avia-related-tooltip='Compartir en Whatsapp' rel=\"noopener\"><span class='avia_hidden_link_text'>Compartir en Whatsapp<\/span><\/a><\/li><li class='av-share-link av-social-link-linkedin' ><a target=\"_blank\" aria-label=\"Compartir en LinkedIn\" href='https:\/\/linkedin.com\/shareArticle?mini=true&#038;title=Destacan%20avance%20del%20proyecto%20de%20ley%20que%20crea%20Tribunales%20de%20Ejecuci%C3%B3n%20de%20Penas&#038;url=https:\/\/radiorevelacionfm.cl\/?p=41175' aria-hidden='false' data-av_icon='\ue8fc' data-av_iconfont='entypo-fontello' title='' data-avia-related-tooltip='Compartir en LinkedIn' rel=\"noopener\"><span class='avia_hidden_link_text'>Compartir en LinkedIn<\/span><\/a><\/li><li class='av-share-link av-social-link-mail' ><a  aria-label=\"Compartir por correo\" href='mailto:?subject=Destacan%20avance%20del%20proyecto%20de%20ley%20que%20crea%20Tribunales%20de%20Ejecuci%C3%B3n%20de%20Penas&#038;body=https:\/\/radiorevelacionfm.cl\/?p=41175' aria-hidden='false' data-av_icon='\ue805' data-av_iconfont='entypo-fontello' title='' data-avia-related-tooltip='Compartir por correo'><span class='avia_hidden_link_text'>Compartir por correo<\/span><\/a><\/li><\/ul><\/div><\/div>\n<div  style='height:50px' class='hr hr-invisible   avia-builder-el-8  el_after_av_social_share  el_before_av_comments_list '><span class='hr-inner ' ><span class='hr-inner-style'><\/span><\/span><\/div>\n<div  class='av-buildercomment  av-blog-meta-html-info-disabled av-blog-meta-tag-disabled  '><\/div>\n","protected":false},"excerpt":{"rendered":"","protected":false},"author":1,"featured_media":41176,"comment_status":"open","ping_status":"open","sticky":false,"template":"","format":"standard","meta":{"footnotes":""},"categories":[55],"tags":[],"class_list":["post-41175","post","type-post","status-publish","format-standard","has-post-thumbnail","hentry","category-justicia"],"jetpack_featured_media_url":"https:\/\/radiorevelacionfm.cl\/wp-content\/uploads\/2024\/04\/grafica-proyecto-de-ley-1_optimized.jpg","_links":{"self":[{"href":"https:\/\/radiorevelacionfm.cl\/index.php?rest_route=\/wp\/v2\/posts\/41175","targetHints":{"allow":["GET"]}}],"collection":[{"href":"https:\/\/radiorevelacionfm.cl\/index.php?rest_route=\/wp\/v2\/posts"}],"about":[{"href":"https:\/\/radiorevelacionfm.cl\/index.php?rest_route=\/wp\/v2\/types\/post"}],"author":[{"embeddable":true,"href":"https:\/\/radiorevelacionfm.cl\/index.php?rest_route=\/wp\/v2\/users\/1"}],"replies":[{"embeddable":true,"href":"https:\/\/radiorevelacionfm.cl\/index.php?rest_route=%2Fwp%2Fv2%2Fcomments&post=41175"}],"version-history":[{"count":1,"href":"https:\/\/radiorevelacionfm.cl\/index.php?rest_route=\/wp\/v2\/posts\/41175\/revisions"}],"predecessor-version":[{"id":41177,"href":"https:\/\/radiorevelacionfm.cl\/index.php?rest_route=\/wp\/v2\/posts\/41175\/revisions\/41177"}],"wp:featuredmedia":[{"embeddable":true,"href":"https:\/\/radiorevelacionfm.cl\/index.php?rest_route=\/wp\/v2\/media\/41176"}],"wp:attachment":[{"href":"https:\/\/radiorevelacionfm.cl\/index.php?rest_route=%2Fwp%2Fv2%2Fmedia&parent=41175"}],"wp:term":[{"taxonomy":"category","embeddable":true,"href":"https:\/\/radiorevelacionfm.cl\/index.php?rest_route=%2Fwp%2Fv2%2Fcategories&post=41175"},{"taxonomy":"post_tag","embeddable":true,"href":"https:\/\/radiorevelacionfm.cl\/index.php?rest_route=%2Fwp%2Fv2%2Ftags&post=41175"}],"curies":[{"name":"wp","href":"https:\/\/api.w.org\/{rel}","templated":true}]}}