{"id":4117,"date":"2021-05-13T13:21:45","date_gmt":"2021-05-13T16:21:45","guid":{"rendered":"https:\/\/radiorevelacionfm.cl\/?p=4117"},"modified":"2021-05-13T13:21:45","modified_gmt":"2021-05-13T16:21:45","slug":"condenan-a-autores-de-hurto-en-centro-de-cultivo-de-salmones-a-3-anos-de-presidio-con-beneficio","status":"publish","type":"post","link":"https:\/\/radiorevelacionfm.cl\/?p=4117","title":{"rendered":"Condenan a autores de hurto en centro de cultivo de salmones a 3 a\u00f1os de presidio con beneficio"},"content":{"rendered":"<div class=\"flex_column av_one_full  flex_column_div av-zero-column-padding first  avia-builder-el-0  el_before_av_one_full  avia-builder-el-first  \" style='border-radius:0px; '><div  class='avia-image-container  av-styling-    avia-builder-el-1  avia-builder-el-no-sibling  avia-align-center '  itemprop=\"image\" itemscope=\"itemscope\" itemtype=\"https:\/\/schema.org\/ImageObject\"  ><div class='avia-image-container-inner'><div class='avia-image-overlay-wrap'><img decoding=\"async\" class='wp-image-0 avia-img-lazy-loading-not-0 avia_image' src=\"https:\/\/radiorevelacionfm.cl\/wp-content\/uploads\/2021\/05\/Foto-01-audiencia-zoom-1-1.jpg\" alt='' title=''   itemprop=\"thumbnailUrl\"  \/><\/div><\/div><\/div><\/div><div class=\"flex_column av_one_full  flex_column_div av-zero-column-padding first  avia-builder-el-2  el_after_av_one_full  el_before_av_one_full  column-top-margin\" style='border-radius:0px; '><section class=\"av_textblock_section \"  itemscope=\"itemscope\" itemtype=\"https:\/\/schema.org\/BlogPosting\" itemprop=\"blogPost\" ><div class='avia_textblock  '   itemprop=\"text\" ><p style=\"text-align: center;\"><strong><span style=\"font-size: 18pt;\">Condenan a autores de hurto en centro de cultivo de salmones a 3 a\u00f1os de presidio con beneficio<\/span><\/strong><\/p>\n<div id=\"gtx-trans\" style=\"position: absolute; left: -50px; top: 4.31534px;\">\n<div class=\"gtx-trans-icon\"><\/div>\n<\/div>\n<\/div><\/section><\/div><div class=\"flex_column av_one_full  flex_column_div av-zero-column-padding first  avia-builder-el-4  el_after_av_one_full  el_before_av_hr  column-top-margin\" style='border-radius:0px; '><section class=\"av_textblock_section \"  itemscope=\"itemscope\" itemtype=\"https:\/\/schema.org\/BlogPosting\" itemprop=\"blogPost\" ><div class='avia_textblock  '   itemprop=\"text\" ><p style=\"font-weight: 400; text-align: justify;\">El Tribunal de Juicio Oral en lo Penal de Coyhaique conden\u00f3 a Samuel Alejandro Fuentealba Mardones y Jos\u00e9 Miguel N\u00fa\u00f1ez Vargas a 3 a\u00f1os de presidio, con el beneficio de la libertad vigilada intensiva y reclusi\u00f3n nocturna, respectivamente, en calidad de autores del delito de hurto simple de especies por un monto superior a las 400 UTM. Il\u00edcito perpetrado en agosto de 2019, en el centro de cultivo Isla Marta, ubicado en la comuna de Cisnes.<\/p>\n<p style=\"font-weight: 400; text-align: justify;\">En fallo un\u00e1nime (causa rol 65-2020), el tribunal \u2013integrado por los magistrados\u00a0M\u00f3nica Coloma Pulgar (presidenta), F\u00e9lix Asencio Hern\u00e1ndez y Rosal\u00eda Mansilla Quiroz (redactora)\u00a0\u2013\u00a0aplic\u00f3, adem\u00e1s, a\u00a0Fuentealba Mardones y N\u00fa\u00f1ez Vargas la\u00a0accesoria legal de suspensi\u00f3n de cargo u oficio p\u00fablico durante el tiempo de las condenas y el pago de una multa a beneficio fiscal de 6 UTM cada uno.<\/p>\n<p style=\"font-weight: 400; text-align: justify;\">En la causa, el tribunal conden\u00f3 a los coacusados Marcos \u00c1lex Soto Tauda, Nicol\u00e1s Alejandro Oyarz\u00fan Vivar, Sebasti\u00e1n Eduardo Mu\u00f1oz Hern\u00e1ndez, Erwin Antonio Guichapay Arteaga e Israel Ignacio Castro Marileo a 700 setecientos d\u00edas de presidio, con el beneficio de la remisi\u00f3n condicional de la pena por igual plazo, accesoria de suspensi\u00f3n de cargo u oficio p\u00fablico durante el tiempo de las condenas y el pago de multa de 6 UTM cada uno.<\/p>\n<p style=\"font-weight: 400; text-align: justify;\">El tribunal dio por acreditado, m\u00e1s all\u00e1 de toda duda razonable, que\u00a0en horas de la noche del 10 y de la madrugada del 11 de agosto de 2019, los condenados Soto Tauda, Oyarz\u00fan Vivar, Fuentealba Mardones, Mu\u00f1oz Hern\u00e1ndez, Guichapay Arteaga, N\u00fa\u00f1ez Vargas y Castro Marileo, a bordo de la embarcaci\u00f3n \u201cDon Patricio\u201d, matr\u00edcula N\u00ba7509 PMO, \u201cconcurrieron v\u00eda mar\u00edtima al centro de cultivo de salmones Isla Marta, ubicado en Canal Puyuhuapi, comuna de Cisnes, perteneciente a la empresa Aqua Chile S.A., lugar en el que procedieron a sustraer, junto a otras personas tambi\u00e9n embarcadas en dicha lancha, desde las jaulas de peces, aproximadamente diez toneladas de salm\u00f3n tipo salmo salar, carg\u00e1ndolo en\u00a0la referida embarcaci\u00f3n, para luego abandonar el lugar, con las especies en su poder, v\u00eda mar\u00edtima, en direcci\u00f3n al Golfo Corcovado, comuna de Quell\u00f3n, donde fueron sorprendidos por personal de la Armada de Chile\u201d.<\/p>\n<\/div><\/section><\/div><div  style='height:50px' class='hr hr-invisible   avia-builder-el-6  el_after_av_one_full  el_before_av_social_share '><span class='hr-inner ' ><span class='hr-inner-style'><\/span><\/span><\/div><\/p>\n<div  class='av-social-sharing-box  avia-builder-el-7  el_after_av_hr  el_before_av_hr  '><div class='av-share-box'><h5 class='av-share-link-description av-no-toc '>Compartir esta noticia<\/h5><ul class='av-share-box-list noLightbox'><li class='av-share-link av-social-link-facebook' ><a target=\"_blank\" aria-label=\"Compartir en Facebook\" href='https:\/\/www.facebook.com\/sharer.php?u=https:\/\/radiorevelacionfm.cl\/?p=4117&#038;t=Condenan%20a%20autores%20de%20hurto%20en%20centro%20de%20cultivo%20de%20salmones%20a%203%20a%C3%B1os%20de%20presidio%20con%20beneficio' aria-hidden='false' data-av_icon='\ue8f3' data-av_iconfont='entypo-fontello' title='' data-avia-related-tooltip='Compartir en Facebook' rel=\"noopener\"><span class='avia_hidden_link_text'>Compartir en Facebook<\/span><\/a><\/li><li class='av-share-link av-social-link-twitter' ><a target=\"_blank\" aria-label=\"Compartir en Twitter\" href='https:\/\/twitter.com\/share?text=Condenan%20a%20autores%20de%20hurto%20en%20centro%20de%20cultivo%20de%20salmones%20a%203%20a%C3%B1os%20de%20presidio%20con%20beneficio&#038;url=https:\/\/radiorevelacionfm.cl\/?p=4117' aria-hidden='false' data-av_icon='\ue8f1' data-av_iconfont='entypo-fontello' title='' data-avia-related-tooltip='Compartir en Twitter' rel=\"noopener\"><span class='avia_hidden_link_text'>Compartir en Twitter<\/span><\/a><\/li><li class='av-share-link av-social-link-whatsapp' ><a target=\"_blank\" aria-label=\"Compartir en Whatsapp\" href='https:\/\/api.whatsapp.com\/send?text=https:\/\/radiorevelacionfm.cl\/?p=4117' aria-hidden='false' data-av_icon='\uf232' data-av_iconfont='entypo-fontello' title='' data-avia-related-tooltip='Compartir en Whatsapp' rel=\"noopener\"><span class='avia_hidden_link_text'>Compartir en Whatsapp<\/span><\/a><\/li><li class='av-share-link av-social-link-linkedin' ><a target=\"_blank\" aria-label=\"Compartir en LinkedIn\" href='https:\/\/linkedin.com\/shareArticle?mini=true&#038;title=Condenan%20a%20autores%20de%20hurto%20en%20centro%20de%20cultivo%20de%20salmones%20a%203%20a%C3%B1os%20de%20presidio%20con%20beneficio&#038;url=https:\/\/radiorevelacionfm.cl\/?p=4117' aria-hidden='false' data-av_icon='\ue8fc' data-av_iconfont='entypo-fontello' title='' data-avia-related-tooltip='Compartir en LinkedIn' rel=\"noopener\"><span class='avia_hidden_link_text'>Compartir en LinkedIn<\/span><\/a><\/li><li class='av-share-link av-social-link-mail' ><a  aria-label=\"Compartir por correo\" href='mailto:?subject=Condenan%20a%20autores%20de%20hurto%20en%20centro%20de%20cultivo%20de%20salmones%20a%203%20a%C3%B1os%20de%20presidio%20con%20beneficio&#038;body=https:\/\/radiorevelacionfm.cl\/?p=4117' aria-hidden='false' data-av_icon='\ue805' data-av_iconfont='entypo-fontello' title='' data-avia-related-tooltip='Compartir por correo'><span class='avia_hidden_link_text'>Compartir por correo<\/span><\/a><\/li><\/ul><\/div><\/div>\n<div  style='height:50px' class='hr hr-invisible   avia-builder-el-8  el_after_av_social_share  el_before_av_comments_list '><span class='hr-inner ' ><span class='hr-inner-style'><\/span><\/span><\/div>\n<div  class='av-buildercomment  av-blog-meta-html-info-disabled av-blog-meta-tag-disabled  '><\/div>\n","protected":false},"excerpt":{"rendered":"","protected":false},"author":1,"featured_media":0,"comment_status":"open","ping_status":"open","sticky":false,"template":"","format":"standard","meta":{"footnotes":""},"categories":[55],"tags":[],"class_list":["post-4117","post","type-post","status-publish","format-standard","hentry","category-justicia"],"jetpack_featured_media_url":"","_links":{"self":[{"href":"https:\/\/radiorevelacionfm.cl\/index.php?rest_route=\/wp\/v2\/posts\/4117","targetHints":{"allow":["GET"]}}],"collection":[{"href":"https:\/\/radiorevelacionfm.cl\/index.php?rest_route=\/wp\/v2\/posts"}],"about":[{"href":"https:\/\/radiorevelacionfm.cl\/index.php?rest_route=\/wp\/v2\/types\/post"}],"author":[{"embeddable":true,"href":"https:\/\/radiorevelacionfm.cl\/index.php?rest_route=\/wp\/v2\/users\/1"}],"replies":[{"embeddable":true,"href":"https:\/\/radiorevelacionfm.cl\/index.php?rest_route=%2Fwp%2Fv2%2Fcomments&post=4117"}],"version-history":[{"count":1,"href":"https:\/\/radiorevelacionfm.cl\/index.php?rest_route=\/wp\/v2\/posts\/4117\/revisions"}],"predecessor-version":[{"id":4119,"href":"https:\/\/radiorevelacionfm.cl\/index.php?rest_route=\/wp\/v2\/posts\/4117\/revisions\/4119"}],"wp:attachment":[{"href":"https:\/\/radiorevelacionfm.cl\/index.php?rest_route=%2Fwp%2Fv2%2Fmedia&parent=4117"}],"wp:term":[{"taxonomy":"category","embeddable":true,"href":"https:\/\/radiorevelacionfm.cl\/index.php?rest_route=%2Fwp%2Fv2%2Fcategories&post=4117"},{"taxonomy":"post_tag","embeddable":true,"href":"https:\/\/radiorevelacionfm.cl\/index.php?rest_route=%2Fwp%2Fv2%2Ftags&post=4117"}],"curies":[{"name":"wp","href":"https:\/\/api.w.org\/{rel}","templated":true}]}}