{"id":41169,"date":"2024-04-10T15:49:40","date_gmt":"2024-04-10T18:49:40","guid":{"rendered":"https:\/\/radiorevelacionfm.cl\/?p=41169"},"modified":"2024-04-10T15:49:40","modified_gmt":"2024-04-10T18:49:40","slug":"listas-de-espera-no-oncologicas-senadora-ordenes-pide-al-ejecutivo-el-detalle-a-nivel-regional","status":"publish","type":"post","link":"https:\/\/radiorevelacionfm.cl\/?p=41169","title":{"rendered":"Listas de Espera no oncol\u00f3gicas: Senadora \u00d3rdenes pide al Ejecutivo el detalle a nivel regional"},"content":{"rendered":"<div class=\"flex_column av_one_full  flex_column_div av-zero-column-padding first  avia-builder-el-0  el_before_av_one_full  avia-builder-el-first  \" style='border-radius:0px; '><div  class='avia-image-container  av-styling-    avia-builder-el-1  avia-builder-el-no-sibling  avia-align-center '  itemprop=\"image\" itemscope=\"itemscope\" itemtype=\"https:\/\/schema.org\/ImageObject\"  ><div class='avia-image-container-inner'><div class='avia-image-overlay-wrap'><img decoding=\"async\" class='wp-image-41170 avia-img-lazy-loading-not-41170 avia_image' src=\"https:\/\/radiorevelacionfm.cl\/wp-content\/uploads\/2024\/04\/Senadora-FOTO-1-3-1-1.jpeg\" alt='' title='Senadora FOTO #1 (3) (1) (1)' height=\"600\" width=\"900\"  itemprop=\"thumbnailUrl\" srcset=\"https:\/\/radiorevelacionfm.cl\/wp-content\/uploads\/2024\/04\/Senadora-FOTO-1-3-1-1.jpeg 900w, https:\/\/radiorevelacionfm.cl\/wp-content\/uploads\/2024\/04\/Senadora-FOTO-1-3-1-1-300x200.jpeg 300w, https:\/\/radiorevelacionfm.cl\/wp-content\/uploads\/2024\/04\/Senadora-FOTO-1-3-1-1-768x512.jpeg 768w, https:\/\/radiorevelacionfm.cl\/wp-content\/uploads\/2024\/04\/Senadora-FOTO-1-3-1-1-705x470.jpeg 705w, https:\/\/radiorevelacionfm.cl\/wp-content\/uploads\/2024\/04\/Senadora-FOTO-1-3-1-1-450x300.jpeg 450w, https:\/\/radiorevelacionfm.cl\/wp-content\/uploads\/2024\/04\/Senadora-FOTO-1-3-1-1-600x400.jpeg 600w\" sizes=\"(max-width: 900px) 100vw, 900px\" \/><\/div><\/div><\/div><\/div><div class=\"flex_column av_one_full  flex_column_div av-zero-column-padding first  avia-builder-el-2  el_after_av_one_full  el_before_av_one_full  column-top-margin\" style='border-radius:0px; '><section class=\"av_textblock_section \"  itemscope=\"itemscope\" itemtype=\"https:\/\/schema.org\/BlogPosting\" itemprop=\"blogPost\" ><div class='avia_textblock  '   itemprop=\"text\" ><p style=\"text-align: center;\"><strong><span style=\"font-size: 18pt;\">Listas de Espera no oncol\u00f3gicas: Senadora \u00d3rdenes pide al Ejecutivo el detalle a nivel regional<\/span><\/strong><\/p>\n<div id=\"gtx-trans\" style=\"position: absolute; left: -50px; top: 4.31534px;\">\n<div class=\"gtx-trans-icon\"><\/div>\n<\/div>\n<\/div><\/section><\/div><div class=\"flex_column av_one_full  flex_column_div av-zero-column-padding first  avia-builder-el-4  el_after_av_one_full  el_before_av_hr  column-top-margin\" style='border-radius:0px; '><section class=\"av_textblock_section \"  itemscope=\"itemscope\" itemtype=\"https:\/\/schema.org\/BlogPosting\" itemprop=\"blogPost\" ><div class='avia_textblock  '   itemprop=\"text\" ><p style=\"text-align: justify;\">La senadora por la regi\u00f3n de Ays\u00e9n e integrante de la Comisi\u00f3n de Salud del Senado, Ximena \u00d3rdenes Neira, nuevamente present\u00f3 su preocupaci\u00f3n por Listas de Espera, esta vez, aquellas que, no perteneciendo al GES, ni tampoco siendo de car\u00e1cter oncol\u00f3gico, significan una espera larga, muchas veces, de a\u00f1os para las familias en Ays\u00e9n. El oficio, donde requiere al subsecretario de Redes Asistenciales que informe de la cantidad de personas fallecidas en Lista de Espera No GES en el Servicio de Salud de Ays\u00e9n por especialidad, fue ingresado durante la primera semana de abril y tiene el objetivo de que el Ejecutivo entregue un desglose, desagregado, de las personas que han fallecido en Lista de Espera de acuerdo con el tipo de consulta o el tipo de atenci\u00f3n que estaban esperando.<\/p>\n<p style=\"text-align: justify;\">\u201cLes quiero contar que en el marco de la Comisi\u00f3n de Salud del Senado, durante esta semana solicit\u00e9 un oficio para tener el detalle a nivel regional respecto de las Listas de Espera no oncol\u00f3gicas\u201d, dio cuenta la parlamentaria, sosteniendo que \u201clas Listas de Espera es una mala herencia de la pandemia por Covid-19, pero que, en general, se ha puesto \u00e9nfasis en todas aquellas problem\u00e1ticas de salud que est\u00e1n asociadas al GES o por otro lado, aquellas listas de espera oncol\u00f3gicas, que implican problem\u00e1ticas de salud muy complejas.<\/p>\n<p style=\"text-align: justify;\">Sin embargo, la senadora coment\u00f3 que \u201cmuchas familias y muchos usuarios, est\u00e1n enfrentando, por ejemplo, problemas de una hernia, problemas de varices y en particular, la atenci\u00f3n de nuevas especialidades, como traumatolog\u00eda, odontolog\u00eda y otras \u00e1reas\u201d, esto en relaci\u00f3n a que la preocupaci\u00f3n por reducir las Listas de Espera ha sido puesta en determinadas prestaciones, en detrimento de otros problemas de Salud, que son consideradas menos graves, pero que aquejan a muchas familias.<\/p>\n<p style=\"text-align: justify;\">\u201cLo que hemos resuelto en la Comisi\u00f3n es, por un lado, un presupuesto, que se garantiz\u00f3 anteriormente, para abordar esto. Estamos trabajando para que Fonasa establezca un listado de prioridades en materia de problem\u00e1ticas de salud no oncol\u00f3gicas y se pueda dar una salida a tiempo a todos aquellos pacientes que han estado, durante mucho tiempo, esperando por temas que a veces no parecen tan complejos, pero que afectan significativamente la calidad de vida de ellos y de sus familias\u201d, concluy\u00f3 \u00d3rdenes.<\/p>\n<p style=\"text-align: justify;\">La respuesta a esta solicitud podr\u00eda dar cuenta de nuevos desaf\u00edos para la Comisi\u00f3n de Salud del Senado, desde donde la senadora \u00d3rdenes ha relevado la importancia de reducir la Lista de Espera en casos graves, sobre todo oncol\u00f3gicos, pero, ahora tambi\u00e9n, los casos no GES y no oncol\u00f3gicos, con el objetivo de que el Ejecutivo de cuenta de cu\u00e1l es la priorizaci\u00f3n que tendr\u00e1 ante estas atenciones en el 2024.<\/p>\n<\/div><\/section><\/div><div  style='height:50px' class='hr hr-invisible   avia-builder-el-6  el_after_av_one_full  el_before_av_social_share '><span class='hr-inner ' ><span class='hr-inner-style'><\/span><\/span><\/div><\/p>\n<div  class='av-social-sharing-box  avia-builder-el-7  el_after_av_hr  el_before_av_hr  '><div class='av-share-box'><h5 class='av-share-link-description av-no-toc '>Compartir esta noticia<\/h5><ul class='av-share-box-list noLightbox'><li class='av-share-link av-social-link-facebook' ><a target=\"_blank\" aria-label=\"Compartir en Facebook\" href='https:\/\/www.facebook.com\/sharer.php?u=https:\/\/radiorevelacionfm.cl\/?p=41169&#038;t=Listas%20de%20Espera%20no%20oncol%C3%B3gicas%3A%20Senadora%20%C3%93rdenes%20pide%20al%20Ejecutivo%20el%20detalle%20a%20nivel%20regional' aria-hidden='false' data-av_icon='\ue8f3' data-av_iconfont='entypo-fontello' title='' data-avia-related-tooltip='Compartir en Facebook' rel=\"noopener\"><span class='avia_hidden_link_text'>Compartir en Facebook<\/span><\/a><\/li><li class='av-share-link av-social-link-twitter' ><a target=\"_blank\" aria-label=\"Compartir en Twitter\" href='https:\/\/twitter.com\/share?text=Listas%20de%20Espera%20no%20oncol%C3%B3gicas%3A%20Senadora%20%C3%93rdenes%20pide%20al%20Ejecutivo%20el%20detalle%20a%20nivel%20regional&#038;url=https:\/\/radiorevelacionfm.cl\/?p=41169' aria-hidden='false' data-av_icon='\ue8f1' data-av_iconfont='entypo-fontello' title='' data-avia-related-tooltip='Compartir en Twitter' rel=\"noopener\"><span class='avia_hidden_link_text'>Compartir en Twitter<\/span><\/a><\/li><li class='av-share-link av-social-link-whatsapp' ><a target=\"_blank\" aria-label=\"Compartir en Whatsapp\" href='https:\/\/api.whatsapp.com\/send?text=https:\/\/radiorevelacionfm.cl\/?p=41169' aria-hidden='false' data-av_icon='\uf232' data-av_iconfont='entypo-fontello' title='' data-avia-related-tooltip='Compartir en Whatsapp' rel=\"noopener\"><span class='avia_hidden_link_text'>Compartir en Whatsapp<\/span><\/a><\/li><li class='av-share-link av-social-link-linkedin' ><a target=\"_blank\" aria-label=\"Compartir en LinkedIn\" href='https:\/\/linkedin.com\/shareArticle?mini=true&#038;title=Listas%20de%20Espera%20no%20oncol%C3%B3gicas%3A%20Senadora%20%C3%93rdenes%20pide%20al%20Ejecutivo%20el%20detalle%20a%20nivel%20regional&#038;url=https:\/\/radiorevelacionfm.cl\/?p=41169' aria-hidden='false' data-av_icon='\ue8fc' data-av_iconfont='entypo-fontello' title='' data-avia-related-tooltip='Compartir en LinkedIn' rel=\"noopener\"><span class='avia_hidden_link_text'>Compartir en LinkedIn<\/span><\/a><\/li><li class='av-share-link av-social-link-mail' ><a  aria-label=\"Compartir por correo\" href='mailto:?subject=Listas%20de%20Espera%20no%20oncol%C3%B3gicas%3A%20Senadora%20%C3%93rdenes%20pide%20al%20Ejecutivo%20el%20detalle%20a%20nivel%20regional&#038;body=https:\/\/radiorevelacionfm.cl\/?p=41169' aria-hidden='false' data-av_icon='\ue805' data-av_iconfont='entypo-fontello' title='' data-avia-related-tooltip='Compartir por correo'><span class='avia_hidden_link_text'>Compartir por correo<\/span><\/a><\/li><\/ul><\/div><\/div>\n<div  style='height:50px' class='hr hr-invisible   avia-builder-el-8  el_after_av_social_share  el_before_av_comments_list '><span class='hr-inner ' ><span class='hr-inner-style'><\/span><\/span><\/div>\n<div  class='av-buildercomment  av-blog-meta-html-info-disabled av-blog-meta-tag-disabled  '><\/div>\n","protected":false},"excerpt":{"rendered":"","protected":false},"author":1,"featured_media":41170,"comment_status":"open","ping_status":"open","sticky":false,"template":"","format":"standard","meta":{"footnotes":""},"categories":[35],"tags":[],"class_list":["post-41169","post","type-post","status-publish","format-standard","has-post-thumbnail","hentry","category-politica"],"jetpack_featured_media_url":"https:\/\/radiorevelacionfm.cl\/wp-content\/uploads\/2024\/04\/Senadora-FOTO-1-3-1-1.jpeg","_links":{"self":[{"href":"https:\/\/radiorevelacionfm.cl\/index.php?rest_route=\/wp\/v2\/posts\/41169","targetHints":{"allow":["GET"]}}],"collection":[{"href":"https:\/\/radiorevelacionfm.cl\/index.php?rest_route=\/wp\/v2\/posts"}],"about":[{"href":"https:\/\/radiorevelacionfm.cl\/index.php?rest_route=\/wp\/v2\/types\/post"}],"author":[{"embeddable":true,"href":"https:\/\/radiorevelacionfm.cl\/index.php?rest_route=\/wp\/v2\/users\/1"}],"replies":[{"embeddable":true,"href":"https:\/\/radiorevelacionfm.cl\/index.php?rest_route=%2Fwp%2Fv2%2Fcomments&post=41169"}],"version-history":[{"count":1,"href":"https:\/\/radiorevelacionfm.cl\/index.php?rest_route=\/wp\/v2\/posts\/41169\/revisions"}],"predecessor-version":[{"id":41171,"href":"https:\/\/radiorevelacionfm.cl\/index.php?rest_route=\/wp\/v2\/posts\/41169\/revisions\/41171"}],"wp:featuredmedia":[{"embeddable":true,"href":"https:\/\/radiorevelacionfm.cl\/index.php?rest_route=\/wp\/v2\/media\/41170"}],"wp:attachment":[{"href":"https:\/\/radiorevelacionfm.cl\/index.php?rest_route=%2Fwp%2Fv2%2Fmedia&parent=41169"}],"wp:term":[{"taxonomy":"category","embeddable":true,"href":"https:\/\/radiorevelacionfm.cl\/index.php?rest_route=%2Fwp%2Fv2%2Fcategories&post=41169"},{"taxonomy":"post_tag","embeddable":true,"href":"https:\/\/radiorevelacionfm.cl\/index.php?rest_route=%2Fwp%2Fv2%2Ftags&post=41169"}],"curies":[{"name":"wp","href":"https:\/\/api.w.org\/{rel}","templated":true}]}}