{"id":41166,"date":"2024-04-10T13:22:07","date_gmt":"2024-04-10T16:22:07","guid":{"rendered":"https:\/\/radiorevelacionfm.cl\/?p=41166"},"modified":"2024-04-10T13:22:07","modified_gmt":"2024-04-10T16:22:07","slug":"puerto-guadal-prepara-5-festival-de-la-cosecha-con-curso-de-charcuteria-y-muestras-de-cocina","status":"publish","type":"post","link":"https:\/\/radiorevelacionfm.cl\/?p=41166","title":{"rendered":"Puerto Guadal prepara 5\u00b0 Festival de la Cosecha con curso de charcuter\u00eda y muestras de cocina"},"content":{"rendered":"<div class=\"flex_column av_one_full  flex_column_div av-zero-column-padding first  avia-builder-el-0  el_before_av_one_full  avia-builder-el-first  \" style='border-radius:0px; '><div  class='avia-image-container  av-styling-    avia-builder-el-1  avia-builder-el-no-sibling  avia-align-center '  itemprop=\"image\" itemscope=\"itemscope\" itemtype=\"https:\/\/schema.org\/ImageObject\"  ><div class='avia-image-container-inner'><div class='avia-image-overlay-wrap'><img decoding=\"async\" class='wp-image-41167 avia-img-lazy-loading-not-41167 avia_image' src=\"https:\/\/radiorevelacionfm.cl\/wp-content\/uploads\/2024\/04\/batch_5taller-charcuteria-1-1_optimized.jpg\" alt='' title='batch_5taller-charcuter\u00eda-(1)-(1)_optimized' height=\"600\" width=\"900\"  itemprop=\"thumbnailUrl\" srcset=\"https:\/\/radiorevelacionfm.cl\/wp-content\/uploads\/2024\/04\/batch_5taller-charcuteria-1-1_optimized.jpg 900w, https:\/\/radiorevelacionfm.cl\/wp-content\/uploads\/2024\/04\/batch_5taller-charcuteria-1-1_optimized-300x200.jpg 300w, https:\/\/radiorevelacionfm.cl\/wp-content\/uploads\/2024\/04\/batch_5taller-charcuteria-1-1_optimized-768x512.jpg 768w, https:\/\/radiorevelacionfm.cl\/wp-content\/uploads\/2024\/04\/batch_5taller-charcuteria-1-1_optimized-705x470.jpg 705w, https:\/\/radiorevelacionfm.cl\/wp-content\/uploads\/2024\/04\/batch_5taller-charcuteria-1-1_optimized-450x300.jpg 450w, https:\/\/radiorevelacionfm.cl\/wp-content\/uploads\/2024\/04\/batch_5taller-charcuteria-1-1_optimized-600x400.jpg 600w\" sizes=\"(max-width: 900px) 100vw, 900px\" \/><\/div><\/div><\/div><\/div><div class=\"flex_column av_one_full  flex_column_div av-zero-column-padding first  avia-builder-el-2  el_after_av_one_full  el_before_av_one_full  column-top-margin\" style='border-radius:0px; '><section class=\"av_textblock_section \"  itemscope=\"itemscope\" itemtype=\"https:\/\/schema.org\/BlogPosting\" itemprop=\"blogPost\" ><div class='avia_textblock  '   itemprop=\"text\" ><p style=\"text-align: center;\"><span style=\"font-size: 18pt;\"><b><span lang=\"ES-TRAD\">Puerto Guadal prepara 5\u00b0 Festival de la Cosecha con curso de charcuter\u00eda y muestras de cocina<\/span><\/b><\/span><\/p>\n<div id=\"gtx-trans\" style=\"position: absolute; left: -50px; top: 4.31534px;\">\n<div class=\"gtx-trans-icon\"><\/div>\n<\/div>\n<\/div><\/section><\/div><div class=\"flex_column av_one_full  flex_column_div av-zero-column-padding first  avia-builder-el-4  el_after_av_one_full  el_before_av_hr  column-top-margin\" style='border-radius:0px; '><section class=\"av_textblock_section \"  itemscope=\"itemscope\" itemtype=\"https:\/\/schema.org\/BlogPosting\" itemprop=\"blogPost\" ><div class='avia_textblock  '   itemprop=\"text\" ><p class=\"v1gmail-MsoListParagraph\" style=\"text-align: justify;\"><i><span lang=\"ES-TRAD\">Actividad es organizada por la AG de Turismo, Cultura y Artesan\u00eda, buscando como objetivo relevar el acto de la cosecha y sus oficios, desarroll\u00e1ndose talleres de cocina en vivo, m\u00fasica, actividades para ni\u00f1os, experiencias agroturismo, demostraci\u00f3n de elaboraci\u00f3n de chicha.\u00a0<\/span><\/i><\/p>\n<p class=\"v1MsoNormal\" style=\"text-align: justify;\"><span lang=\"ES-TRAD\">Hace siete a\u00f1os se desarroll\u00f3 el primer\u00a0<b>Festival de la Cosecha<\/b>\u00a0<b>de Puerto Guadal<\/b>, organizado por la\u00a0<b>AG de Turismo, Artesan\u00eda y Cultura<\/b> del poblado. En esa ocasi\u00f3n se exhibieron tanto preparaciones locales como de distintos pa\u00edses, con el objetivo de relevar la cocina tradicional junto al aporte de quienes han llegado a vivir a la localidad y alrededores.\u00a0<b>\u00abSabores de la Perla del Lago\u00bb<\/b>\u00a0le llamaron.<\/span><\/p>\n<p class=\"v1MsoNormal\" style=\"text-align: justify;\"><span lang=\"ES-TRAD\">En 2018 se continu\u00f3 con la muestra y competencia, bajo el t\u00edtulo\u00a0<b>\u00abProtegiendo el Territorio con Sabor\u00bb<\/b>, en el entendido que privilegiar los alimentos locales permite disminuir el impacto ambiental al emitirse menos gases de efecto invernadero en el transporte desde otras latitudes, y menos importaci\u00f3n de residuos como envases y empaques, adem\u00e1s de qu\u00edmicos como preservantes y colorantes de los alimentos que vienen de lejos. Esto, junto con fortalecer la econom\u00eda local y las tradiciones.<\/span><\/p>\n<p class=\"v1MsoNormal\" style=\"text-align: justify;\"><span lang=\"ES-TRAD\">En los a\u00f1os siguientes se ha continuado con este encuentro, incorporando diversidad de talleres como charcuter\u00eda (longanizas de chivo y gallina), fermentados, y chocolater\u00eda salada y dulce, impartidos por especialistas regionales en el \u00e1rea.<\/span><\/p>\n<p class=\"v1MsoNormal\" style=\"text-align: justify;\"><span lang=\"ES-TRAD\">Un trabajo que forma parte de la impronta hacia la sustentabilidad de Puerto Guadal, que organizaciones como la AG de Ganaderos y Campesinos, la Junta de Vecinos N8 y la de \u00abLos Pioneros\u00bb han aportado a desarrollar a trav\u00e9s de talleres de gesti\u00f3n de residuos como reciclaje, compost, reutilizaci\u00f3n, autoproducci\u00f3n de alimentos, curtido de cuero, entre muchas otras iniciativas.<\/span><\/p>\n<p class=\"v1MsoNormal\" style=\"text-align: justify;\"><b><span lang=\"ES-TRAD\">Las actividades del Festival de la Cosecha<\/span><\/b><\/p>\n<p class=\"v1MsoNormal\" style=\"text-align: justify;\"><span lang=\"ES-TRAD\">Este\u00a0<b>5\u00b0 Festival de la Cosecha<\/b>\u00a0se desarrollar\u00e1 los d\u00edas\u00a0<b>s\u00e1bado 20<\/b>\u00a0y\u00a0<b>domingo 21 de abril<\/b>\u00a0en el sector del quincho municipal de Puerto Guadal.\u00a0<\/span><\/p>\n<p class=\"v1MsoNormal\" style=\"text-align: justify;\"><span lang=\"ES-TRAD\">La jornada principal ser\u00e1 el\u00a0<b>domingo desde las 11 a las 19 hrs<\/b>. En la ocasi\u00f3n se relevar\u00e1 el acto de la cosecha y sus oficios, desarroll\u00e1ndose talleres de cocina en vivo (hongos, jarabe de sauco, kombucha, saborizantes con hierbas locales), m\u00fasica, actividades para ni\u00f1os, experiencias de agroturismo, demostraci\u00f3n de elaboraci\u00f3n de chicha.\u00a0 Adem\u00e1s, habr\u00e1 una feria de emprendedores con productos locales, quienes se pueden <b>inscribir<\/b>\u00a0con la presidenta de la AG de Turismo, Artesan\u00eda y Cultura Ang\u00e9lica Anti\u00f1anco Levicoy, al whatsapp +56 9 7604 1806.<\/span><\/p>\n<p class=\"v1MsoNormal\" style=\"text-align: justify;\"><span lang=\"ES-TRAD\">El d\u00eda previo,\u00a0<b>el s\u00e1bado<\/b>, se destinar\u00e1 a la realizaci\u00f3n de dos cursos de cocina local: uno de\u00a0<b>charcuter\u00eda<\/b>\u00a0en que el\u00a0<a href=\"https:\/\/www.facebook.com\/emersonyl\" target=\"_blank\" rel=\"noopener noreferrer\">chef Emerson Y\u00e1\u00f1ez<\/a> (quien desarroll\u00f3 un taller similar en la muestra de 2023) capacitar\u00e1 en preparaci\u00f3n de vienesa de liebre y queso de cabeza de cordero. La participaci\u00f3n tendr\u00e1 un costo de $ 20.000 que incluye materiales y los productos a preparar.<\/span><\/p>\n<p class=\"v1MsoNormal\" style=\"text-align: justify;\"><span lang=\"ES-TRAD\">Y adem\u00e1s se desarrollar\u00e1n dos experiencias agrotur\u00edsticas gratuitas:\u00a0<b>cosecha de mosqueta\u00a0<\/b>(taller\u00a0<a href=\"https:\/\/www.facebook.com\/profile.php?id=100063614137918\" target=\"_blank\" rel=\"noopener noreferrer\">ArteChelenko de Puerto Guadal<\/a>)<b>\u00a0y recolecci\u00f3n de hongos (<\/b>colectivo\u00a0<a href=\"https:\/\/www.facebook.com\/profile.php?id=100012597345292\" target=\"_blank\" rel=\"noopener noreferrer\">\u00abDe la Ra\u00edz\u00bb de Puerto Ays\u00e9n<\/a>)<b>.<\/b> La primera culmina con conocer el proceso de limpia, colado y elaboraci\u00f3n de mermelada (donde las y los participantes se llevar\u00e1n una muestra) y la segunda contempla un taller donde se cocinar\u00e1n los hongos recolectados.<\/span><\/p>\n<p class=\"v1MsoNormal\" style=\"text-align: justify;\"><span lang=\"ES-TRAD\">Las\u00a0<b>inscripciones para participar en las capacitaciones est\u00e1n abiertas<\/b>: cosecha de mosqueta y recolecci\u00f3n de hongos con Fernanda Solar Vera al whatsapp +56 9 5679 9796; taller de charcuter\u00eda con Carolina Rojas Rom\u00e1n al whatsapp +56 9 4029 4884.\u00a0<\/span><\/p>\n<p class=\"v1MsoNormal\" style=\"text-align: justify;\"><span lang=\"ES-TRAD\">Informaciones generales de todo el proceso al correo\u00a0<a href=\"mailto:turismoguadal@gmail.com\" rel=\"noreferrer\">turismoguadal@gmail.com<\/a>.<\/span><\/p>\n<p class=\"v1MsoNormal\" style=\"text-align: justify;\"><span lang=\"ES-TRAD\">Esta actividad se enmarca en el proyecto\u00a0<b>\u00abArte de la Cosecha y Cocina en el Chelenko\u00bb<\/b>\u00a0financiado por el Ministerio de las Culturas, las Artes y el Patrimonio a trav\u00e9s del FONDART Regional en la l\u00ednea de Culturas Regionales modalidad del Fomento del Turismo Cultural, con el apoyo de la Municipalidad de Chile Chico, que facilit\u00f3 el quincho local.<\/span><\/p>\n<p class=\"v1MsoNormal\" style=\"text-align: justify;\"><span lang=\"ES-TRAD\">La iniciativa contempla en el mes de mayo desarrollar actividades art\u00edsticas para los ni\u00f1os y ni\u00f1as de la localidad, mediante teatro, danza y cuentacuentos, que fomenten el cuidado del medio ambiente a trav\u00e9s de la valorizaci\u00f3n de su biodiversidad y el uso responsable de los elementos de la naturaleza en su funci\u00f3n alimenticia.<\/span><\/p>\n<\/div><\/section><\/div><div  style='height:50px' class='hr hr-invisible   avia-builder-el-6  el_after_av_one_full  el_before_av_social_share '><span class='hr-inner ' ><span class='hr-inner-style'><\/span><\/span><\/div><\/p>\n<div  class='av-social-sharing-box  avia-builder-el-7  el_after_av_hr  el_before_av_hr  '><div class='av-share-box'><h5 class='av-share-link-description av-no-toc '>Compartir esta noticia<\/h5><ul class='av-share-box-list noLightbox'><li class='av-share-link av-social-link-facebook' ><a target=\"_blank\" aria-label=\"Compartir en Facebook\" href='https:\/\/www.facebook.com\/sharer.php?u=https:\/\/radiorevelacionfm.cl\/?p=41166&#038;t=Puerto%20Guadal%20prepara%205%C2%B0%20Festival%20de%20la%20Cosecha%20con%20curso%20de%20charcuter%C3%ADa%20y%20muestras%20de%20cocina' aria-hidden='false' data-av_icon='\ue8f3' data-av_iconfont='entypo-fontello' title='' data-avia-related-tooltip='Compartir en Facebook' rel=\"noopener\"><span class='avia_hidden_link_text'>Compartir en Facebook<\/span><\/a><\/li><li class='av-share-link av-social-link-twitter' ><a target=\"_blank\" aria-label=\"Compartir en Twitter\" href='https:\/\/twitter.com\/share?text=Puerto%20Guadal%20prepara%205%C2%B0%20Festival%20de%20la%20Cosecha%20con%20curso%20de%20charcuter%C3%ADa%20y%20muestras%20de%20cocina&#038;url=https:\/\/radiorevelacionfm.cl\/?p=41166' aria-hidden='false' data-av_icon='\ue8f1' data-av_iconfont='entypo-fontello' title='' data-avia-related-tooltip='Compartir en Twitter' rel=\"noopener\"><span class='avia_hidden_link_text'>Compartir en Twitter<\/span><\/a><\/li><li class='av-share-link av-social-link-whatsapp' ><a target=\"_blank\" aria-label=\"Compartir en Whatsapp\" href='https:\/\/api.whatsapp.com\/send?text=https:\/\/radiorevelacionfm.cl\/?p=41166' aria-hidden='false' data-av_icon='\uf232' data-av_iconfont='entypo-fontello' title='' data-avia-related-tooltip='Compartir en Whatsapp' rel=\"noopener\"><span class='avia_hidden_link_text'>Compartir en Whatsapp<\/span><\/a><\/li><li class='av-share-link av-social-link-linkedin' ><a target=\"_blank\" aria-label=\"Compartir en LinkedIn\" href='https:\/\/linkedin.com\/shareArticle?mini=true&#038;title=Puerto%20Guadal%20prepara%205%C2%B0%20Festival%20de%20la%20Cosecha%20con%20curso%20de%20charcuter%C3%ADa%20y%20muestras%20de%20cocina&#038;url=https:\/\/radiorevelacionfm.cl\/?p=41166' aria-hidden='false' data-av_icon='\ue8fc' data-av_iconfont='entypo-fontello' title='' data-avia-related-tooltip='Compartir en LinkedIn' rel=\"noopener\"><span class='avia_hidden_link_text'>Compartir en LinkedIn<\/span><\/a><\/li><li class='av-share-link av-social-link-mail' ><a  aria-label=\"Compartir por correo\" href='mailto:?subject=Puerto%20Guadal%20prepara%205%C2%B0%20Festival%20de%20la%20Cosecha%20con%20curso%20de%20charcuter%C3%ADa%20y%20muestras%20de%20cocina&#038;body=https:\/\/radiorevelacionfm.cl\/?p=41166' aria-hidden='false' data-av_icon='\ue805' data-av_iconfont='entypo-fontello' title='' data-avia-related-tooltip='Compartir por correo'><span class='avia_hidden_link_text'>Compartir por correo<\/span><\/a><\/li><\/ul><\/div><\/div>\n<div  style='height:50px' class='hr hr-invisible   avia-builder-el-8  el_after_av_social_share  el_before_av_comments_list '><span class='hr-inner ' ><span class='hr-inner-style'><\/span><\/span><\/div>\n<div  class='av-buildercomment  av-blog-meta-html-info-disabled av-blog-meta-tag-disabled  '><\/div>\n","protected":false},"excerpt":{"rendered":"","protected":false},"author":1,"featured_media":41167,"comment_status":"open","ping_status":"open","sticky":false,"template":"","format":"standard","meta":{"footnotes":""},"categories":[38],"tags":[],"class_list":["post-41166","post","type-post","status-publish","format-standard","has-post-thumbnail","hentry","category-regional"],"jetpack_featured_media_url":"https:\/\/radiorevelacionfm.cl\/wp-content\/uploads\/2024\/04\/batch_5taller-charcuteria-1-1_optimized.jpg","_links":{"self":[{"href":"https:\/\/radiorevelacionfm.cl\/index.php?rest_route=\/wp\/v2\/posts\/41166","targetHints":{"allow":["GET"]}}],"collection":[{"href":"https:\/\/radiorevelacionfm.cl\/index.php?rest_route=\/wp\/v2\/posts"}],"about":[{"href":"https:\/\/radiorevelacionfm.cl\/index.php?rest_route=\/wp\/v2\/types\/post"}],"author":[{"embeddable":true,"href":"https:\/\/radiorevelacionfm.cl\/index.php?rest_route=\/wp\/v2\/users\/1"}],"replies":[{"embeddable":true,"href":"https:\/\/radiorevelacionfm.cl\/index.php?rest_route=%2Fwp%2Fv2%2Fcomments&post=41166"}],"version-history":[{"count":1,"href":"https:\/\/radiorevelacionfm.cl\/index.php?rest_route=\/wp\/v2\/posts\/41166\/revisions"}],"predecessor-version":[{"id":41168,"href":"https:\/\/radiorevelacionfm.cl\/index.php?rest_route=\/wp\/v2\/posts\/41166\/revisions\/41168"}],"wp:featuredmedia":[{"embeddable":true,"href":"https:\/\/radiorevelacionfm.cl\/index.php?rest_route=\/wp\/v2\/media\/41167"}],"wp:attachment":[{"href":"https:\/\/radiorevelacionfm.cl\/index.php?rest_route=%2Fwp%2Fv2%2Fmedia&parent=41166"}],"wp:term":[{"taxonomy":"category","embeddable":true,"href":"https:\/\/radiorevelacionfm.cl\/index.php?rest_route=%2Fwp%2Fv2%2Fcategories&post=41166"},{"taxonomy":"post_tag","embeddable":true,"href":"https:\/\/radiorevelacionfm.cl\/index.php?rest_route=%2Fwp%2Fv2%2Ftags&post=41166"}],"curies":[{"name":"wp","href":"https:\/\/api.w.org\/{rel}","templated":true}]}}