{"id":41162,"date":"2024-04-10T11:45:34","date_gmt":"2024-04-10T14:45:34","guid":{"rendered":"https:\/\/radiorevelacionfm.cl\/?p=41162"},"modified":"2024-04-10T11:45:34","modified_gmt":"2024-04-10T14:45:34","slug":"las-dudas-sobre-quien-pagara-la-cuenta-de-los-gravisimos-incumplimientos-ambientales-de-minera-cerro-en-chile-chico","status":"publish","type":"post","link":"https:\/\/radiorevelacionfm.cl\/?p=41162","title":{"rendered":"Las dudas sobre qui\u00e9n pagar\u00e1 la cuenta de los grav\u00edsimos incumplimientos ambientales de Minera Cerro en Chile Chico"},"content":{"rendered":"<div class=\"flex_column av_one_full  flex_column_div av-zero-column-padding first  avia-builder-el-0  el_before_av_one_full  avia-builder-el-first  \" style='border-radius:0px; '><div  class='avia-image-container  av-styling-    avia-builder-el-1  avia-builder-el-no-sibling  avia-align-center '  itemprop=\"image\" itemscope=\"itemscope\" itemtype=\"https:\/\/schema.org\/ImageObject\"  ><div class='avia-image-container-inner'><div class='avia-image-overlay-wrap'><img decoding=\"async\" class='wp-image-8017 avia-img-lazy-loading-not-8017 avia_image' src=\"https:\/\/radiorevelacionfm.cl\/wp-content\/uploads\/2021\/08\/prospecciones-cerro-bayo-1_optimized.jpg\" alt='' title='prospecciones-cerro-bayo-(1)_optimized' height=\"600\" width=\"1067\"  itemprop=\"thumbnailUrl\" srcset=\"https:\/\/radiorevelacionfm.cl\/wp-content\/uploads\/2021\/08\/prospecciones-cerro-bayo-1_optimized.jpg 1067w, https:\/\/radiorevelacionfm.cl\/wp-content\/uploads\/2021\/08\/prospecciones-cerro-bayo-1_optimized-300x169.jpg 300w, https:\/\/radiorevelacionfm.cl\/wp-content\/uploads\/2021\/08\/prospecciones-cerro-bayo-1_optimized-1030x579.jpg 1030w, https:\/\/radiorevelacionfm.cl\/wp-content\/uploads\/2021\/08\/prospecciones-cerro-bayo-1_optimized-768x432.jpg 768w, https:\/\/radiorevelacionfm.cl\/wp-content\/uploads\/2021\/08\/prospecciones-cerro-bayo-1_optimized-705x396.jpg 705w, https:\/\/radiorevelacionfm.cl\/wp-content\/uploads\/2021\/08\/prospecciones-cerro-bayo-1_optimized-600x337.jpg 600w\" sizes=\"(max-width: 1067px) 100vw, 1067px\" \/><\/div><\/div><\/div><\/div><div class=\"flex_column av_one_full  flex_column_div av-zero-column-padding first  avia-builder-el-2  el_after_av_one_full  el_before_av_one_full  column-top-margin\" style='border-radius:0px; '><section class=\"av_textblock_section \"  itemscope=\"itemscope\" itemtype=\"https:\/\/schema.org\/BlogPosting\" itemprop=\"blogPost\" ><div class='avia_textblock  '   itemprop=\"text\" ><p style=\"text-align: center;\"><span style=\"font-size: 18pt;\"><b>Las dudas sobre qui\u00e9n pagar\u00e1 la cuenta de los grav\u00edsimos incumplimientos ambientales de Minera Cerro en Chile Chico<\/b><\/span><\/p>\n<div id=\"gtx-trans\" style=\"position: absolute; left: -50px; top: 4.31534px;\">\n<div class=\"gtx-trans-icon\"><\/div>\n<\/div>\n<\/div><\/section><\/div><div class=\"flex_column av_one_full  flex_column_div av-zero-column-padding first  avia-builder-el-4  el_after_av_one_full  el_before_av_hr  column-top-margin\" style='border-radius:0px; '><section class=\"av_textblock_section \"  itemscope=\"itemscope\" itemtype=\"https:\/\/schema.org\/BlogPosting\" itemprop=\"blogPost\" ><div class='avia_textblock  '   itemprop=\"text\" ><p class=\"v1gmail-MsoListParagraphCxSpFirst\" style=\"text-align: justify;\"><i>Las primeras fiscalizaciones datan de 2017 en tanto que las denuncias de 2019. Han pasado m\u00e1s de siete a\u00f1os desde los primeros indicios de incumplimientos y reci\u00e9n a fines de marzo de 2024 la Superintendencia del Medio Ambiente inicia acciones concretas para revertir los incumplimientos ambientales de la minera.<\/i><\/p>\n<p class=\"v1gmail-MsoListParagraphCxSpLast\" style=\"text-align: justify;\"><i>Hoy surge una duda: En este per\u00edodo Compa\u00f1\u00eda Minera Cerro Bayo fue vendida por la canadiense Mandalay Reources a la australiana Equus Mining (2021) y recientemente, en el mes de marzo de 2024, esta \u00faltima la enajen\u00f3 a su connacional Mitre Mining.<\/i><\/p>\n<p class=\"v1MsoNormal\" style=\"text-align: justify;\">Mediante Resoluci\u00f3n Exenta del 20 de marzo de este a\u00f1o, la Superintendencia del Medio Ambiente (SMA) formul\u00f3 cargos contra la Compa\u00f1\u00eda Minera Cerro Bayo (CMCB) por \u00ab<a href=\"https:\/\/portal.sma.gob.cl\/index.php\/2024\/04\/03\/sma-formula-cargos-a-minera-cerro-bayo-por-incumplimientos-asociados-a-control-de-emisiones-de-material-particulado-y-compromisos-de-monitoreo-de-variables-ambientales\/\" target=\"_blank\" rel=\"noopener noreferrer\">incumplimientos en el control de emisiones de material particulado y compromisos de monitoreo de variables ambientales<\/a>\u00ab. La medida se hizo p\u00fablica el 3 de abril, mediante un comunicado que enviara el propio organismo fiscalizador.<\/p>\n<p class=\"v1MsoNormal\" style=\"text-align: justify;\">En \u00e9ste informa que la sanci\u00f3n para la empresa puede llegar a los 13 mil millones de pesos.<\/p>\n<p class=\"v1MsoNormal\" style=\"text-align: justify;\">Son cuatro los cargos por contaminaci\u00f3n del aire y da\u00f1os a la flora y fauna del lugar que ha levantado la entidad, sustentados en fiscalizaciones realizadas tanto por la SMA como por la Direcci\u00f3n General de Aguas (DGA), el Servicio Agr\u00edcola y Ganadero (SAG), la Seremi de Salud de Ays\u00e9n y el Servicio de Geolog\u00eda y Miner\u00eda (SERNAGEOMIN), adem\u00e1s de algunas presentaciones de particulares.<\/p>\n<p class=\"v1MsoNormal\" style=\"text-align: justify;\">La primera fiscalizaci\u00f3n se realiz\u00f3 el 12 de abril de 2017 por parte de la SMA, DGA y SERNAGEOMIN.\u00a0<span class=\"v1gmail-Apple-converted-space\">\u00a0<\/span>\u00c9sta gener\u00f3 la apertura de un expediente, que deriv\u00f3 en el env\u00edo de los antecedentes a la Divisi\u00f3n de Sanci\u00f3n y Cumplimiento (DSC) en 2019. Posteriormente se abrieron cinco expedientes que terminaron tambi\u00e9n con su despacho a la DSC. En paralelo, en 2020 y 2023 se presentaron dos denuncias, una de ellas por parte de la Municipalidad de Chile Chico.<\/p>\n<p class=\"v1MsoNormal\" style=\"text-align: justify;\">Uno de los cargos formulados se relaciona con el<span class=\"v1gmail-Apple-converted-space\">\u00a0<\/span><b>incumplimiento de las medidas de control de emisiones de material particulado -cargo clasificado como grave-,<\/b><span class=\"v1gmail-Apple-converted-space\">\u00a0<\/span>luego de que se constatara que el sistema de supresi\u00f3n de polvo instalado en el tranque de relaves en Laguna Verde no cubre la totalidad del \u00e1rea no inundada, por lo que no se logra la humectaci\u00f3n. Asimismo, se pudo advertir que el sistema implementado por la empresa no opera de forma continua, no cumpliendo la obligaci\u00f3n de mantener, de forma permanente y bajo cualquier eventualidad, la humectaci\u00f3n de la cubeta del tranque de relaves. La gravedad de este hecho la constat\u00f3 el SAG, que visit\u00f3 el sector en agosto de 2023 y consign\u00f3 en un informe t\u00e9cnico que \u00ab<i>el hecho de mantener \u00e1reas de sedimentos secas al interior del tranque de relaves, implica un riesgo para la actividad agropecuaria de Bah\u00eda Jara, al exponer la zona al arrastre de metales pesados contaminantes procedentes de los relaves<\/i>\u00ab.<\/p>\n<p class=\"v1MsoNormal\" style=\"text-align: justify;\">El segundo cargo es por \u00ab<i>no haber efectuado los monitoreos comprometidos en dos de los pozos de control, ni tampoco los reemplazos de \u00e9stos<\/i>\u00ab, lo cual puede<span class=\"v1gmail-Apple-converted-space\">\u00a0<\/span><b>involucrar contaminaci\u00f3n por metales pesados de los afluentes que nutren el lago General Carrera<\/b>.\u00a0<span class=\"v1gmail-Apple-converted-space\">\u00a0<\/span><\/p>\n<p class=\"v1MsoNormal\" style=\"text-align: justify;\">Los otros dos cargos se refieren a<span class=\"v1gmail-Apple-converted-space\">\u00a0<\/span><b>no haber recuperado con vegetaci\u00f3n las \u00e1reas intervenidas por las operaciones as\u00ed como no reportar el monitoreo de la calidad qu\u00edmica del suelo y de la vegetaci\u00f3n presente en el \u00e1rea cercana a la planta<\/b>, durante los a\u00f1os 2021, 2022 y 2023. \u00ab<i>Respecto de la revegetaci\u00f3n, hay que agregar que el titular mantuvo una cantidad de plantas viverizadas inferior a la comprometida en su evaluaci\u00f3n ambiental; manteniendo las especie viverizadas en mal estado de conservaci\u00f3n o sin vida; y no se efectu\u00f3 la construcci\u00f3n del segundo vivero comprometido<\/i>\u00bb se\u00f1ala el reporte de la SMA.<\/p>\n<p class=\"v1MsoNormal\" style=\"text-align: justify;\"><b>\u00bfQui\u00e9n paga la cuenta ambiental?<\/b><\/p>\n<p class=\"v1MsoNormal\" style=\"text-align: justify;\">Han pasado m\u00e1s de siete a\u00f1os desde la primera fiscalizaci\u00f3n (2017) que se deriv\u00f3 al Departamento de Sanci\u00f3n y Cumplimiento (2019) y cuatro desde las primeras denuncias presentadas por particulares (2020). En este per\u00edodo la<span class=\"v1gmail-Apple-converted-space\">\u00a0<\/span><b>canadiense Mandalay Reources<\/b><span class=\"v1gmail-Apple-converted-space\">\u00a0<\/span>(controladora de Compa\u00f1\u00eda Minera Cerro Bayo al momento de aquellos primeros incumplimientos)<span class=\"v1gmail-Apple-converted-space\">\u00a0<\/span><a href=\"https:\/\/www.reporteminero.cl\/noticia\/noticias\/2021\/12\/mandalay-venta-cerro-bayo-equus-mining\" target=\"_blank\" rel=\"noopener noreferrer\">vendi\u00f3<\/a><span class=\"v1gmail-Apple-converted-space\">\u00a0<\/span>la sociedad a la<span class=\"v1gmail-Apple-converted-space\">\u00a0<\/span><b>australiana Equus Mining<\/b>, que impulsa el proyecto Los Domos, aleda\u00f1o al Parque Patagonia, a trav\u00e9s de Southern Gold. La\u00a0<span class=\"v1gmail-Apple-converted-space\">\u00a0<\/span>venta, materializada en diciembre de 2021, incluy\u00f3 las propiedades mineras, los recursos, infraestructura y la planta de procesamiento.\u00a0<span class=\"v1gmail-Apple-converted-space\">\u00a0<\/span>Y dos a\u00f1os despu\u00e9s, en marzo de 2024, la<span class=\"v1gmail-Apple-converted-space\">\u00a0<\/span><b>australiana Mitre Mining<\/b><span class=\"v1gmail-Apple-converted-space\">\u00a0<\/span>adquiri\u00f3 a su vez Cerro Bayo.<\/p>\n<p class=\"v1MsoNormal\" style=\"text-align: justify;\">En la pr\u00e1ctica, bajo la propiedad de \u00e9sta no ha existido infracci\u00f3n alguna, m\u00e1s a\u00fan cuando el anuncio de sanciones se materializa a cinco a\u00f1os desde que Mandalay Resources dejara el control de la compa\u00f1\u00eda. Y dos meses desde que Equus Mining hiciera lo propio.<\/p>\n<p class=\"v1MsoNormal\" style=\"text-align: justify;\">Para el presidente de la<span class=\"v1gmail-Apple-converted-space\">\u00a0<\/span><b>Corporaci\u00f3n Privada para el Desarrollo de Ays\u00e9n (CODESA), Erwin Sandoval Gallardo,<\/b><span class=\"v1gmail-Apple-converted-space\">\u00a0<\/span>esta situaci\u00f3n es grave. \u00ab<i>Es tanto lo que tarda la Superintendencia del Medio Ambiente en sus procesos investigativos y en iniciar procedimientos sancionatorios por graves infracciones ambientales, que finalmente no logra su principal objetivo institucional\u00bb<span class=\"v1gmail-Apple-converted-space\">\u00a0<\/span><\/i>expres\u00f3.<\/p>\n<p class=\"v1MsoNormal\" style=\"text-align: justify;\">As\u00ed<i><span class=\"v1gmail-Apple-converted-space\">\u00a0<\/span>\u00abcada vez es m\u00e1s frecuente encontrarnos con hechos consumados o empresas que se disuelven y enajenan sus activos, tornando absolutamente dif\u00edcil la persecuci\u00f3n infraccional y, en definitiva, el cumplimiento de la normativa ambiental\u00bb<\/i>, puntualiz\u00f3. Explic\u00f3 que es esto lo que hoy ocurre con la<i><span class=\"v1gmail-Apple-converted-space\">\u00a0<\/span>\u00abcentral hidroel\u00e9ctrica Los Maquis, en que la formulaci\u00f3n de cargos de la Superintendencia lleg\u00f3 cuando el proyecto estaba \u00edntegramente construido; el tranque de relaves Confluencia de minera El Toqui, cuya titular quebr\u00f3 y vendi\u00f3 las instalaciones a otra compa\u00f1\u00eda, que hoy no se quiere hacer cargo del pasivo ambiental de dicho tranque de relaves\u00bb.<\/i><\/p>\n<p class=\"v1MsoNormal\" style=\"text-align: justify;\">Y refiri\u00e9ndose directamente a Cerro Bayo, inform\u00f3 que<i><span class=\"v1gmail-Apple-converted-space\">\u00a0<\/span>\u00abestamos esperando desde agosto de 2021 que la Superintendencia de Medio Ambiente resuelva nuestra denuncia por la ejecuci\u00f3n de m\u00e1s de 50 prospecciones mineras en la zona, realizadas por Equus Mining, eludiendo el Sistema de Evaluaci\u00f3n de Impacto Ambiental y al interior del Sitio Prioritario para la Conservaci\u00f3n de la Biodiversidad Estepa Jeinimeni-Lagunas de Bah\u00eda Jara<\/i>\u00ab.<\/p>\n<p class=\"v1MsoNormal\" style=\"text-align: justify;\">Explic\u00f3 que como organizaci\u00f3n han presentado m\u00faltiples denuncias, en el tema Los Maquis, minera Los Domos, salmoneras en parques nacionales, mega loteos \u00ab<i>y la direcci\u00f3n regional de la SMA no toma medidas, no informa, y las escasas fiscalizaciones las realiza en coordinaci\u00f3n con las empresas. En muchos casos son los tribunales ambientales los que han tenido que corregir el negligente actuar de este organismo que est\u00e1, supuestamente, para aplicar la normativa ambiental<\/i>\u00ab.<\/p>\n<p class=\"v1MsoNormal\" style=\"text-align: justify;\">En este sentido, recalc\u00f3 que es importante que en la reforma a la Ley Org\u00e1nica de la Superintendencia del Medio Ambiente se agregue \u00ab<i>alguna prohibici\u00f3n de venta de permisos ambientales de proyectos con procedimientos iniciados ante la SMA o, al menos, un proceso de transferencia que sea reglado e implique consulta a los \u00f3rganos administrativos respectivos<\/i>\u00ab.<\/p>\n<p class=\"v1MsoNormal\" style=\"text-align: justify;\">Para la<span class=\"v1gmail-Apple-converted-space\">\u00a0<\/span><b>abogada de ONG FIMA Sof\u00eda Barrera Fuentes<\/b>, organizaci\u00f3n que ha estado en diversas acciones de protecci\u00f3n ambiental en la regi\u00f3n de Ays\u00e9n, \u00ab<i>habr\u00eda que ver, en este caso, c\u00f3mo el estado ambiental constatado por la SMA con situaciones de contaminaci\u00f3n modifican la l\u00ednea de base de las autorizaciones ambientales que ha adquirido la empresa y de la cual podr\u00eda beneficiarse<\/i>\u00ab. Esto, indic\u00f3, \u00ab<i>es un tema fundamental, porque est\u00e1 claro, por los antecedentes entregados, que la l\u00ednea base de las autorizaciones vigentes no se condice con la realidad actual y los niveles de contaminaci\u00f3n<\/i>\u00ab.<\/p>\n<p class=\"v1MsoNormal\" style=\"text-align: justify;\">En este sentido, puntualiz\u00f3 que ser\u00e1 preciso ver la respuesta que d\u00e9<span class=\"v1gmail-Apple-converted-space\">\u00a0<\/span><b>Mitre Mining<\/b><span class=\"v1gmail-Apple-converted-space\">\u00a0<\/span>a esta formulaci\u00f3n de cargos, cuando al anunciar la compra de Cerro Bayo el<span class=\"v1gmail-Apple-converted-space\">\u00a0<\/span><b>gerente general de la compa\u00f1\u00eda, Dami\u00e1n Koerber, <\/b><a href=\"https:\/\/litoralpress.cl\/sitio\/Prensa_Texto?LPKey=L5GKULMPOGBQFSFUSZHVHANCB6BILUE5AOGFNXIQ2K6KJ2CU6UMA\" target=\"_blank\" rel=\"noopener noreferrer\">afirm\u00f3<\/a><span class=\"v1gmail-Apple-converted-space\">\u00a0<\/span>que \u00ab<i>en una primera etapa habr\u00e1 muchos estudios de exploraci\u00f3n, para en dos a\u00f1os reiniciar la explotaci\u00f3n de los yacimientos<\/i>\u00ab. Previo a su trabajo en esta empresa, Koerber era<span class=\"v1gmail-Apple-converted-space\">\u00a0<\/span><a href=\"https:\/\/www.linkedin.com\/in\/damien-koerber-0b52198\/?originalSubdomain=cl\" target=\"_blank\" rel=\"noopener noreferrer\">Gerente de Exploraci\u00f3n de Equus Mining Ltda<\/a>.<\/p>\n<\/div><\/section><\/div><div  style='height:50px' class='hr hr-invisible   avia-builder-el-6  el_after_av_one_full  el_before_av_social_share '><span class='hr-inner ' ><span class='hr-inner-style'><\/span><\/span><\/div><\/p>\n<div  class='av-social-sharing-box  avia-builder-el-7  el_after_av_hr  el_before_av_hr  '><div class='av-share-box'><h5 class='av-share-link-description av-no-toc '>Compartir esta noticia<\/h5><ul class='av-share-box-list noLightbox'><li class='av-share-link av-social-link-facebook' ><a target=\"_blank\" aria-label=\"Compartir en Facebook\" href='https:\/\/www.facebook.com\/sharer.php?u=https:\/\/radiorevelacionfm.cl\/?p=41162&#038;t=Las%20dudas%20sobre%20qui%C3%A9n%20pagar%C3%A1%20la%20cuenta%20de%20los%20grav%C3%ADsimos%20incumplimientos%20ambientales%20de%20Minera%20Cerro%20en%20Chile%20Chico' aria-hidden='false' data-av_icon='\ue8f3' data-av_iconfont='entypo-fontello' title='' data-avia-related-tooltip='Compartir en Facebook' rel=\"noopener\"><span class='avia_hidden_link_text'>Compartir en Facebook<\/span><\/a><\/li><li class='av-share-link av-social-link-twitter' ><a target=\"_blank\" aria-label=\"Compartir en Twitter\" href='https:\/\/twitter.com\/share?text=Las%20dudas%20sobre%20qui%C3%A9n%20pagar%C3%A1%20la%20cuenta%20de%20los%20grav%C3%ADsimos%20incumplimientos%20ambientales%20de%20Minera%20Cerro%20en%20Chile%20Chico&#038;url=https:\/\/radiorevelacionfm.cl\/?p=41162' aria-hidden='false' data-av_icon='\ue8f1' data-av_iconfont='entypo-fontello' title='' data-avia-related-tooltip='Compartir en Twitter' rel=\"noopener\"><span class='avia_hidden_link_text'>Compartir en Twitter<\/span><\/a><\/li><li class='av-share-link av-social-link-whatsapp' ><a target=\"_blank\" aria-label=\"Compartir en Whatsapp\" href='https:\/\/api.whatsapp.com\/send?text=https:\/\/radiorevelacionfm.cl\/?p=41162' aria-hidden='false' data-av_icon='\uf232' data-av_iconfont='entypo-fontello' title='' data-avia-related-tooltip='Compartir en Whatsapp' rel=\"noopener\"><span class='avia_hidden_link_text'>Compartir en Whatsapp<\/span><\/a><\/li><li class='av-share-link av-social-link-linkedin' ><a target=\"_blank\" aria-label=\"Compartir en LinkedIn\" href='https:\/\/linkedin.com\/shareArticle?mini=true&#038;title=Las%20dudas%20sobre%20qui%C3%A9n%20pagar%C3%A1%20la%20cuenta%20de%20los%20grav%C3%ADsimos%20incumplimientos%20ambientales%20de%20Minera%20Cerro%20en%20Chile%20Chico&#038;url=https:\/\/radiorevelacionfm.cl\/?p=41162' aria-hidden='false' data-av_icon='\ue8fc' data-av_iconfont='entypo-fontello' title='' data-avia-related-tooltip='Compartir en LinkedIn' rel=\"noopener\"><span class='avia_hidden_link_text'>Compartir en LinkedIn<\/span><\/a><\/li><li class='av-share-link av-social-link-mail' ><a  aria-label=\"Compartir por correo\" href='mailto:?subject=Las%20dudas%20sobre%20qui%C3%A9n%20pagar%C3%A1%20la%20cuenta%20de%20los%20grav%C3%ADsimos%20incumplimientos%20ambientales%20de%20Minera%20Cerro%20en%20Chile%20Chico&#038;body=https:\/\/radiorevelacionfm.cl\/?p=41162' aria-hidden='false' data-av_icon='\ue805' data-av_iconfont='entypo-fontello' title='' data-avia-related-tooltip='Compartir por correo'><span class='avia_hidden_link_text'>Compartir por correo<\/span><\/a><\/li><\/ul><\/div><\/div>\n<div  style='height:50px' class='hr hr-invisible   avia-builder-el-8  el_after_av_social_share  el_before_av_comments_list '><span class='hr-inner ' ><span class='hr-inner-style'><\/span><\/span><\/div>\n<div  class='av-buildercomment  av-blog-meta-html-info-disabled av-blog-meta-tag-disabled  '><\/div>\n","protected":false},"excerpt":{"rendered":"","protected":false},"author":1,"featured_media":8017,"comment_status":"open","ping_status":"open","sticky":false,"template":"","format":"standard","meta":{"footnotes":""},"categories":[39],"tags":[],"class_list":["post-41162","post","type-post","status-publish","format-standard","has-post-thumbnail","hentry","category-medio-ambiente"],"jetpack_featured_media_url":"https:\/\/radiorevelacionfm.cl\/wp-content\/uploads\/2021\/08\/prospecciones-cerro-bayo-1_optimized.jpg","_links":{"self":[{"href":"https:\/\/radiorevelacionfm.cl\/index.php?rest_route=\/wp\/v2\/posts\/41162","targetHints":{"allow":["GET"]}}],"collection":[{"href":"https:\/\/radiorevelacionfm.cl\/index.php?rest_route=\/wp\/v2\/posts"}],"about":[{"href":"https:\/\/radiorevelacionfm.cl\/index.php?rest_route=\/wp\/v2\/types\/post"}],"author":[{"embeddable":true,"href":"https:\/\/radiorevelacionfm.cl\/index.php?rest_route=\/wp\/v2\/users\/1"}],"replies":[{"embeddable":true,"href":"https:\/\/radiorevelacionfm.cl\/index.php?rest_route=%2Fwp%2Fv2%2Fcomments&post=41162"}],"version-history":[{"count":1,"href":"https:\/\/radiorevelacionfm.cl\/index.php?rest_route=\/wp\/v2\/posts\/41162\/revisions"}],"predecessor-version":[{"id":41165,"href":"https:\/\/radiorevelacionfm.cl\/index.php?rest_route=\/wp\/v2\/posts\/41162\/revisions\/41165"}],"wp:featuredmedia":[{"embeddable":true,"href":"https:\/\/radiorevelacionfm.cl\/index.php?rest_route=\/wp\/v2\/media\/8017"}],"wp:attachment":[{"href":"https:\/\/radiorevelacionfm.cl\/index.php?rest_route=%2Fwp%2Fv2%2Fmedia&parent=41162"}],"wp:term":[{"taxonomy":"category","embeddable":true,"href":"https:\/\/radiorevelacionfm.cl\/index.php?rest_route=%2Fwp%2Fv2%2Fcategories&post=41162"},{"taxonomy":"post_tag","embeddable":true,"href":"https:\/\/radiorevelacionfm.cl\/index.php?rest_route=%2Fwp%2Fv2%2Ftags&post=41162"}],"curies":[{"name":"wp","href":"https:\/\/api.w.org\/{rel}","templated":true}]}}