{"id":41159,"date":"2024-04-10T11:15:17","date_gmt":"2024-04-10T14:15:17","guid":{"rendered":"https:\/\/radiorevelacionfm.cl\/?p=41159"},"modified":"2024-04-10T11:15:17","modified_gmt":"2024-04-10T14:15:17","slug":"gran-termino-de-la-temporada-futbolera-amateur-2023-24","status":"publish","type":"post","link":"https:\/\/radiorevelacionfm.cl\/?p=41159","title":{"rendered":"Gran t\u00e9rmino de la temporada futbolera amateur 2023-24"},"content":{"rendered":"<div class=\"flex_column av_one_full  flex_column_div av-zero-column-padding first  avia-builder-el-0  el_before_av_one_full  avia-builder-el-first  \" style='border-radius:0px; '><div  class='avia-image-container  av-styling-    avia-builder-el-1  avia-builder-el-no-sibling  avia-align-center '  itemprop=\"image\" itemscope=\"itemscope\" itemtype=\"https:\/\/schema.org\/ImageObject\"  ><div class='avia-image-container-inner'><div class='avia-image-overlay-wrap'><img decoding=\"async\" class='wp-image-41160 avia-img-lazy-loading-not-41160 avia_image' src=\"https:\/\/radiorevelacionfm.cl\/wp-content\/uploads\/2024\/04\/campeonas-serie-damas-1_optimized.jpg\" alt='' title='campeonas-serie-damas-(1)_optimized' height=\"600\" width=\"900\"  itemprop=\"thumbnailUrl\" srcset=\"https:\/\/radiorevelacionfm.cl\/wp-content\/uploads\/2024\/04\/campeonas-serie-damas-1_optimized.jpg 900w, https:\/\/radiorevelacionfm.cl\/wp-content\/uploads\/2024\/04\/campeonas-serie-damas-1_optimized-300x200.jpg 300w, https:\/\/radiorevelacionfm.cl\/wp-content\/uploads\/2024\/04\/campeonas-serie-damas-1_optimized-768x512.jpg 768w, https:\/\/radiorevelacionfm.cl\/wp-content\/uploads\/2024\/04\/campeonas-serie-damas-1_optimized-705x470.jpg 705w, https:\/\/radiorevelacionfm.cl\/wp-content\/uploads\/2024\/04\/campeonas-serie-damas-1_optimized-450x300.jpg 450w, https:\/\/radiorevelacionfm.cl\/wp-content\/uploads\/2024\/04\/campeonas-serie-damas-1_optimized-600x400.jpg 600w\" sizes=\"(max-width: 900px) 100vw, 900px\" \/><\/div><\/div><\/div><\/div><div class=\"flex_column av_one_full  flex_column_div av-zero-column-padding first  avia-builder-el-2  el_after_av_one_full  el_before_av_one_full  column-top-margin\" style='border-radius:0px; '><section class=\"av_textblock_section \"  itemscope=\"itemscope\" itemtype=\"https:\/\/schema.org\/BlogPosting\" itemprop=\"blogPost\" ><div class='avia_textblock  '   itemprop=\"text\" ><p style=\"text-align: center;\"><strong><span style=\"font-size: 18pt;\">Gran t\u00e9rmino de la temporada futbolera amateur 2023-24<\/span><\/strong><\/p>\n<div id=\"gtx-trans\" style=\"position: absolute; left: -50px; top: 4.31534px;\">\n<div class=\"gtx-trans-icon\"><\/div>\n<\/div>\n<\/div><\/section><\/div><div class=\"flex_column av_one_full  flex_column_div av-zero-column-padding first  avia-builder-el-4  el_after_av_one_full  el_before_av_hr  column-top-margin\" style='border-radius:0px; '><section class=\"av_textblock_section \"  itemscope=\"itemscope\" itemtype=\"https:\/\/schema.org\/BlogPosting\" itemprop=\"blogPost\" ><div class='avia_textblock  '   itemprop=\"text\" ><p style=\"text-align: justify;\"><em>Las 7 categor\u00edas de los torneos realizados por ANFA de Coyhaique fueron premiadas en el estadio Municipal con la presencia de autoridades comunales y regionales.<\/em><\/p>\n<p style=\"text-align: justify;\">En una jornada con en la cual se definieron quienes ser\u00e1n los equipos que representar\u00e1n a Coyhaique en las regionales y con una infartante final en la serie infantil, se termin\u00f3 con la ceremonia de premiaci\u00f3n de las distintas series; infantil, juvenil, senior, s\u00faper-senior, m\u00e1ster, reservas, damas y honor.<\/p>\n<p style=\"text-align: justify;\">La premiaci\u00f3n se llev\u00f3 a cabo en el estadio municipal de Coyhaique y cont\u00f3 con la presencia de autoridades como el diputado Miguel \u00c1ngel Calisto, la seremi del deporte Mar\u00eda Eugenia Dur\u00e1n, el alcalde Carlos Gatica, adem\u00e1s de los miembros de la directiva del ANFA.<\/p>\n<p style=\"text-align: justify;\">Los ganadores primeros lugares fueron; en la serie infantil el Club 21 de Mayo, en Juvenil el Club Emilio Millar, en senior, s\u00faper-senior y m\u00e1ster el Club Baquedano, en reservas Arturo Prat, en la categor\u00eda damas gan\u00f3 el Club Independiente y el triunfador del campeonato de honor fue el Club Liga Universitaria.<\/p>\n<p style=\"text-align: justify;\">Los ganadores celebraron con todo, igualmente los segundos y terceros lugares se fueron contentos por el logro conseguido. Los representantes de la directiva tambi\u00e9n se mostraron satisfechos por el trabajo realizado durante los casi 6 meses que dur\u00f3 la temporada.<\/p>\n<p style=\"text-align: justify;\">El tesorero del ANFA, Abraham Figueroa coment\u00f3, \u201cel balance de este a\u00f1o es que nosotros sacamos m\u00e1s de 400 partidos aqu\u00ed en los recintos del Estadio Municipal facilitados por la Corporaci\u00f3n Municipal de Deportes, que aprovechamos de agradecer a su director ejecutivo, don Claudio Mu\u00f1oz\u201d.<\/p>\n<p style=\"text-align: justify;\">El directivo igualmente hizo hincapi\u00e9 en el gran momento que est\u00e1n pasando los equipos y\u00a0 las selecciones que representan a la ciudad, \u201cnuestras series y arrasaron a nivel regional, nosotros estuvimos en nacionales de dama y de honor. Este a\u00f1o tenemos eliminatorias en senior y sub-13, que son de nuestras selecciones, se est\u00e1n preparando de buena manera\u201d.<\/p>\n<p style=\"text-align: justify;\">El alcalde de Coyhaique, Carlos Gatica, destaca la gran gesti\u00f3n realizada por la ANFA, \u201cfelicitar a la asociaci\u00f3n, porque se ha visto un desarrollo y una mejora continua de todos los campeonatos que se han realizado, para nosotros es importante seguir fortaleciendo los lazos que tenemos hoy d\u00eda con la ellos. Pero, adem\u00e1s tambi\u00e9n vamos fortaleciendo con otros proyectos y complementando la actividad f\u00edsica dentro del estadio\u201d.<\/p>\n<p style=\"text-align: justify;\">El edil igualmente se refiri\u00f3 al avance de proyectos de mejoramiento del estadio, como la instalaci\u00f3n de otros camarines para la cancha dos, ba\u00f1os para el p\u00fablico, adem\u00e1s de cuatro c\u00e1maras de seguridad y nuevas mejoras en la iluminaci\u00f3n, esto adicional al avance anterior que se hizo de las luces y el cierre del per\u00edmetro del recinto deportivo.<\/p>\n<\/div><\/section><\/div><div  style='height:50px' class='hr hr-invisible   avia-builder-el-6  el_after_av_one_full  el_before_av_social_share '><span class='hr-inner ' ><span class='hr-inner-style'><\/span><\/span><\/div><\/p>\n<div  class='av-social-sharing-box  avia-builder-el-7  el_after_av_hr  el_before_av_hr  '><div class='av-share-box'><h5 class='av-share-link-description av-no-toc '>Compartir esta noticia<\/h5><ul class='av-share-box-list noLightbox'><li class='av-share-link av-social-link-facebook' ><a target=\"_blank\" aria-label=\"Compartir en Facebook\" href='https:\/\/www.facebook.com\/sharer.php?u=https:\/\/radiorevelacionfm.cl\/?p=41159&#038;t=Gran%20t%C3%A9rmino%20de%20la%20temporada%20futbolera%20amateur%202023-24' aria-hidden='false' data-av_icon='\ue8f3' data-av_iconfont='entypo-fontello' title='' data-avia-related-tooltip='Compartir en Facebook' rel=\"noopener\"><span class='avia_hidden_link_text'>Compartir en Facebook<\/span><\/a><\/li><li class='av-share-link av-social-link-twitter' ><a target=\"_blank\" aria-label=\"Compartir en Twitter\" href='https:\/\/twitter.com\/share?text=Gran%20t%C3%A9rmino%20de%20la%20temporada%20futbolera%20amateur%202023-24&#038;url=https:\/\/radiorevelacionfm.cl\/?p=41159' aria-hidden='false' data-av_icon='\ue8f1' data-av_iconfont='entypo-fontello' title='' data-avia-related-tooltip='Compartir en Twitter' rel=\"noopener\"><span class='avia_hidden_link_text'>Compartir en Twitter<\/span><\/a><\/li><li class='av-share-link av-social-link-whatsapp' ><a target=\"_blank\" aria-label=\"Compartir en Whatsapp\" href='https:\/\/api.whatsapp.com\/send?text=https:\/\/radiorevelacionfm.cl\/?p=41159' aria-hidden='false' data-av_icon='\uf232' data-av_iconfont='entypo-fontello' title='' data-avia-related-tooltip='Compartir en Whatsapp' rel=\"noopener\"><span class='avia_hidden_link_text'>Compartir en Whatsapp<\/span><\/a><\/li><li class='av-share-link av-social-link-linkedin' ><a target=\"_blank\" aria-label=\"Compartir en LinkedIn\" href='https:\/\/linkedin.com\/shareArticle?mini=true&#038;title=Gran%20t%C3%A9rmino%20de%20la%20temporada%20futbolera%20amateur%202023-24&#038;url=https:\/\/radiorevelacionfm.cl\/?p=41159' aria-hidden='false' data-av_icon='\ue8fc' data-av_iconfont='entypo-fontello' title='' data-avia-related-tooltip='Compartir en LinkedIn' rel=\"noopener\"><span class='avia_hidden_link_text'>Compartir en LinkedIn<\/span><\/a><\/li><li class='av-share-link av-social-link-mail' ><a  aria-label=\"Compartir por correo\" href='mailto:?subject=Gran%20t%C3%A9rmino%20de%20la%20temporada%20futbolera%20amateur%202023-24&#038;body=https:\/\/radiorevelacionfm.cl\/?p=41159' aria-hidden='false' data-av_icon='\ue805' data-av_iconfont='entypo-fontello' title='' data-avia-related-tooltip='Compartir por correo'><span class='avia_hidden_link_text'>Compartir por correo<\/span><\/a><\/li><\/ul><\/div><\/div>\n<div  style='height:50px' class='hr hr-invisible   avia-builder-el-8  el_after_av_social_share  el_before_av_comments_list '><span class='hr-inner ' ><span class='hr-inner-style'><\/span><\/span><\/div>\n<div  class='av-buildercomment  av-blog-meta-html-info-disabled av-blog-meta-tag-disabled  '><\/div>\n","protected":false},"excerpt":{"rendered":"","protected":false},"author":1,"featured_media":41160,"comment_status":"open","ping_status":"open","sticky":false,"template":"","format":"standard","meta":{"footnotes":""},"categories":[40],"tags":[],"class_list":["post-41159","post","type-post","status-publish","format-standard","has-post-thumbnail","hentry","category-deportes"],"jetpack_featured_media_url":"https:\/\/radiorevelacionfm.cl\/wp-content\/uploads\/2024\/04\/campeonas-serie-damas-1_optimized.jpg","_links":{"self":[{"href":"https:\/\/radiorevelacionfm.cl\/index.php?rest_route=\/wp\/v2\/posts\/41159","targetHints":{"allow":["GET"]}}],"collection":[{"href":"https:\/\/radiorevelacionfm.cl\/index.php?rest_route=\/wp\/v2\/posts"}],"about":[{"href":"https:\/\/radiorevelacionfm.cl\/index.php?rest_route=\/wp\/v2\/types\/post"}],"author":[{"embeddable":true,"href":"https:\/\/radiorevelacionfm.cl\/index.php?rest_route=\/wp\/v2\/users\/1"}],"replies":[{"embeddable":true,"href":"https:\/\/radiorevelacionfm.cl\/index.php?rest_route=%2Fwp%2Fv2%2Fcomments&post=41159"}],"version-history":[{"count":1,"href":"https:\/\/radiorevelacionfm.cl\/index.php?rest_route=\/wp\/v2\/posts\/41159\/revisions"}],"predecessor-version":[{"id":41161,"href":"https:\/\/radiorevelacionfm.cl\/index.php?rest_route=\/wp\/v2\/posts\/41159\/revisions\/41161"}],"wp:featuredmedia":[{"embeddable":true,"href":"https:\/\/radiorevelacionfm.cl\/index.php?rest_route=\/wp\/v2\/media\/41160"}],"wp:attachment":[{"href":"https:\/\/radiorevelacionfm.cl\/index.php?rest_route=%2Fwp%2Fv2%2Fmedia&parent=41159"}],"wp:term":[{"taxonomy":"category","embeddable":true,"href":"https:\/\/radiorevelacionfm.cl\/index.php?rest_route=%2Fwp%2Fv2%2Fcategories&post=41159"},{"taxonomy":"post_tag","embeddable":true,"href":"https:\/\/radiorevelacionfm.cl\/index.php?rest_route=%2Fwp%2Fv2%2Ftags&post=41159"}],"curies":[{"name":"wp","href":"https:\/\/api.w.org\/{rel}","templated":true}]}}