{"id":41155,"date":"2024-04-10T18:51:11","date_gmt":"2024-04-10T21:51:11","guid":{"rendered":"https:\/\/radiorevelacionfm.cl\/?p=41155"},"modified":"2024-04-10T18:51:11","modified_gmt":"2024-04-10T21:51:11","slug":"ide-aysen-el-novedoso-ecosistema-de-informacion-geoespacial-que-lidera-el-gobierno-regional","status":"publish","type":"post","link":"https:\/\/radiorevelacionfm.cl\/?p=41155","title":{"rendered":"IDE Ays\u00e9n: El novedoso ecosistema de informaci\u00f3n geoespacial que lidera el Gobierno Regional"},"content":{"rendered":"<div class=\"flex_column av_one_full  flex_column_div av-zero-column-padding first  avia-builder-el-0  el_before_av_one_full  avia-builder-el-first  \" style='border-radius:0px; '><div  class='avia-image-container  av-styling-    avia-builder-el-1  avia-builder-el-no-sibling  avia-align-center '  itemprop=\"image\" itemscope=\"itemscope\" itemtype=\"https:\/\/schema.org\/ImageObject\"  ><div class='avia-image-container-inner'><div class='avia-image-overlay-wrap'><img decoding=\"async\" class='wp-image-41156 avia-img-lazy-loading-not-41156 avia_image' src=\"https:\/\/radiorevelacionfm.cl\/wp-content\/uploads\/2024\/04\/WhatsApp-Image-2024-04-09-at-10.20.01-1-1.jpeg\" alt='' title='WhatsApp Image 2024-04-09 at 10.20.01 (1) (1)' height=\"600\" width=\"1067\"  itemprop=\"thumbnailUrl\" srcset=\"https:\/\/radiorevelacionfm.cl\/wp-content\/uploads\/2024\/04\/WhatsApp-Image-2024-04-09-at-10.20.01-1-1.jpeg 1067w, https:\/\/radiorevelacionfm.cl\/wp-content\/uploads\/2024\/04\/WhatsApp-Image-2024-04-09-at-10.20.01-1-1-300x169.jpeg 300w, https:\/\/radiorevelacionfm.cl\/wp-content\/uploads\/2024\/04\/WhatsApp-Image-2024-04-09-at-10.20.01-1-1-1030x579.jpeg 1030w, https:\/\/radiorevelacionfm.cl\/wp-content\/uploads\/2024\/04\/WhatsApp-Image-2024-04-09-at-10.20.01-1-1-768x432.jpeg 768w, https:\/\/radiorevelacionfm.cl\/wp-content\/uploads\/2024\/04\/WhatsApp-Image-2024-04-09-at-10.20.01-1-1-705x396.jpeg 705w, https:\/\/radiorevelacionfm.cl\/wp-content\/uploads\/2024\/04\/WhatsApp-Image-2024-04-09-at-10.20.01-1-1-450x253.jpeg 450w, https:\/\/radiorevelacionfm.cl\/wp-content\/uploads\/2024\/04\/WhatsApp-Image-2024-04-09-at-10.20.01-1-1-600x337.jpeg 600w\" sizes=\"(max-width: 1067px) 100vw, 1067px\" \/><\/div><\/div><\/div><\/div><div class=\"flex_column av_one_full  flex_column_div av-zero-column-padding first  avia-builder-el-2  el_after_av_one_full  el_before_av_one_full  column-top-margin\" style='border-radius:0px; '><section class=\"av_textblock_section \"  itemscope=\"itemscope\" itemtype=\"https:\/\/schema.org\/BlogPosting\" itemprop=\"blogPost\" ><div class='avia_textblock  '   itemprop=\"text\" ><p style=\"text-align: center;\"><strong><span style=\"font-size: 18pt;\">IDE Ays\u00e9n: El novedoso ecosistema de informaci\u00f3n geoespacial que lidera el Gobierno Regional<\/span><\/strong><\/p>\n<div id=\"gtx-trans\" style=\"position: absolute; left: -50px; top: 4.31534px;\">\n<div class=\"gtx-trans-icon\"><\/div>\n<\/div>\n<\/div><\/section><\/div><div class=\"flex_column av_one_full  flex_column_div av-zero-column-padding first  avia-builder-el-4  el_after_av_one_full  el_before_av_hr  column-top-margin\" style='border-radius:0px; '><section class=\"av_textblock_section \"  itemscope=\"itemscope\" itemtype=\"https:\/\/schema.org\/BlogPosting\" itemprop=\"blogPost\" ><div class='avia_textblock  '   itemprop=\"text\" ><p dir=\"ltr\" style=\"text-align: justify;\">Este martes se llev\u00f3 a cabo el lanzamiento de la Mesa Regional de la Infraestructura de Datos Geoespaciales (IDE) Ays\u00e9n, instancia que coordina el Gobierno Regional y que gestiona informaci\u00f3n para la toma de decisiones en diversas materias como inversiones y de pol\u00edtica p\u00fablica.<\/p>\n<p dir=\"ltr\" style=\"text-align: justify;\">Se trata de un consorcio entre Informaci\u00f3n, Tecnolog\u00edas y Pol\u00edticas Institucionales que aseguren la adecuada gesti\u00f3n de los datos, su explotaci\u00f3n y uso en los procesos de toma de decisi\u00f3n de autoridades y ciudadanos. En resumen, una oportunidad de gestionar informaci\u00f3n georreferenciada a trav\u00e9s, entre otros, de la herramienta geonodo del Gobierno Regional.<\/p>\n<p dir=\"ltr\" style=\"text-align: justify;\">La Gobernadora Andrea Mac\u00edas afirm\u00f3 que \u00abla informaci\u00f3n que el IDE contiene no solo sirve para la ejecuci\u00f3n de la pol\u00edtica p\u00fablica, sino que tambi\u00e9n sirve para la acci\u00f3n privada, el poder definir qu\u00e9 tipo de territorios somos,, cu\u00e1les son las deficiencias que existen, pero tambi\u00e9n cu\u00e1les son las oportunidades. Es informaci\u00f3n que no s\u00f3lo resulta relevante para el sector p\u00fablico sino tambi\u00e9n para el sector privado, sobre todo en aquellas materias que tienen que ver con atracci\u00f3n de inversiones\u00bb.<\/p>\n<p dir=\"ltr\" style=\"text-align: justify;\">A su vez, la Secretaria Ejecutiva de IDE Chile, Sof\u00eda Nilo, valor\u00f3 el trabajo que han desarrollado los Gobiernos Regionales para la puesta en marcha de las nuevas tecnolog\u00edas que se est\u00e1n aplicando en este sistema. Adem\u00e1s se refiri\u00f3 a los diferentes usos que se le pueden dar a las herramientas que componen este sistema.<\/p>\n<p dir=\"ltr\" style=\"text-align: justify;\">\u00abHay diferentes condiciones de trabajo por diferentes situaciones, pero con la mayor\u00eda de los Gobiernos Regionales llevamos un trabajo bastante activo y positivo. Debo reconocer donde mejor trabajo y donde m\u00e1s activos los tenemos son en las zonas extremas, en el norte y ac\u00e1 en la Patagonia y para nosotros cada regi\u00f3n tiene su foco respecto de para qu\u00e9 son estos datos y en que se van a utilizar. En el caso de la regi\u00f3n de Ays\u00e9n est\u00e1 muy pensado en el turismo, en el desarrollo de inversiones en la regi\u00f3n. En otros casos, en el norte por ejemplo, es la miner\u00eda, el desarrollo de temas como la seguridad\u00bb, afirm\u00f3.<\/p>\n<p dir=\"ltr\" style=\"text-align: justify;\">Finalmente, la seremi de Bienes Nacionales, Irina Morend, quien integra la Mesa Regional, detall\u00f3 que \u00aben las regiones se ha otorgado la coordinaci\u00f3n del IDE a los Gobiernos Regionales. Ah\u00ed es donde trabajamos en conjunto entre el equipo IDE Chile, se coordina con el Gobierno Regional para hacer la gesti\u00f3n que significa recoger informaci\u00f3n, trabajarla y devolverla para la toma de decisiones pol\u00edticas, institucionales, t\u00e9cnicas, de la ciudadan\u00eda, de los municipios y de los distintos actores\u00bb.<\/p>\n<p dir=\"ltr\" style=\"text-align: justify;\">La Gobernadora Andrea Mac\u00edas concluy\u00f3 asegurando que el IDE Ays\u00e9n representa un interesante desaf\u00edo para el territorio, ya que si bien a nivel nacional, en los servicios centralizados, existe una base de informaci\u00f3n disponible, pero a nivel regional existe una falencia de informaci\u00f3n, por lo tanto \u00abel desaf\u00edo es c\u00f3mo sumamos a los distintos servicios del gobierno nacional, a nosotros como gobierno regional y los gobiernos locales, c\u00f3mo logramos articular para poder proveer de toda la informaci\u00f3n necesaria que nos permita mirar a nuestra regi\u00f3n desde esta infraestructura de datos\u00bb, concluy\u00f3.<\/p>\n<\/div><\/section><\/div><div  style='height:50px' class='hr hr-invisible   avia-builder-el-6  el_after_av_one_full  el_before_av_social_share '><span class='hr-inner ' ><span class='hr-inner-style'><\/span><\/span><\/div><\/p>\n<div  class='av-social-sharing-box  avia-builder-el-7  el_after_av_hr  el_before_av_hr  '><div class='av-share-box'><h5 class='av-share-link-description av-no-toc '>Compartir esta noticia<\/h5><ul class='av-share-box-list noLightbox'><li class='av-share-link av-social-link-facebook' ><a target=\"_blank\" aria-label=\"Compartir en Facebook\" href='https:\/\/www.facebook.com\/sharer.php?u=https:\/\/radiorevelacionfm.cl\/?p=41155&#038;t=IDE%20Ays%C3%A9n%3A%20El%20novedoso%20ecosistema%20de%20informaci%C3%B3n%20geoespacial%20que%20lidera%20el%20Gobierno%20Regional' aria-hidden='false' data-av_icon='\ue8f3' data-av_iconfont='entypo-fontello' title='' data-avia-related-tooltip='Compartir en Facebook' rel=\"noopener\"><span class='avia_hidden_link_text'>Compartir en Facebook<\/span><\/a><\/li><li class='av-share-link av-social-link-twitter' ><a target=\"_blank\" aria-label=\"Compartir en Twitter\" href='https:\/\/twitter.com\/share?text=IDE%20Ays%C3%A9n%3A%20El%20novedoso%20ecosistema%20de%20informaci%C3%B3n%20geoespacial%20que%20lidera%20el%20Gobierno%20Regional&#038;url=https:\/\/radiorevelacionfm.cl\/?p=41155' aria-hidden='false' data-av_icon='\ue8f1' data-av_iconfont='entypo-fontello' title='' data-avia-related-tooltip='Compartir en Twitter' rel=\"noopener\"><span class='avia_hidden_link_text'>Compartir en Twitter<\/span><\/a><\/li><li class='av-share-link av-social-link-whatsapp' ><a target=\"_blank\" aria-label=\"Compartir en Whatsapp\" href='https:\/\/api.whatsapp.com\/send?text=https:\/\/radiorevelacionfm.cl\/?p=41155' aria-hidden='false' data-av_icon='\uf232' data-av_iconfont='entypo-fontello' title='' data-avia-related-tooltip='Compartir en Whatsapp' rel=\"noopener\"><span class='avia_hidden_link_text'>Compartir en Whatsapp<\/span><\/a><\/li><li class='av-share-link av-social-link-linkedin' ><a target=\"_blank\" aria-label=\"Compartir en LinkedIn\" href='https:\/\/linkedin.com\/shareArticle?mini=true&#038;title=IDE%20Ays%C3%A9n%3A%20El%20novedoso%20ecosistema%20de%20informaci%C3%B3n%20geoespacial%20que%20lidera%20el%20Gobierno%20Regional&#038;url=https:\/\/radiorevelacionfm.cl\/?p=41155' aria-hidden='false' data-av_icon='\ue8fc' data-av_iconfont='entypo-fontello' title='' data-avia-related-tooltip='Compartir en LinkedIn' rel=\"noopener\"><span class='avia_hidden_link_text'>Compartir en LinkedIn<\/span><\/a><\/li><li class='av-share-link av-social-link-mail' ><a  aria-label=\"Compartir por correo\" href='mailto:?subject=IDE%20Ays%C3%A9n%3A%20El%20novedoso%20ecosistema%20de%20informaci%C3%B3n%20geoespacial%20que%20lidera%20el%20Gobierno%20Regional&#038;body=https:\/\/radiorevelacionfm.cl\/?p=41155' aria-hidden='false' data-av_icon='\ue805' data-av_iconfont='entypo-fontello' title='' data-avia-related-tooltip='Compartir por correo'><span class='avia_hidden_link_text'>Compartir por correo<\/span><\/a><\/li><\/ul><\/div><\/div>\n<div  style='height:50px' class='hr hr-invisible   avia-builder-el-8  el_after_av_social_share  el_before_av_comments_list '><span class='hr-inner ' ><span class='hr-inner-style'><\/span><\/span><\/div>\n<div  class='av-buildercomment  av-blog-meta-html-info-disabled av-blog-meta-tag-disabled  '><\/div>\n","protected":false},"excerpt":{"rendered":"","protected":false},"author":1,"featured_media":41156,"comment_status":"open","ping_status":"open","sticky":false,"template":"","format":"standard","meta":{"footnotes":""},"categories":[38],"tags":[],"class_list":["post-41155","post","type-post","status-publish","format-standard","has-post-thumbnail","hentry","category-regional"],"jetpack_featured_media_url":"https:\/\/radiorevelacionfm.cl\/wp-content\/uploads\/2024\/04\/WhatsApp-Image-2024-04-09-at-10.20.01-1-1.jpeg","_links":{"self":[{"href":"https:\/\/radiorevelacionfm.cl\/index.php?rest_route=\/wp\/v2\/posts\/41155","targetHints":{"allow":["GET"]}}],"collection":[{"href":"https:\/\/radiorevelacionfm.cl\/index.php?rest_route=\/wp\/v2\/posts"}],"about":[{"href":"https:\/\/radiorevelacionfm.cl\/index.php?rest_route=\/wp\/v2\/types\/post"}],"author":[{"embeddable":true,"href":"https:\/\/radiorevelacionfm.cl\/index.php?rest_route=\/wp\/v2\/users\/1"}],"replies":[{"embeddable":true,"href":"https:\/\/radiorevelacionfm.cl\/index.php?rest_route=%2Fwp%2Fv2%2Fcomments&post=41155"}],"version-history":[{"count":1,"href":"https:\/\/radiorevelacionfm.cl\/index.php?rest_route=\/wp\/v2\/posts\/41155\/revisions"}],"predecessor-version":[{"id":41157,"href":"https:\/\/radiorevelacionfm.cl\/index.php?rest_route=\/wp\/v2\/posts\/41155\/revisions\/41157"}],"wp:featuredmedia":[{"embeddable":true,"href":"https:\/\/radiorevelacionfm.cl\/index.php?rest_route=\/wp\/v2\/media\/41156"}],"wp:attachment":[{"href":"https:\/\/radiorevelacionfm.cl\/index.php?rest_route=%2Fwp%2Fv2%2Fmedia&parent=41155"}],"wp:term":[{"taxonomy":"category","embeddable":true,"href":"https:\/\/radiorevelacionfm.cl\/index.php?rest_route=%2Fwp%2Fv2%2Fcategories&post=41155"},{"taxonomy":"post_tag","embeddable":true,"href":"https:\/\/radiorevelacionfm.cl\/index.php?rest_route=%2Fwp%2Fv2%2Ftags&post=41155"}],"curies":[{"name":"wp","href":"https:\/\/api.w.org\/{rel}","templated":true}]}}